{"id":424773,"date":"2022-02-22T14:53:38","date_gmt":"2022-02-22T17:53:38","guid":{"rendered":"https:\/\/revistapesquisa.fapesp.br\/?p=424773"},"modified":"2022-02-23T14:43:26","modified_gmt":"2022-02-23T17:43:26","slug":"cientificos-brasilenos-rechazan-un-reconocimiento-nacional","status":"publish","type":"post","link":"https:\/\/revistapesquisa.fapesp.br\/es\/cientificos-brasilenos-rechazan-un-reconocimiento-nacional\/","title":{"rendered":"Cient\u00edficos brasile\u00f1os rechazan un reconocimiento nacional"},"content":{"rendered":"<p>En una carta abierta divulgada el 6 de noviembre, 21 cient\u00edficos que iban a ser condecorados este a\u00f1o con la Orden Nacional del M\u00e9rito Cient\u00edfico (ONMC), renunciaron a ese galard\u00f3n, concedido por el gobierno federal brasile\u00f1o a personalidades que se han destacado por sus contribuciones a la ciencia, tecnolog\u00eda e innovaci\u00f3n en el pa\u00eds. La decisi\u00f3n fue dada a conocer despu\u00e9s de que el presidente Jair Bolsonaro anulara el d\u00eda 5, sin justificaci\u00f3n, la admisi\u00f3n en la clase comendador de los m\u00e9dicos de Marcus Vin\u00edcius Lacerda, de la Fundaci\u00f3n de Medicina Tropical, coordinador de un estudio que demostr\u00f3 la ineficacia de la cloroquina contra el covid-19, y de Adele Schwartz Benzaken, de la Fundaci\u00f3n Oswaldo Cruz (Fiocruz), quien estudia las enfermedades de transmisi\u00f3n sexual y fue exonerada en 2019 de su cargo en el Ministerio de Salud, supuestamente a causa de la publicaci\u00f3n de una gu\u00eda de prevenci\u00f3n de estas enfermedades para hombres transg\u00e9nero. Lacerda y Benzaken hab\u00edan sido nominados para recibir la condecoraci\u00f3n mediante un decreto publicado el 4 de noviembre firmado por el presidente. El 5, la Academia Brasile\u00f1a de Ciencias (ABC), que participa en la evaluaci\u00f3n del m\u00e9rito de los candidatos a la condecoraci\u00f3n, emiti\u00f3 un comunicado expresando su indignaci\u00f3n. \u201cEste acto, in\u00e9dito en el pa\u00eds y propio de los reg\u00edmenes autoritarios, constituye otro ataque a la ciencia, a la innovaci\u00f3n y a la inteligencia nacional\u201d, sostiene el texto. En la carta abierta del d\u00eda 6, los 21 agraciados que rechazaron la condecoraci\u00f3n expresaron su repudio por la exclusi\u00f3n arbitraria de sus dos colegas. El 10 de noviembre, en otra carta abierta, m\u00e1s de 200 investigadores y personalidades que integran la ONMC salieron en defensa de Lacerda y Benzaken, calificando al expurgo como \u201cel \u00e1pice de un proceso de desvalorizaci\u00f3n y negacionismo en relaci\u00f3n con la ciencia\u201d.<\/p>\n","protected":false},"excerpt":{"rendered":"Cient\u00edficos brasile\u00f1os rechazan un reconocimiento nacional","protected":false},"author":476,"featured_media":0,"comment_status":"closed","ping_status":"closed","sticky":false,"template":"","format":"standard","meta":{"_acf_changed":false,"_exactmetrics_skip_tracking":false,"_exactmetrics_sitenote_active":false,"_exactmetrics_sitenote_note":"","_exactmetrics_sitenote_category":0,"footnotes":""},"categories":[1670],"tags":[298],"coauthors":[786],"class_list":["post-424773","post","type-post","status-publish","format-standard","hentry","category-notas-es","tag-epidemiologia-es"],"acf":[],"_links":{"self":[{"href":"https:\/\/revistapesquisa.fapesp.br\/es\/wp-json\/wp\/v2\/posts\/424773","targetHints":{"allow":["GET"]}}],"collection":[{"href":"https:\/\/revistapesquisa.fapesp.br\/es\/wp-json\/wp\/v2\/posts"}],"about":[{"href":"https:\/\/revistapesquisa.fapesp.br\/es\/wp-json\/wp\/v2\/types\/post"}],"author":[{"embeddable":true,"href":"https:\/\/revistapesquisa.fapesp.br\/es\/wp-json\/wp\/v2\/users\/476"}],"replies":[{"embeddable":true,"href":"https:\/\/revistapesquisa.fapesp.br\/es\/wp-json\/wp\/v2\/comments?post=424773"}],"version-history":[{"count":2,"href":"https:\/\/revistapesquisa.fapesp.br\/es\/wp-json\/wp\/v2\/posts\/424773\/revisions"}],"predecessor-version":[{"id":425273,"href":"https:\/\/revistapesquisa.fapesp.br\/es\/wp-json\/wp\/v2\/posts\/424773\/revisions\/425273"}],"wp:attachment":[{"href":"https:\/\/revistapesquisa.fapesp.br\/es\/wp-json\/wp\/v2\/media?parent=424773"}],"wp:term":[{"taxonomy":"category","embeddable":true,"href":"https:\/\/revistapesquisa.fapesp.br\/es\/wp-json\/wp\/v2\/categories?post=424773"},{"taxonomy":"post_tag","embeddable":true,"href":"https:\/\/revistapesquisa.fapesp.br\/es\/wp-json\/wp\/v2\/tags?post=424773"},{"taxonomy":"author","embeddable":true,"href":"https:\/\/revistapesquisa.fapesp.br\/es\/wp-json\/wp\/v2\/coauthors?post=424773"}],"curies":[{"name":"wp","href":"https:\/\/api.w.org\/{rel}","templated":true}]}}