{"id":424791,"date":"2022-02-22T15:23:44","date_gmt":"2022-02-22T18:23:44","guid":{"rendered":"https:\/\/revistapesquisa.fapesp.br\/?p=424791"},"modified":"2022-04-28T13:11:12","modified_gmt":"2022-04-28T16:11:12","slug":"el-rio-colorado-sufrira-una-merma-de-su-caudal-en-el-futuro","status":"publish","type":"post","link":"https:\/\/revistapesquisa.fapesp.br\/es\/el-rio-colorado-sufrira-una-merma-de-su-caudal-en-el-futuro\/","title":{"rendered":"El r\u00edo Colorado sufrir\u00e1 una merma de su caudal en el futuro"},"content":{"rendered":"<p>La disponibilidad de agua para el uso humano y de los ecosistemas se encuentra bajo amenaza en la cuenca del r\u00edo Colorado, en el sudeste de Estados Unidos, una regi\u00f3n que desde la d\u00e9cada de 2000 padece la peor sequ\u00eda de los \u00faltimos 500 a\u00f1os. Aproximadamente la mitad del caudal del r\u00edo, que atraviesa los estados de Colorado, Utah, Wyoming, Nuevo M\u00e9xico y Arizona, proviene del subsuelo; la otra mitad la aportan las precipitaciones. Las aguas subterr\u00e1neas son fundamentales porque alimentan los arroyos y riachuelos que abastecen al r\u00edo y permiten mantener el caudal del Colorado fuera de la temporada de lluvias, del cual hoy en d\u00eda dependen unos 40 millones de personas. Un grupo encabezado por la hidr\u00f3loga Olivia Miller, del Servicio Geol\u00f3gico de Estados Unidos (USGS), recurri\u00f3 a un modelo matem\u00e1tico para intentar anticiparse a lo que podr\u00eda ocurrir en este siglo con las aguas subterr\u00e1neas del Colorado en tres distintos escenarios de cambio clim\u00e1tico. En el mejor de los casos, con m\u00e1s calor y humedad, el volumen de las aguas subterr\u00e1neas podr\u00eda incrementarse un 6 % hasta 2030, pero luego disminuir\u00eda hasta quedar un 3 % por debajo del nivel actual en 2080. En el peor escenario, m\u00e1s c\u00e1lido y seco, las aguas subterr\u00e1neas podr\u00edan ver reducido su caudal un 23 % para 2030 y hasta un 33 % en 2080 (<em>Geophysical Research Letters<\/em>, 25 de octubre).<\/p>\n","protected":false},"excerpt":{"rendered":"La disponibilidad de agua para el uso humano y de los ecosistemas se encuentra bajo amenaza en su cuenca","protected":false},"author":476,"featured_media":424324,"comment_status":"closed","ping_status":"closed","sticky":false,"template":"","format":"standard","meta":{"_acf_changed":false,"_exactmetrics_skip_tracking":false,"_exactmetrics_sitenote_active":false,"_exactmetrics_sitenote_note":"","_exactmetrics_sitenote_category":0,"footnotes":""},"categories":[1670],"tags":[293,269],"coauthors":[786],"class_list":["post-424791","post","type-post","status-publish","format-standard","has-post-thumbnail","hentry","category-notas-es","tag-ecologia-es","tag-ambiente-es"],"acf":[],"_links":{"self":[{"href":"https:\/\/revistapesquisa.fapesp.br\/es\/wp-json\/wp\/v2\/posts\/424791","targetHints":{"allow":["GET"]}}],"collection":[{"href":"https:\/\/revistapesquisa.fapesp.br\/es\/wp-json\/wp\/v2\/posts"}],"about":[{"href":"https:\/\/revistapesquisa.fapesp.br\/es\/wp-json\/wp\/v2\/types\/post"}],"author":[{"embeddable":true,"href":"https:\/\/revistapesquisa.fapesp.br\/es\/wp-json\/wp\/v2\/users\/476"}],"replies":[{"embeddable":true,"href":"https:\/\/revistapesquisa.fapesp.br\/es\/wp-json\/wp\/v2\/comments?post=424791"}],"version-history":[{"count":2,"href":"https:\/\/revistapesquisa.fapesp.br\/es\/wp-json\/wp\/v2\/posts\/424791\/revisions"}],"predecessor-version":[{"id":433867,"href":"https:\/\/revistapesquisa.fapesp.br\/es\/wp-json\/wp\/v2\/posts\/424791\/revisions\/433867"}],"wp:featuredmedia":[{"embeddable":true,"href":"https:\/\/revistapesquisa.fapesp.br\/es\/wp-json\/wp\/v2\/media\/424324"}],"wp:attachment":[{"href":"https:\/\/revistapesquisa.fapesp.br\/es\/wp-json\/wp\/v2\/media?parent=424791"}],"wp:term":[{"taxonomy":"category","embeddable":true,"href":"https:\/\/revistapesquisa.fapesp.br\/es\/wp-json\/wp\/v2\/categories?post=424791"},{"taxonomy":"post_tag","embeddable":true,"href":"https:\/\/revistapesquisa.fapesp.br\/es\/wp-json\/wp\/v2\/tags?post=424791"},{"taxonomy":"author","embeddable":true,"href":"https:\/\/revistapesquisa.fapesp.br\/es\/wp-json\/wp\/v2\/coauthors?post=424791"}],"curies":[{"name":"wp","href":"https:\/\/api.w.org\/{rel}","templated":true}]}}