{"id":429393,"date":"2022-04-22T15:20:50","date_gmt":"2022-04-22T18:20:50","guid":{"rendered":"https:\/\/revistapesquisa.fapesp.br\/?p=429393"},"modified":"2022-04-27T14:52:54","modified_gmt":"2022-04-27T17:52:54","slug":"innovacion-saludable","status":"publish","type":"post","link":"https:\/\/revistapesquisa.fapesp.br\/es\/innovacion-saludable\/","title":{"rendered":"Innovaci\u00f3n saludable"},"content":{"rendered":"<p>El profesor Tiago Ant\u00f4nio de Oliveira Mendes, docente del Departamento de Bioqu\u00edmica y Biolog\u00eda Molecular de la Universidad Federal de Vi\u00e7osa (UFV), trabaja desde 2010 en el desarrollo de sistemas de diagn\u00f3stico y ant\u00edgenos vacunales para\u00a0 combatir enfermedades tales como el dengue, la leishmaniasis, la leptospirosis y la enfermedad de Chagas, adem\u00e1s del covid-19. Por su dedicaci\u00f3n a temas que van desde el desarrollo de biopl\u00e1sticos de celulosa con actividad antimicrobiana hasta la edici\u00f3n de genomas en bacterias, en la \u00faltima edici\u00f3n del premio de la Fundaci\u00f3n Bunge, fue galardonado en la categor\u00eda Juventud, destinada a investigadores de hasta 35 a\u00f1os, que se hayan destacado por su m\u00e9rito cient\u00edfico.<\/p>\n<p>\u201cEste reconocimiento contempla el conjunto de las investigaciones que he realizado en el campo de las ciencias biol\u00f3gicas y de la salud\u201d, explica el cient\u00edfico nacido en Belo Horizonte (Minas Gerais). Al mando del Laboratorio de Biotecnolog\u00eda Molecular de la Universidad Federal de Vi\u00e7osa (UFV) desde hace cinco a\u00f1os, Mendes acumula en su curr\u00edculum 34 dep\u00f3sitos de patentes para la utilizaci\u00f3n de nuevas tecnolog\u00edas desarrolladas en conjunto con su equipo integrado por 25 investigadores. Cinco productos generados a partir de estas nuevas tecnolog\u00edas ya est\u00e1n siendo fabricados por empresas asociadas. Otros ocho proyectos, iniciados en 2021, se encuentran en fase de prueba para la solicitud de nuevas patentes.<\/p>\n<p>Una de estas patentes est\u00e1 relacionada con la creaci\u00f3n de un sistema de filtrado que impide la llegada de bacterias y residuos de antibi\u00f3ticos a la red cloacal. Con el potencial de reducir la contaminaci\u00f3n presente en los residuos hospitalarios, el dispositivo cuenta con una membrana de bajo costo elaborada a partir de pol\u00edmeros celul\u00f3sicos obtenidos de los residuos provenientes de las empresas agr\u00edcolas. En el interior del mecanismo, que funciona como una especie de tuber\u00eda por la que pasan los residuos, una luz ultravioleta destruye el material gen\u00e9tico en aproximadamente 30 minutos. La t\u00e9cnica, comprobada tambi\u00e9n para bacterias tales como <em>Escherichia coli <\/em>y <em>Salmonella thypi<\/em>, se ha mostrado eficiente para la eliminaci\u00f3n de virus como el Sars-CoV-2. \u201cAunque ocurra en menor medida, no podemos ignorar que la contaminaci\u00f3n tambi\u00e9n se produce a trav\u00e9s de las v\u00edas h\u00eddricas\u201d, recuerda Mendes. \u201cHay estudios que han demostrado que el virus causante del covid-19 est\u00e1 presente en las heces de los pacientes, que acaban diseminando el virus a trav\u00e9s de las cloacas de los hospitales\u201d, a\u00f1ade.<\/p>\n<div id=\"attachment_423441\" style=\"max-width: 1150px\" class=\"wp-caption alignright\"><img loading=\"lazy\" decoding=\"async\" class=\"wp-image-423441 size-full\" src=\"https:\/\/revistapesquisa.fapesp.br\/wp-content\/uploads\/2022\/01\/098_Perfil_312-1-1140-2.jpg\" alt=\"\" width=\"1140\" height=\"642\" srcset=\"https:\/\/revistapesquisa.fapesp.br\/wp-content\/uploads\/2022\/01\/098_Perfil_312-1-1140-2.jpg 1140w, https:\/\/revistapesquisa.fapesp.br\/wp-content\/uploads\/2022\/01\/098_Perfil_312-1-1140-2-250x141.jpg 250w, https:\/\/revistapesquisa.fapesp.br\/wp-content\/uploads\/2022\/01\/098_Perfil_312-1-1140-2-700x394.jpg 700w, https:\/\/revistapesquisa.fapesp.br\/wp-content\/uploads\/2022\/01\/098_Perfil_312-1-1140-2-120x68.jpg 120w\" sizes=\"auto, (max-width: 1140px) 100vw, 1140px\" \/><p class=\"wp-caption-text\"><span class=\"media-credits-inline\">UFV \/ Divulgaci\u00f3n<\/span>Desarrollo de un prototipo de test r\u00e1pido para la detecci\u00f3n del covid-19<span class=\"media-credits\">UFV \/ Divulgaci\u00f3n<\/span><\/p><\/div>\n<p>Otro estudio que \u00e9l coordina tiene por objeto revertir la resistencia bacteriana. \u201cInvestigaciones recientes han revelado que el 20 % de las bacterias existentes ya no responden a ning\u00fan tipo de medicamento\u201d, informa Mendes, quien est\u00e1 empe\u00f1ado en lograr que estos microorganismos vuelvan a ser susceptibles al efecto de los antibi\u00f3ticos. El experimento, realizado con la clase de las denominadas enterobacterias, entre ellas <em>Salmonella <\/em>y <em>E. coli<\/em>, se desarrolla a nivel molecular mediante la inyecci\u00f3n de un material capaz de silenciar el gen de resistencia de los bacilos. \u201cPor ahora estamos probando en ratones distintas formas de enviar ese material gen\u00e9tico hasta las bacterias presentes en sus organismos\u201d.<\/p>\n<p>El equipo cient\u00edfico de Mendes es el responsable de la elaboraci\u00f3n de dos sistemas de test serol\u00f3gicos de bajo costo para la detecci\u00f3n del covid-19. Uno de ellos est\u00e1 en proceso de transferencia de tecnolog\u00eda y ser\u00e1 producido, bajo un r\u00e9gimen de cotitularidad, por una empresa de biotecnolog\u00eda de Varginha, en Minas Gerais.<\/p>\n<p>El investigador, que tiene t\u00edtulo de grado en farmacia otorgado por la Universidad Federal de Minas Gerais (UFMG), en 2009, desarroll\u00f3 estudios de maestr\u00eda en parasitolog\u00eda y doctorado en bioinform\u00e1tioca en la misma instituci\u00f3n. \u201cDurante el doctorado, concluido en 2015, trabaj\u00e9 con el an\u00e1lisis de datos en bioinform\u00e1tica, un campo de estudio que utiliza herramientas computacionales para la comprensi\u00f3n de problemas biol\u00f3gicos y de la salud\u201d. Para perfeccionar sus conocimientos en programaci\u00f3n, el a\u00f1o pasado decidi\u00f3 empezar una nueva carrera: ahora es alumno de grado de la carrera de sistemas inform\u00e1ticos en la Pontificia Universidad Cat\u00f3lica de Minas Gerais (PUC-MG).<\/p>\n","protected":false},"excerpt":{"rendered":"Un investigador de Minas Gerais es premiado por sus estudios sobre el diagn\u00f3stico y la prevenci\u00f3n de enfermedades infecciosas","protected":false},"author":678,"featured_media":423437,"comment_status":"closed","ping_status":"closed","sticky":false,"template":"","format":"standard","meta":{"_acf_changed":false,"_exactmetrics_skip_tracking":false,"_exactmetrics_sitenote_active":false,"_exactmetrics_sitenote_note":"","_exactmetrics_sitenote_category":0,"footnotes":""},"categories":[1217],"tags":[278,280,281,298,306,312,329],"coauthors":[2477],"class_list":["post-429393","post","type-post","status-publish","format-standard","has-post-thumbnail","hentry","category-carreiras-es","tag-biologia-es","tag-bioquimica-es","tag-biotecnologia-es","tag-epidemiologia-es","tag-genetica-es","tag-innovacion","tag-salud-publica","keywords-covid-19-es","keywords-sars-cov-2-es"],"acf":[],"_links":{"self":[{"href":"https:\/\/revistapesquisa.fapesp.br\/es\/wp-json\/wp\/v2\/posts\/429393","targetHints":{"allow":["GET"]}}],"collection":[{"href":"https:\/\/revistapesquisa.fapesp.br\/es\/wp-json\/wp\/v2\/posts"}],"about":[{"href":"https:\/\/revistapesquisa.fapesp.br\/es\/wp-json\/wp\/v2\/types\/post"}],"author":[{"embeddable":true,"href":"https:\/\/revistapesquisa.fapesp.br\/es\/wp-json\/wp\/v2\/users\/678"}],"replies":[{"embeddable":true,"href":"https:\/\/revistapesquisa.fapesp.br\/es\/wp-json\/wp\/v2\/comments?post=429393"}],"version-history":[{"count":2,"href":"https:\/\/revistapesquisa.fapesp.br\/es\/wp-json\/wp\/v2\/posts\/429393\/revisions"}],"predecessor-version":[{"id":433392,"href":"https:\/\/revistapesquisa.fapesp.br\/es\/wp-json\/wp\/v2\/posts\/429393\/revisions\/433392"}],"wp:featuredmedia":[{"embeddable":true,"href":"https:\/\/revistapesquisa.fapesp.br\/es\/wp-json\/wp\/v2\/media\/423437"}],"wp:attachment":[{"href":"https:\/\/revistapesquisa.fapesp.br\/es\/wp-json\/wp\/v2\/media?parent=429393"}],"wp:term":[{"taxonomy":"category","embeddable":true,"href":"https:\/\/revistapesquisa.fapesp.br\/es\/wp-json\/wp\/v2\/categories?post=429393"},{"taxonomy":"post_tag","embeddable":true,"href":"https:\/\/revistapesquisa.fapesp.br\/es\/wp-json\/wp\/v2\/tags?post=429393"},{"taxonomy":"author","embeddable":true,"href":"https:\/\/revistapesquisa.fapesp.br\/es\/wp-json\/wp\/v2\/coauthors?post=429393"}],"curies":[{"name":"wp","href":"https:\/\/api.w.org\/{rel}","templated":true}]}}