{"id":441426,"date":"2022-06-20T18:14:35","date_gmt":"2022-06-20T21:14:35","guid":{"rendered":"https:\/\/revistapesquisa.fapesp.br\/?p=441426"},"modified":"2022-06-22T14:45:21","modified_gmt":"2022-06-22T17:45:21","slug":"retos-amazonicos","status":"publish","type":"post","link":"https:\/\/revistapesquisa.fapesp.br\/es\/retos-amazonicos\/","title":{"rendered":"Retos amaz\u00f3nicos"},"content":{"rendered":"<p>Como coordinadora de extensi\u00f3n del Instituto Nacional de Investigaciones de la Amazonia (Inpa) desde 2017, Rita Mesquita, nacida Minas Gerais, se encarga de divulgar los resultados cient\u00edficos de la instituci\u00f3n. Con la llegada de la pandemia, su equipo tuvo que buscar nuevas maneras para poder llevar a cabo sus actividades. \u201cTuvimos que aprender a trabajar m\u00e1s con las redes sociales y YouTube y empezamos a recibir pedidos de escuelas de fuera de Manaos, y hasta de S\u00e3o Paulo, para realizar visitas virtuales al Bosque de la Ciencia\u201d, recuerda, al hacer referencia al espacio dedicado a la educaci\u00f3n y a la divulgaci\u00f3n cient\u00edfica que funciona dentro del Inpa. La prodigalidad de los encuentros virtuales entre investigadores tambi\u00e9n posibilit\u00f3 la creaci\u00f3n de una colecci\u00f3n de entrevistas, ponencias y clases que ha contribuido en la construcci\u00f3n de la memoria de la ciencia en la Amazonia. En el marco del proyecto que coordina sobre las selvas en regeneraci\u00f3n, el trabajo a distancia ha propiciado la creaci\u00f3n de una gran base de datos en colaboraci\u00f3n con m\u00e1s de 20 investigadores de 12 instituciones. \u201cLa posibilidad de trabajar a distancia est\u00e1 cambiando la forma de hacer ciencia\u201d.<\/p>\n<p>Durante sus estudios de grado en biolog\u00eda, en la Universidad Federal de Minas Gerais (UFMG), Mesquita se enter\u00f3 del Proyecto Din\u00e1mica Biol\u00f3gica de Fragmentos Forestales (PDBFF), por entonces reci\u00e9n creado en el Inpa por el ec\u00f3logo estadounidense Thomas Lovejoy (1941-2021), y le envi\u00f3 una carta al ornit\u00f3logo Richard (Rob) Bierregard, mostr\u00e1ndole su inter\u00e9s en la iniciativa. Como respuesta, recibi\u00f3 un pasaje a\u00e9reo que le permiti\u00f3 viajar a Manaos al d\u00eda siguiente de su graduaci\u00f3n, en febrero de 1985. En su segunda noche en el estado de Amazonas, desafi\u00f3 el fr\u00edo envuelta en una toalla de ba\u00f1o, en una hamaca en medio de la selva fr\u00eda y h\u00fameda durante la madrugada.<\/p>\n<p>\u201cSe supon\u00eda que iba a ser una pasant\u00eda de algunos meses, y se convirti\u00f3 en toda una vida\u201d, que resume al referirse a sus \u00faltimos casi 40 a\u00f1os. Fue en el Inpa donde conoci\u00f3 a su marido, el bi\u00f3logo estadounidense Mario Cohn-Haft, quien tambi\u00e9n hab\u00eda viajado a Manaos atra\u00eddo por el proyecto.<\/p>\n<p>La deforestaci\u00f3n rutinaria de la que Mesquita fue testigo, la llev\u00f3 a desviarse de su enfoque en las aves, que hab\u00eda estudiado en su maestr\u00eda. \u201cYa no pod\u00eda seguir dedic\u00e1ndome solo a los p\u00e1jaros\u201d. Entonces comenz\u00f3 a trabajar con los ecosistemas, para contribuir a la pol\u00edtica ambiental. Durante su doctorado en la Universidad de Georgia, en Estados Unidos, la investigadora desarroll\u00f3 ecuaciones que se siguen utilizando hasta ahora para mejorar la m\u00e9trica de las emisiones de los montes degradados.<\/p>\n<p>De regreso en el Inpa, trabaj\u00f3 como consultora en la adaptaci\u00f3n de los criterios ambientales para la certificaci\u00f3n FSC (Forest Stewardship Council) de la selva amaz\u00f3nica, fue coordinadora cient\u00edfica del PDBFF y, en 2004, pas\u00f3 a ser subsecretaria de gesti\u00f3n ambiental de la Secretar\u00eda de Medio Ambiente y Desarrollo Sostenible del Estado de Amazonas. En la funci\u00f3n p\u00fablica, se dedic\u00f3 a la captaci\u00f3n de recursos internacionales para la conservaci\u00f3n y particip\u00f3 en la estructuraci\u00f3n del sistema estadual de \u00e1reas protegidas.<\/p>\n<p>En su recorrido entre la investigaci\u00f3n y la funci\u00f3n p\u00fablica, de 2008 a 2012 Mesquita integr\u00f3 la coordinaci\u00f3n del Jard\u00edn Bot\u00e1nico de Manaos y fue directora t\u00e9cnica del Museo de la Amazonia (Musa), que pertenece al Inpa. Entre 2010 y 2016, cre\u00f3 y dirigi\u00f3 el programa de maestr\u00eda profesional en gesti\u00f3n de \u00e1reas protegidas de la Amazonia.<\/p>\n<p>\u201cCada dos o tres a\u00f1os, cambio de profesi\u00f3n\u201d, bromea. Ahora que ya lleva media d\u00e9cada como responsable del programa de extensi\u00f3n, comienza a sentir la necesidad de un nuevo cambio. De momento, a sus 60 a\u00f1os, Mesquita est\u00e1 interesada en ver de qu\u00e9 manera la ciencia puede contribuir m\u00e1s con las pol\u00edticas p\u00fablicas para la Amazonia y explorar su potencial para unificar la defensa de la selva y de la gente que vive en la regi\u00f3n. \u201cNunca me he aventurado en los negocios, y muy poco en la pol\u00edtica\u201d, dice entusiasmada.<\/p>\n","protected":false},"excerpt":{"rendered":"La ec\u00f3loga Rita Mesquita extendi\u00f3 su mirada sobre las aves a la selva en su conjunto y, adem\u00e1s de investigar, se dedica a la pol\u00edtica ambiental","protected":false},"author":3,"featured_media":441431,"comment_status":"closed","ping_status":"closed","sticky":false,"template":"","format":"standard","meta":{"_acf_changed":false,"_exactmetrics_skip_tracking":false,"_exactmetrics_sitenote_active":false,"_exactmetrics_sitenote_note":"","_exactmetrics_sitenote_category":0,"footnotes":""},"categories":[1217],"tags":[275,278,293,295,269],"coauthors":[1601],"class_list":["post-441426","post","type-post","status-publish","format-standard","has-post-thumbnail","hentry","category-carreiras-es","tag-biodiversidad","tag-biologia-es","tag-ecologia-es","tag-educacion","tag-ambiente-es","keywords-pandemia-es"],"acf":[],"_links":{"self":[{"href":"https:\/\/revistapesquisa.fapesp.br\/es\/wp-json\/wp\/v2\/posts\/441426","targetHints":{"allow":["GET"]}}],"collection":[{"href":"https:\/\/revistapesquisa.fapesp.br\/es\/wp-json\/wp\/v2\/posts"}],"about":[{"href":"https:\/\/revistapesquisa.fapesp.br\/es\/wp-json\/wp\/v2\/types\/post"}],"author":[{"embeddable":true,"href":"https:\/\/revistapesquisa.fapesp.br\/es\/wp-json\/wp\/v2\/users\/3"}],"replies":[{"embeddable":true,"href":"https:\/\/revistapesquisa.fapesp.br\/es\/wp-json\/wp\/v2\/comments?post=441426"}],"version-history":[{"count":2,"href":"https:\/\/revistapesquisa.fapesp.br\/es\/wp-json\/wp\/v2\/posts\/441426\/revisions"}],"predecessor-version":[{"id":441606,"href":"https:\/\/revistapesquisa.fapesp.br\/es\/wp-json\/wp\/v2\/posts\/441426\/revisions\/441606"}],"wp:featuredmedia":[{"embeddable":true,"href":"https:\/\/revistapesquisa.fapesp.br\/es\/wp-json\/wp\/v2\/media\/441431"}],"wp:attachment":[{"href":"https:\/\/revistapesquisa.fapesp.br\/es\/wp-json\/wp\/v2\/media?parent=441426"}],"wp:term":[{"taxonomy":"category","embeddable":true,"href":"https:\/\/revistapesquisa.fapesp.br\/es\/wp-json\/wp\/v2\/categories?post=441426"},{"taxonomy":"post_tag","embeddable":true,"href":"https:\/\/revistapesquisa.fapesp.br\/es\/wp-json\/wp\/v2\/tags?post=441426"},{"taxonomy":"author","embeddable":true,"href":"https:\/\/revistapesquisa.fapesp.br\/es\/wp-json\/wp\/v2\/coauthors?post=441426"}],"curies":[{"name":"wp","href":"https:\/\/api.w.org\/{rel}","templated":true}]}}