{"id":441489,"date":"2022-06-20T18:11:47","date_gmt":"2022-06-20T21:11:47","guid":{"rendered":"https:\/\/revistapesquisa.fapesp.br\/?p=441489"},"modified":"2022-06-20T18:11:47","modified_gmt":"2022-06-20T21:11:47","slug":"cientifico-intelectual-y-disidente","status":"publish","type":"post","link":"https:\/\/revistapesquisa.fapesp.br\/es\/cientifico-intelectual-y-disidente\/","title":{"rendered":"Cient\u00edfico, intelectual  y disidente"},"content":{"rendered":"<div id=\"attachment_441377\" style=\"max-width: 810px\" class=\"wp-caption alignright\"><img loading=\"lazy\" decoding=\"async\" class=\"wp-image-441377 size-full\" src=\"https:\/\/revistapesquisa.fapesp.br\/wp-content\/uploads\/2022\/06\/081-085_mil-e-uma-noites_314-0-800.jpg\" alt=\"\" width=\"800\" height=\"1134\" srcset=\"https:\/\/revistapesquisa.fapesp.br\/wp-content\/uploads\/2022\/06\/081-085_mil-e-uma-noites_314-0-800.jpg 800w, https:\/\/revistapesquisa.fapesp.br\/wp-content\/uploads\/2022\/06\/081-085_mil-e-uma-noites_314-0-800-250x354.jpg 250w, https:\/\/revistapesquisa.fapesp.br\/wp-content\/uploads\/2022\/06\/081-085_mil-e-uma-noites_314-0-800-700x992.jpg 700w, https:\/\/revistapesquisa.fapesp.br\/wp-content\/uploads\/2022\/06\/081-085_mil-e-uma-noites_314-0-800-120x170.jpg 120w\" sizes=\"auto, (max-width: 800px) 100vw, 800px\" \/><p class=\"wp-caption-text\"><span class=\"media-credits-inline\">Luciana Whitaker\u2009\/\u2009Folhapress<\/span>Pinguelli en 2004, en el campus de la UFRJ, donde era profesor del Coppe<span class=\"media-credits\">Luciana Whitaker\u2009\/\u2009Folhapress<\/span><\/p><\/div>\n<p>La capacidad cr\u00edtica, la rigurosidad cient\u00edfica y la independencia de ideas que animaban su compromiso pol\u00edtico son las caracter\u00edsticas principales de la trayectoria del f\u00edsico nuclear Luiz Pinguelli Rosa, quien falleci\u00f3 el jueves 3 de marzo en R\u00edo de Janeiro, a los 80 a\u00f1os. Profesor em\u00e9rito del Instituto de Posgrado e Investigaci\u00f3n en Ingenier\u00eda Alberto Luiz Coimbra de la Universidad Federal de R\u00edo de Janeiro (Coppe\/UFRJ) y expresidente de Eletrobras, hab\u00eda sido hospitalizado a causa de complicaciones derivadas del covid-19. Deja tres hijos y dos nietos.<\/p>\n<p>Fue un cient\u00edfico pionero en la adopci\u00f3n de un abordaje interdisciplinario en los estudios de planificaci\u00f3n energ\u00e9tica. Su desempe\u00f1o profesional es inseparable de su visi\u00f3n sobre los modelos de desarrollo brasile\u00f1os, prestando especial atenci\u00f3n a la superaci\u00f3n de las desigualdades y a la atenuaci\u00f3n de los impactos ambientales generados por el crecimiento econ\u00f3mico.<\/p>\n<p>Hab\u00eda nacido en R\u00edo de Janeiro, donde en 1967 se gradu\u00f3 como f\u00edsico en la UFRJ, tras haber dedicado un breve per\u00edodo de su juventud a la carrera militar, que abandon\u00f3 cuando fue detenido por criticar el golpe de Estado de 1964. Realiz\u00f3 una maestr\u00eda en ingenier\u00eda nuclear tambi\u00e9n en la UFRJ y un doctorado en f\u00edsica en la Pontificia Universidad Cat\u00f3lica de R\u00edo de Janeiro (PUC-RJ).<\/p>\n<p>Sensible a las cuestiones pol\u00edticas y sociales, Pinguelli se enfrent\u00f3 al reto de organizar el sistema el\u00e9ctrico brasile\u00f1o para sostener el crecimiento econ\u00f3mico con el menor impacto posible sobre el medio ambiente, tratando tambi\u00e9n de minimizar los costos de generaci\u00f3n y la transmisi\u00f3n de la energ\u00eda. El f\u00edsico Sergio Rezende, de la Universidad Federal de Pernambuco, comenta que Pinguelli \u201cadvirti\u00f3 tempranamente la importancia de que Brasil cuente con una matriz energ\u00e9tica m\u00e1s diversificada, con la participaci\u00f3n de las energ\u00edas e\u00f3lica, solar y nuclear\u201d. Rezende, quien fue ministro de Ciencia y Tecnolog\u00eda, destaca la importancia de Pinguelli en la coordinaci\u00f3n, durante el per\u00edodo en el que ocup\u00f3 la presidencia de Eletrobras, de estudios y proyectos para la diversificaci\u00f3n de la producci\u00f3n de la energ\u00eda en Brasil en las pr\u00f3ximas d\u00e9cadas e iniciando la expansi\u00f3n de la energ\u00eda e\u00f3lica en el pa\u00eds.<\/p>\n<p>El ingeniero Ildo Sauer, del Instituto de Energ\u00eda y Medio Ambiente de la Universidad de S\u00e3o Paulo (IEE-USP), dice que Pinguelli siempre busc\u00f3 \u201cvalorar la singularidad del sistema brasile\u00f1o, con vastos recursos h\u00eddricos, en detrimento de las centrales termoel\u00e9ctricas, caras y contaminantes, que no garantizan la estabilidad del sistema\u201d.<\/p>\n<p>Sauer, quien en 1980 defendi\u00f3 su maestr\u00eda bajo la direcci\u00f3n de Pinguelli, destaca la importancia de que este haya \u201caplicado la rigurosidad cient\u00edfica en la comprensi\u00f3n del sistema energ\u00e9tico, entendiendo que los avances de la ciencia son fundamentales para el crecimiento econ\u00f3mico y para poder superar los desequilibrios y las asimetr\u00edas de la sociedad brasile\u00f1a\u201d.<\/p>\n<p>A la par que presionaba por la adopci\u00f3n de pol\u00edticas p\u00fablicas con la mira puesta en la autonom\u00eda energ\u00e9tica nacional, Pinguelli sosten\u00eda que el camino por seguirse consist\u00eda en reducir la dependencia externa del pa\u00eds para la obtenci\u00f3n de tecnolog\u00edas de generaci\u00f3n de la energ\u00eda. En este sentido, critic\u00f3 la decisi\u00f3n del r\u00e9gimen militar (1964-1985) de incluir la energ\u00eda nuclear en la matriz energ\u00e9tica de Brasil a trav\u00e9s de la compra de una central terminada a la empresa estadounidense Westinghouse, sin tener acceso a los conocimientos tecnocient\u00edficos necesarios para la fabricaci\u00f3n del reactor. \u00c9l tambi\u00e9n fue una de las voces cr\u00edticas al Acuerdo Nuclear Brasil-Alemania (1975), un programa de transferencia de tecnolog\u00eda entre ambos pa\u00edses que consisti\u00f3 en la \u201cadquisici\u00f3n de reactores nucleares sin la correspondiente evaluaci\u00f3n de la posibilidad de desarrollar una capacidad nacional en ese campo\u201d, define el f\u00edsico Ennio Candotti, actualmente en la Universidad Federal de Amazonas. Adem\u00e1s de poner en duda la eficacia de la transferencia de tecnolog\u00eda convenida en el acuerdo, Pinguelli tambi\u00e9n critic\u00f3 la estipulaci\u00f3n de los costos de las centrales y la tecnolog\u00eda elegida para el enriquecimiento del uranio. \u201cFue una iniciativa de la dictadura sin consultar a la comunidad cient\u00edfica\u201d, a\u00f1ade Rezende. La compra pactada con Westinghouse dio origen a la central nuclear Angra 1, cuya operaci\u00f3n comercial dio comienzo en 1985 en Angra dos Reis, estado de R\u00edo de Janeiro. El convenio con Alemania preve\u00eda la construcci\u00f3n de ocho nuevas usinas, con la incorporaci\u00f3n creciente de tecnolog\u00eda nacional. Pero solamente pudo terminarse Angra 2, que comenz\u00f3 a funcionar en 2001. Angra 3 se est\u00e1 construyendo.<\/p>\n<blockquote><p><em>El f\u00edsico coordin\u00f3 la diversificaci\u00f3n de la producci\u00f3n de la energ\u00eda en Brasil para las pr\u00f3ximas d\u00e9cadas, iniciando as\u00ed la expansi\u00f3n de la energ\u00eda e\u00f3lica<\/em><\/p><\/blockquote>\n<p>A finales del siglo pasado, los avances cient\u00edficos sobre el cambio clim\u00e1tico causado por la emisi\u00f3n de gases de efecto invernadero le sumaron otra dimensi\u00f3n de complejidad a la cuesti\u00f3n del desarrollo econ\u00f3mico brasile\u00f1o. Pinguelli respondi\u00f3 a esto tratando de entender el impacto ambiental y clim\u00e1tico de las diferentes formas de producci\u00f3n de la energ\u00eda. El ingeniero Maur\u00edcio Tolmasquim, del Coppe, cita los estudios del f\u00edsico sobre las emisiones de metano en las centrales hidroel\u00e9ctricas. Pinguelli form\u00f3 parte del Grupo Intergubernamental de Expertos sobre el Cambio Clim\u00e1tico (IPCC) y ocup\u00f3 el cargo de secretario ejecutivo del Foro Brasile\u00f1o sobre el Cambio Clim\u00e1tico, colaborando en la coordinaci\u00f3n de esfuerzos para el desarrollo de fuentes de energ\u00eda renovables.<\/p>\n<p>La interdisciplinariedad, una cuesti\u00f3n fundamental en las ciencias del clima, caracteriz\u00f3 a la labor acad\u00e9mica de Pinguelli, que fue quien cre\u00f3 la divisi\u00f3n de investigaci\u00f3n en planificaci\u00f3n energ\u00e9tica en el Coope, en la que confluyen conocimientos de ingenier\u00eda, de f\u00edsica, de econom\u00eda y de sociolog\u00eda. Sus estudios en planificaci\u00f3n energ\u00e9tica lo llevaron a la presidencia de Eletrobras, cargo que ocup\u00f3 entre enero de 2003 y mayo de 2004. En el Coppe, fue director durante cinco per\u00edodos, entre 1986 y 2015.<\/p>\n<p>Pinguelli tambi\u00e9n fue docente del Programa de Historia de la Ciencias y la T\u00e9cnica y de Epistemolog\u00eda en la UFRJ, y escribi\u00f3 el libro <em>Tecnoci\u00eancias e humanidades<\/em> [Tecnociencias y humanidades] (editorial Paz e Terra, 2005), en dos tomos, que se volvi\u00f3 una referencia en este campo eminentemente transdisciplinario. En esta universidad ayud\u00f3 a que se afianzara, durante la d\u00e9cada de 1990, el Foro de Ciencia y Cultura, que as\u00ed adquiri\u00f3 una mayor influencia y cercan\u00eda con la sociedad, y que actualmente coordina la matem\u00e1tica e historiadora Tatiana Roque.<\/p>\n<p>Roque aclara que, m\u00e1s que en la investigaci\u00f3n, la labor de Pinguelli se centr\u00f3 en la formaci\u00f3n de investigadores, incluida ella misma. Dirigi\u00f3 a decenas de alumnos de maestr\u00eda y doctorado, y fue profesor e investigador visitante en universidades e instituciones de investigaci\u00f3n de Estados Unidos, Francia, Polonia, Italia y Argentina.<\/p>\n<p>Candotti, quien sigui\u00f3 de cerca la carrera de su colega, dice que Pinguelli no se conform\u00f3 con hacer ciencia por el mero hecho de hacer ciencia. \u201cSe dedic\u00f3 a legarle a la f\u00edsica una dimensi\u00f3n mayor, como parte del reto de brindarle al pa\u00eds una capacidad de desarrollo justo, en sinton\u00eda con los derechos humanos\u201d, dice. Para Rezende, el legado de Pinguelli tuvo varias facetas: \u201cM\u00e1s all\u00e1 de haberle brindado muchas contribuciones cient\u00edficas al \u00e1rea de la energ\u00eda, tambi\u00e9n se desempe\u00f1\u00f3 como gestor y l\u00edder del movimiento docente para el fortalecimiento de las universidades p\u00fablicas\u201d.<\/p>\n<p>En las declaraciones de sus colegas, el f\u00edsico aparece como un cient\u00edfico e intelectual muy poco dogm\u00e1tico. \u201cNo aceptaba verdades impuestas, ten\u00eda un esp\u00edritu contestatario\u201d, recuerda Tolmasquim. \u201cAun con toda su experiencia acumulada, escuchaba a la gente y a menudo incorporaba lo que o\u00eda a su pensamiento\u201d, dice Roque. Sauer subraya la fidelidad de Pinguelli a la rigurosidad cient\u00edfica a la par de \u201chaber sido siempre un pensador independiente y cuestionador\u201d. Y Candiotti destaca: \u201cPinguelli era un disidente, un emblema de resistencia que trabaj\u00f3 para crear una universidad mejor en un mundo democr\u00e1tico\u201d.<\/p>\n","protected":false},"excerpt":{"rendered":"El f\u00edsico Luiz Pinguelli Rosa fue uno de los principales formuladores de los proyectos de autonom\u00eda energ\u00e9tica brasile\u00f1a","protected":false},"author":630,"featured_media":0,"comment_status":"closed","ping_status":"closed","sticky":false,"template":"","format":"standard","meta":{"_acf_changed":false,"_exactmetrics_skip_tracking":false,"_exactmetrics_sitenote_active":false,"_exactmetrics_sitenote_note":"","_exactmetrics_sitenote_category":0,"footnotes":""},"categories":[1349],"tags":[296,304],"coauthors":[1647],"class_list":["post-441489","post","type-post","status-publish","format-standard","hentry","category-necrologia","tag-energia-es","tag-fisica-es","keywords-covid-19-es","keywords-sars-cov-2-es"],"acf":[],"_links":{"self":[{"href":"https:\/\/revistapesquisa.fapesp.br\/es\/wp-json\/wp\/v2\/posts\/441489","targetHints":{"allow":["GET"]}}],"collection":[{"href":"https:\/\/revistapesquisa.fapesp.br\/es\/wp-json\/wp\/v2\/posts"}],"about":[{"href":"https:\/\/revistapesquisa.fapesp.br\/es\/wp-json\/wp\/v2\/types\/post"}],"author":[{"embeddable":true,"href":"https:\/\/revistapesquisa.fapesp.br\/es\/wp-json\/wp\/v2\/users\/630"}],"replies":[{"embeddable":true,"href":"https:\/\/revistapesquisa.fapesp.br\/es\/wp-json\/wp\/v2\/comments?post=441489"}],"version-history":[{"count":4,"href":"https:\/\/revistapesquisa.fapesp.br\/es\/wp-json\/wp\/v2\/posts\/441489\/revisions"}],"predecessor-version":[{"id":441497,"href":"https:\/\/revistapesquisa.fapesp.br\/es\/wp-json\/wp\/v2\/posts\/441489\/revisions\/441497"}],"wp:attachment":[{"href":"https:\/\/revistapesquisa.fapesp.br\/es\/wp-json\/wp\/v2\/media?parent=441489"}],"wp:term":[{"taxonomy":"category","embeddable":true,"href":"https:\/\/revistapesquisa.fapesp.br\/es\/wp-json\/wp\/v2\/categories?post=441489"},{"taxonomy":"post_tag","embeddable":true,"href":"https:\/\/revistapesquisa.fapesp.br\/es\/wp-json\/wp\/v2\/tags?post=441489"},{"taxonomy":"author","embeddable":true,"href":"https:\/\/revistapesquisa.fapesp.br\/es\/wp-json\/wp\/v2\/coauthors?post=441489"}],"curies":[{"name":"wp","href":"https:\/\/api.w.org\/{rel}","templated":true}]}}