{"id":449291,"date":"2022-09-09T13:51:14","date_gmt":"2022-09-09T16:51:14","guid":{"rendered":"https:\/\/revistapesquisa.fapesp.br\/?p=449291"},"modified":"2022-09-09T13:51:14","modified_gmt":"2022-09-09T16:51:14","slug":"en-el-pasado-un-bosque-de-araucarias-cubria-sao-paulo","status":"publish","type":"post","link":"https:\/\/revistapesquisa.fapesp.br\/es\/en-el-pasado-un-bosque-de-araucarias-cubria-sao-paulo\/","title":{"rendered":"En el pasado, un bosque de araucarias cubr\u00eda S\u00e3o Paulo"},"content":{"rendered":"<p>Hace entre 180.000 y 135.000 a\u00f1os, el \u00c1rea Metropolitana de S\u00e3o Paulo, as\u00ed como probablemente gran parte del estado hom\u00f3nimo, en Brasil, estuvo cubierta por un vasto bosque de araucarias. Se lleg\u00f3 a esta conclusi\u00f3n tras analizar el polen y las esporas halladas en los sedimentos extra\u00eddos del cr\u00e1ter de Col\u00f4nia, una cavidad de 3,6 kil\u00f3metros de di\u00e1metro que se form\u00f3 en un per\u00edodo comprendido entre 30 y 5 millones de a\u00f1os atr\u00e1s, en lo que actualmente es el distrito de Parelheiros, en la zona sur de la ciudad de S\u00e3o Paulo. En su doctorado realizado en la Universidad de Campinas (Unicamp), la ge\u00f3loga venezolana Adriana Camejo Aviles analiz\u00f3 el material hallado en el cr\u00e1ter, a 14 metros de profundidad. En el trabajo, coordinado por la ge\u00f3loga Fresia Ricardi-Branco, de la Unicamp, y por la paleoec\u00f3loga Marie Pierre Ledru, del Instituto de Investigaci\u00f3n para el Desarrollo (IRD), de Francia, se identific\u00f3 el polen y las esporas correspondientes a 115 especies vegetales: 1 alga, 10 helechos, 45 plantas con flores y 2 con\u00edferas (<em>Grana<\/em>, 6 de enero). Ese material indica que, hace entre 180.000 y 135.000 a\u00f1os, durante la pen\u00faltima glaciaci\u00f3n, el \u00e1rea donde se encuentra el cr\u00e1ter y el municipio de S\u00e3o Paulo \u2013y posiblemente una gran parte del estado\u2013 estuvo cubierta por un tupido bosque de araucarias y otro tipo de con\u00edferas denominadas ma\u00f1\u00edos, del g\u00e9nero <em>Podocarpus<\/em>.<\/p>\n","protected":false},"excerpt":{"rendered":"El \u00c1rea Metropolitana de S\u00e3o Paulo estuvo cubierta por un vasto bosque de araucarias hace entre 180.000 y 135.000 a\u00f1os","protected":false},"author":476,"featured_media":449296,"comment_status":"closed","ping_status":"closed","sticky":false,"template":"","format":"standard","meta":{"_acf_changed":false,"_exactmetrics_skip_tracking":false,"_exactmetrics_sitenote_active":false,"_exactmetrics_sitenote_note":"","_exactmetrics_sitenote_category":0,"footnotes":""},"categories":[1670],"tags":[275,278,282,286,309,324],"coauthors":[786],"class_list":["post-449291","post","type-post","status-publish","format-standard","has-post-thumbnail","hentry","category-notas-es","tag-biodiversidad","tag-biologia-es","tag-botanica-es","tag-clima-es","tag-geologia-es","tag-paleontologia-es"],"acf":[],"_links":{"self":[{"href":"https:\/\/revistapesquisa.fapesp.br\/es\/wp-json\/wp\/v2\/posts\/449291","targetHints":{"allow":["GET"]}}],"collection":[{"href":"https:\/\/revistapesquisa.fapesp.br\/es\/wp-json\/wp\/v2\/posts"}],"about":[{"href":"https:\/\/revistapesquisa.fapesp.br\/es\/wp-json\/wp\/v2\/types\/post"}],"author":[{"embeddable":true,"href":"https:\/\/revistapesquisa.fapesp.br\/es\/wp-json\/wp\/v2\/users\/476"}],"replies":[{"embeddable":true,"href":"https:\/\/revistapesquisa.fapesp.br\/es\/wp-json\/wp\/v2\/comments?post=449291"}],"version-history":[{"count":1,"href":"https:\/\/revistapesquisa.fapesp.br\/es\/wp-json\/wp\/v2\/posts\/449291\/revisions"}],"predecessor-version":[{"id":449300,"href":"https:\/\/revistapesquisa.fapesp.br\/es\/wp-json\/wp\/v2\/posts\/449291\/revisions\/449300"}],"wp:featuredmedia":[{"embeddable":true,"href":"https:\/\/revistapesquisa.fapesp.br\/es\/wp-json\/wp\/v2\/media\/449296"}],"wp:attachment":[{"href":"https:\/\/revistapesquisa.fapesp.br\/es\/wp-json\/wp\/v2\/media?parent=449291"}],"wp:term":[{"taxonomy":"category","embeddable":true,"href":"https:\/\/revistapesquisa.fapesp.br\/es\/wp-json\/wp\/v2\/categories?post=449291"},{"taxonomy":"post_tag","embeddable":true,"href":"https:\/\/revistapesquisa.fapesp.br\/es\/wp-json\/wp\/v2\/tags?post=449291"},{"taxonomy":"author","embeddable":true,"href":"https:\/\/revistapesquisa.fapesp.br\/es\/wp-json\/wp\/v2\/coauthors?post=449291"}],"curies":[{"name":"wp","href":"https:\/\/api.w.org\/{rel}","templated":true}]}}