{"id":452364,"date":"2022-09-23T15:18:06","date_gmt":"2022-09-23T18:18:06","guid":{"rendered":"https:\/\/revistapesquisa.fapesp.br\/?p=452364"},"modified":"2022-09-23T15:18:06","modified_gmt":"2022-09-23T18:18:06","slug":"europa-en-china","status":"publish","type":"post","link":"https:\/\/revistapesquisa.fapesp.br\/es\/europa-en-china\/","title":{"rendered":"Europa en China"},"content":{"rendered":"<p>A primera vista, son piedras desordenadas en medio de la vegetaci\u00f3n. Sin embargo, si se mira con mayor atenci\u00f3n, pueden verse los dibujos tallados en las ruinas que se encuentran detr\u00e1s de las flores de loto, simb\u00f3licas en el budismo. El Antiguo Palacio de Verano de Pek\u00edn o Yu\u00e1nming Yu\u00e1n comenz\u00f3 a construirse durante el reinado del emperador Kangxi, en las primeras dos d\u00e9cadas del siglo XVIIIl, y la obra estuvo a cargo de un conjunto de artistas chinos y europeos. En esa corte trabaj\u00f3 durante 10 a\u00f1os el artista y arquitecto jesuita franc\u00e9s Charles de Belleville (Wei-Kia-Lou), quien durante su viaje de regreso a Francia acab\u00f3 estableci\u00e9ndose en Bah\u00eda (Brasil). Los registros de su estancia aqu\u00ed incluyen el techo de la sacrist\u00eda del seminario de Bel\u00e9m da Cachoeira, en la zona de Rec\u00f4ncavo Bahiano, pintado con referencias chinas adaptadas a Brasil.<\/p>\n<p><em>Imagen enviada por Renata Maria de Almeida Martins, docente de la Facultad de Arquitectura y Urbanismo de la Universidad de S\u00e3o Paulo (FAU-USP), donde coordina un proyecto que estudia los nexos entre las culturas asi\u00e1ticas, europeas e ind\u00edgenas en Brasil<\/em><\/p>\n","protected":false},"excerpt":{"rendered":"Un proyecto que estudia las conexiones entre las culturas asi\u00e1ticas, europeas e ind\u00edgenas en Brasil","protected":false},"author":476,"featured_media":452365,"comment_status":"closed","ping_status":"closed","sticky":false,"template":"","format":"standard","meta":{"_acf_changed":false,"_exactmetrics_skip_tracking":false,"_exactmetrics_sitenote_active":false,"_exactmetrics_sitenote_note":"","_exactmetrics_sitenote_category":0,"footnotes":""},"categories":[186],"tags":[272,310,269],"coauthors":[786],"class_list":["post-452364","post","type-post","status-publish","format-standard","has-post-thumbnail","hentry","category-fotolab-es","tag-arquitectura","tag-historia-es","tag-ambiente-es"],"acf":[],"_links":{"self":[{"href":"https:\/\/revistapesquisa.fapesp.br\/es\/wp-json\/wp\/v2\/posts\/452364","targetHints":{"allow":["GET"]}}],"collection":[{"href":"https:\/\/revistapesquisa.fapesp.br\/es\/wp-json\/wp\/v2\/posts"}],"about":[{"href":"https:\/\/revistapesquisa.fapesp.br\/es\/wp-json\/wp\/v2\/types\/post"}],"author":[{"embeddable":true,"href":"https:\/\/revistapesquisa.fapesp.br\/es\/wp-json\/wp\/v2\/users\/476"}],"replies":[{"embeddable":true,"href":"https:\/\/revistapesquisa.fapesp.br\/es\/wp-json\/wp\/v2\/comments?post=452364"}],"version-history":[{"count":1,"href":"https:\/\/revistapesquisa.fapesp.br\/es\/wp-json\/wp\/v2\/posts\/452364\/revisions"}],"predecessor-version":[{"id":452369,"href":"https:\/\/revistapesquisa.fapesp.br\/es\/wp-json\/wp\/v2\/posts\/452364\/revisions\/452369"}],"wp:featuredmedia":[{"embeddable":true,"href":"https:\/\/revistapesquisa.fapesp.br\/es\/wp-json\/wp\/v2\/media\/452365"}],"wp:attachment":[{"href":"https:\/\/revistapesquisa.fapesp.br\/es\/wp-json\/wp\/v2\/media?parent=452364"}],"wp:term":[{"taxonomy":"category","embeddable":true,"href":"https:\/\/revistapesquisa.fapesp.br\/es\/wp-json\/wp\/v2\/categories?post=452364"},{"taxonomy":"post_tag","embeddable":true,"href":"https:\/\/revistapesquisa.fapesp.br\/es\/wp-json\/wp\/v2\/tags?post=452364"},{"taxonomy":"author","embeddable":true,"href":"https:\/\/revistapesquisa.fapesp.br\/es\/wp-json\/wp\/v2\/coauthors?post=452364"}],"curies":[{"name":"wp","href":"https:\/\/api.w.org\/{rel}","templated":true}]}}