{"id":458841,"date":"2022-11-28T10:09:36","date_gmt":"2022-11-28T13:09:36","guid":{"rendered":"https:\/\/revistapesquisa.fapesp.br\/?p=458841"},"modified":"2022-11-30T15:54:05","modified_gmt":"2022-11-30T18:54:05","slug":"para-entender-brasil","status":"publish","type":"post","link":"https:\/\/revistapesquisa.fapesp.br\/es\/para-entender-brasil\/","title":{"rendered":"Para entender Brasil"},"content":{"rendered":"<p>Dos siglos nos separan de la fecha en que se proclam\u00f3 la Independencia de Brasil, a orillas del arroyo Ipiranga, y a\u00fan hoy en d\u00eda nos siguen sorprendiendo no solamente los aspectos relacionados con el evento hist\u00f3rico en s\u00ed mismo, sino tambi\u00e9n aquellos vinculados con el rol que cumplieron ciertos actores e instituciones. Con 67 p\u00e1ginas dedicadas al Bicentenario, <a href=\"https:\/\/revistapesquisa.fapesp.br\/es\/revista\/ver-edicao-editorias\/?e_id=455\" target=\"_blank\" rel=\"noopener\">esta edici\u00f3n especial de <em>Pesquisa FAPESP<\/em><\/a>, concebida, investigada y redactada a lo largo de los \u00faltimos seis meses, presenta los resultados de los estudios cient\u00edficos sobre un tema que probablemente nunca haya movilizado a tantos investigadores como ahora. Una muestra de ello es el<a href=\"https:\/\/revistapesquisa.fapesp.br\/es\/la-independencia-de-brasil-de-la-a-a-la-z\/\" target=\"_blank\" rel=\"noopener\"> <em>Dicion\u00e1rio da Independ\u00eancia: Hist\u00f3ria, mem\u00f3ria e historiografia<\/em><\/a>, organizado por los historiadores Cec\u00edlia Helena de Salles Oliveira y Jo\u00e3o Paulo Pimenta. A punto de publicarse, esta obra re\u00fane a 276 expertos de 11 pa\u00edses y diferentes generaciones. En este y en otros trabajos, a los int\u00e9rpretes de otrora \u2013algunos nobles del Imperio y varios miembros de la Academia Brasile\u00f1a de Letras\u2013 se les sumaron acad\u00e9micos de todas las regiones del pa\u00eds y estudiantes de posgrado. El resultado puede verse en las lecturas interdisciplinarias del per\u00edodo, que van m\u00e1s all\u00e1 de los acontecimientos del eje R\u00edo-Sao Paulo y procuran situar en contexto la declaraci\u00f3n de la Independencia en el marco de las transformaciones de un mundo signado por el surgimiento de los Estados constitucionales y representativos.<\/p>\n<p>Uno de los hallazgos fruto de este esfuerzo tienen que ver con<a href=\"https:\/\/revistapesquisa.fapesp.br\/es\/interpretes-del-debate-politico\/\" target=\"_blank\" rel=\"noopener\"> la participaci\u00f3n ind\u00edgena en el proceso brasile\u00f1o de separaci\u00f3n pol\u00edtica de Portugal<\/a>. Estudios recientes realizados en los archivos que re\u00fanen documentaci\u00f3n sobre las aldeas y los comunicados emitidos por los gobiernos provinciales, revelan que los pueblos originarios no eran ajenos a las disputas pol\u00edticas y, para reivindicar sus derechos, hicieron suyas las ideas vigentes en Am\u00e9rica y Europa. As\u00ed como las investigaciones anteriores a la d\u00e9cada de 1980 pueden definirse como \u201ccr\u00f3nicas de la extinci\u00f3n\u201d de esos pueblos, a finales del siglo pasado, a partir de los debates que propici\u00f3 la Asamblea Nacional Constituyente de 1987 en Brasil, esta tem\u00e1tica adquiri\u00f3 nuevos contornos. Intelectuales como la antrop\u00f3loga Manuela Carneiro da Cunha fueron responsables del desarrollo de la llamada \u201cnueva historia ind\u00edgena\u201d, con el an\u00e1lisis de los documentos disponibles en materia de pol\u00edtica ind\u00edgena.<\/p>\n<p>El debate sobre el mantenimiento del territorio nacional posterior a la Independencia sigue siendo importante. La historiograf\u00eda se ha dedicado a demostrar que la imagen de un territorio cohesionado fue un relato construido durante el per\u00edodo imperial. Al centrarse en ese aspecto, <a href=\"https:\/\/revistapesquisa.fapesp.br\/es\/los-pilares-de-una-nacion\/\" target=\"_blank\" rel=\"noopener\">los estudiosos buscan matizar las comparaciones con lo que ocurri\u00f3 en Hispanoam\u00e9rica<\/a>, y no exponer un contraste con los procesos registrados en los otros 18 pa\u00edses. Cabe recordar que el territorio del actual estado brasile\u00f1o de Acre se anexion\u00f3 en 1903. Tambi\u00e9n ha ganado terreno la reflexi\u00f3n en torno a las divergencias que caracterizaron la constituci\u00f3n de Brasil, como lo fueron los movimientos opositores a la emancipaci\u00f3n y los intentos de ruptura con el gobierno de Pedro I (1798-1834), especialmente en las provincias cuyas demandas fueron ignoradas por el emperador. Se ha esgrimido el tema de la esclavitud como argumento para tratar de explicar el hecho de que Brasil no se haya fragmentado.<\/p>\n<p>A su vez, las investigaciones contempor\u00e1neas acerca del rol de<a href=\"https:\/\/revistapesquisa.fapesp.br\/es\/la-justicia-de-la-independencia-tuvo-rupturas-pero-tambien-continuidad\/\" target=\"_blank\" rel=\"noopener\"> la ciencia en la construcci\u00f3n de Brasil han confirmado los hallazgos de la d\u00e9cada de 1960<\/a> de la historiadora Maria Odila Leite Silva Dias, en los que apuntaba el pragmatismo del gobierno portugu\u00e9s al estimular estudios bot\u00e1nicos y mineral\u00f3gicos con el prop\u00f3sito de encontrar productos que pudieran comercializarse. La historiadora \u00cdris Kantor acota que la ciencia formaba parte de la estrategia de supervivencia del Imperio y que, al apoyar actividades e instituciones cient\u00edficas, tanto el reino, en primera instancia, como m\u00e1s tarde el Imperio, lo que buscaron fue generar una imagen positiva de la colonizaci\u00f3n. En ese sentido, la cartograf\u00eda fue fundamental. Los mapas serv\u00edan para jalonar el control sobre el territorio y ordenar y concretar la gesti\u00f3n y el manejo de las poblaciones, demarcando los lugares pasibles de grav\u00e1menes de mercader\u00edas.<\/p>\n<p>M\u00e1s all\u00e1 de esas estrategias de poder y dominaci\u00f3n, posibilitadas mediante la utilizaci\u00f3n de la cartograf\u00eda n\u00e1utica para la consolidaci\u00f3n del comercio esclavista, por ejemplo,<a href=\"https:\/\/revistapesquisa.fapesp.br\/es\/las-sorpresas-de-los-mapas-antiguos\/\" target=\"_blank\" rel=\"noopener\"> los mapas antiguos han propiciado descubrimientos fascinantes<\/a>. Esto fue lo que le ocurri\u00f3 a la historiadora Fernanda Deminicis de Albuquerque, quien al inspeccionar uno de esos documentos, expuesto recientemente en el Museo Naval de R\u00edo de Janeiro, descubri\u00f3 un dibujo de un ind\u00edgena de menos de un cent\u00edmetro de altura disparando una flecha desde arriba de un globo terr\u00e1queo.<\/p>\n<p>Las im\u00e1genes, por cierto, constituyen un cap\u00edtulo aparte en las investigaciones al respecto de la tem\u00e1tica de la emancipaci\u00f3n. Hoy en d\u00eda est\u00e1 claro que, <a href=\"https:\/\/revistapesquisa.fapesp.br\/es\/memoria-selectiva-2\/\" target=\"_blank\" rel=\"noopener\">al encargar los cuadros para el Museo Paulista, el ingeniero e historiador de Santa Catarina Afonso d\u2019Escragnolle Taunay (1876-1958) efectu\u00f3 un recorte de la historia de la Independencia de Brasil<\/a> que excluy\u00f3 la participaci\u00f3n popular en favor de un relato elitista y pac\u00edfico. Tambi\u00e9n se sabe que, si bien no fue concebido como una representaci\u00f3n fiel de la realidad, tampoco puede considerarse que<a href=\"https:\/\/revistapesquisa.fapesp.br\/es\/las-raices-del-cuadro-independencia-ou-morte\/\" target=\"_blank\" rel=\"noopener\"> el cuadro <em>Independ\u00eancia ou morte!<\/em> Es una mera alegor\u00eda<\/a>. Seg\u00fan la historiadora Michelli Scapol Monteiro, la pintura de oriundo de Para\u00edba Pedro Am\u00e9rico (1843-1905) expresa una profunda investigaci\u00f3n sobre la historia y la cultura brasile\u00f1a. <a href=\"https:\/\/revistapesquisa.fapesp.br\/es\/alianza-consolidada-2\/\" target=\"_blank\" rel=\"noopener\">La cooperaci\u00f3n cient\u00edfica actual entre Brasil y Portugal<\/a> tambi\u00e9n est\u00e1 creciendo, como lo evidencia el \u00faltimo art\u00edculo de esta edici\u00f3n especial.<\/p>\n<p>En el sitio web de <em>Pesquisa FAPESP<\/em> hay un espacio dedicado exclusivamente al contenido presentado en este n\u00famero y <a href=\"https:\/\/revistapesquisa.fapesp.br\/brasil-200-anos\/\" target=\"_blank\" rel=\"noopener\">otros reportajes, videos y p\u00f3dcast sobre el bicentenario de la Independencia de Brasil.<\/a><\/p>\n","protected":false},"excerpt":{"rendered":"Al arrojar luz sobre aspectos menos conocidos, investigaciones cient\u00edficas hacen posible comprender mejor el proceso de la Independencia brasile\u00f1a y sus derivaciones","protected":false},"author":632,"featured_media":446381,"comment_status":"closed","ping_status":"closed","sticky":false,"template":"","format":"standard","meta":{"_acf_changed":false,"_exactmetrics_skip_tracking":false,"_exactmetrics_sitenote_active":false,"_exactmetrics_sitenote_note":"","_exactmetrics_sitenote_category":0,"footnotes":""},"categories":[187],"tags":[310],"coauthors":[1653],"class_list":["post-458841","post","type-post","status-publish","format-standard","has-post-thumbnail","hentry","category-humanidades-es","tag-historia-es","position_at_home-sumario"],"acf":[],"_links":{"self":[{"href":"https:\/\/revistapesquisa.fapesp.br\/es\/wp-json\/wp\/v2\/posts\/458841","targetHints":{"allow":["GET"]}}],"collection":[{"href":"https:\/\/revistapesquisa.fapesp.br\/es\/wp-json\/wp\/v2\/posts"}],"about":[{"href":"https:\/\/revistapesquisa.fapesp.br\/es\/wp-json\/wp\/v2\/types\/post"}],"author":[{"embeddable":true,"href":"https:\/\/revistapesquisa.fapesp.br\/es\/wp-json\/wp\/v2\/users\/632"}],"replies":[{"embeddable":true,"href":"https:\/\/revistapesquisa.fapesp.br\/es\/wp-json\/wp\/v2\/comments?post=458841"}],"version-history":[{"count":4,"href":"https:\/\/revistapesquisa.fapesp.br\/es\/wp-json\/wp\/v2\/posts\/458841\/revisions"}],"predecessor-version":[{"id":461847,"href":"https:\/\/revistapesquisa.fapesp.br\/es\/wp-json\/wp\/v2\/posts\/458841\/revisions\/461847"}],"wp:featuredmedia":[{"embeddable":true,"href":"https:\/\/revistapesquisa.fapesp.br\/es\/wp-json\/wp\/v2\/media\/446381"}],"wp:attachment":[{"href":"https:\/\/revistapesquisa.fapesp.br\/es\/wp-json\/wp\/v2\/media?parent=458841"}],"wp:term":[{"taxonomy":"category","embeddable":true,"href":"https:\/\/revistapesquisa.fapesp.br\/es\/wp-json\/wp\/v2\/categories?post=458841"},{"taxonomy":"post_tag","embeddable":true,"href":"https:\/\/revistapesquisa.fapesp.br\/es\/wp-json\/wp\/v2\/tags?post=458841"},{"taxonomy":"author","embeddable":true,"href":"https:\/\/revistapesquisa.fapesp.br\/es\/wp-json\/wp\/v2\/coauthors?post=458841"}],"curies":[{"name":"wp","href":"https:\/\/api.w.org\/{rel}","templated":true}]}}