{"id":466428,"date":"2023-01-30T23:46:41","date_gmt":"2023-01-31T02:46:41","guid":{"rendered":"https:\/\/revistapesquisa.fapesp.br\/?p=466428"},"modified":"2023-01-31T00:12:02","modified_gmt":"2023-01-31T03:12:02","slug":"los-traumas-de-la-violencia-sexual","status":"publish","type":"post","link":"https:\/\/revistapesquisa.fapesp.br\/es\/los-traumas-de-la-violencia-sexual\/","title":{"rendered":"Los traumas de la violencia sexual"},"content":{"rendered":"<p>La violaci\u00f3n es uno de los delitos m\u00e1s violentos y abyectos que se conocen. Esta agresi\u00f3n somete a la v\u00edctima a un grado de estr\u00e9s tan elevado que deja marcas psicol\u00f3gicas profundas bastante conocidas y tambi\u00e9n trae aparejadas transformaciones fisiol\u00f3gicas.<\/p>\n<p>Estos hallazgos recientes son fruto de la tarea desarrollada por un equipo de la Unifesp que combina la atenci\u00f3n ambulatoria de ni\u00f1as y mujeres que han sufrido una violaci\u00f3n con investigaciones sobre las transformaciones ps\u00edquicas y fisiol\u00f3gicas que ellas vivencian. M\u00e1s de la mitad desarrollan un tipo aparentemente espec\u00edfico de trastorno de estr\u00e9s postraum\u00e1tico con caracter\u00edsticas peculiares de la agresi\u00f3n sexual y la impronta de una inflamaci\u00f3n leve y duradera, que deja al sistema inmunitario de estas mujeres programado para responder a las agresiones.<\/p>\n<p>Adem\u00e1s de intentar entender la naturaleza del trauma, el grupo del Programa de Investigaci\u00f3n y Respuesta a la Violencia y al Estr\u00e9s Postraum\u00e1tico de la Unifesp <a href=\"https:\/\/revistapesquisa.fapesp.br\/es\/el-estres-provocado-por-las-violaciones-sexuales-causa-sufrimiento-psiquico-y-genera-una-inflamacion-que-puede-acelerar-el-envejecimiento\/\" target=\"_blank\" rel=\"noopener\">tambi\u00e9n estudia formas m\u00e1s eficientes de tratar a las v\u00edctimas, tal como lo muestra el art\u00edculo estampado en la portada de esta edici\u00f3n<\/a>. Seg\u00fan lo sugieren los resultados, la mejor\u00eda de la calidad del sue\u00f1o constituye un abordaje importante con miras a disminuir los s\u00edntomas del estr\u00e9s y el padecimiento ps\u00edquico. <a href=\"https:\/\/revistapesquisa.fapesp.br\/es\/los-retos-de-la-legislacion\/\" target=\"_blank\" rel=\"noopener\">El reportaje complementario muestra la evoluci\u00f3n del concepto de violaci\u00f3n y sus reflejos en la legislaci\u00f3n brasile\u00f1a<\/a>.<\/p>\n<p>**<\/p>\n<p>En 1973, el a\u00f1o siguiente al del sesquicentenario de la Independencia de Brasil, el historiador Fernando Novais defend\u00eda su tesis doctoral en la USP, que luego se convertir\u00eda en el cl\u00e1sico libro <em>Portugal e Brasil na crise do antigo sistema colonial (1777-1808)<\/em>. Novais analiz\u00f3 las relaciones econ\u00f3micas y pol\u00edticas establecidas entre Portugal y su colonia en Am\u00e9rica del Sur y la crisis de este sistema colonial que deriv\u00f3 en la Independencia. En la entrevista presencial en varias sesiones que le concedi\u00f3 a Fabr\u00edcio Marques, editor de Pol\u00edtica de <em>Pesquisa FAPESP<\/em>, Novais pone en pauta la propia definici\u00f3n de historia que, a su juicio, aborda todas las esferas de la existencia: \u201cEl objeto del discurso del historiador es ilimitado. Es todo el acontecer humano\u201d. Acorde a la definici\u00f3n de ciencia, donde existe un recorte riguroso del objeto y un m\u00e9todo adecuado al mismo, \u00e9l concluye que \u201cla historia ni siquiera podr\u00eda ser una ciencia\u201d. Esta fascinante entrevista, que forma parte de la cobertura del Bicentenario de la Independencia de Brasil, comienza en la p\u00e1gina 26.<\/p>\n<p>Durante la pandemia, publicamos una secci\u00f3n intitulada \u201cLa investigaci\u00f3n cient\u00edfica durante la cuarentena\u201d. M\u00e1s all\u00e1 de la pauta espec\u00edfica de la ciencia en la lucha contra el covid-19, sentimos la necesidad de compartir con nuestros lectores testimonios, relatos en primera persona referentes al desarrollo de las actividades de investigaci\u00f3n. Al cerrar esa secci\u00f3n en el cent\u00e9simo testimonio, para continuar publicando este tipo de contenidos <a href=\"https:\/\/revistapesquisa.fapesp.br\/es\/el-encuentro-con-los-dialectos-arabes\/\" target=\"_blank\" rel=\"noopener\">inauguramos una nueva denominada \u201cItinerarios de investigaci\u00f3n\u201d, que se estrena a partir de este n\u00famero<\/a>.<\/p>\n<p><a href=\"https:\/\/revistapesquisa.fapesp.br\/es\/nuevo-coordinador-cientifico-en-pesquisa-fapesp\/\" target=\"_blank\" rel=\"noopener\">El 1\u00ba de septiembre hubo un cambio en la coordinaci\u00f3n cient\u00edfica de esta revista: ingresa el f\u00edsico Luiz Nunes de Oliveira<\/a> y deja la funci\u00f3n el fil\u00f3sofo Luiz Henrique Lopes dos Santos (<em>p\u00e1gina 14<\/em>). El profesor LH, como lo llamamos en la redacci\u00f3n, sigue la revista desde 2001, cuando empez\u00f3 a venderse en los quioscos y sali\u00f3 al aire su primera p\u00e1gina web. M\u00e1s de dos d\u00e9cadas despu\u00e9s y en nombre de <em>Pesquisa FAPESP<\/em>, le agradezco su dedicaci\u00f3n, materializada en sus lecturas precisas, y sus orientaciones durante todos estos a\u00f1os.<\/p>\n","protected":false},"excerpt":{"rendered":"La violaci\u00f3n es uno de los delitos m\u00e1s violentos y abyectos que se conocen. Esta agresi\u00f3n somete a la v\u00edctima a un grado de estr\u00e9s tan elevado que deja marcas psicol\u00f3gicas profundas bastante conocidas y tambi\u00e9n trae aparejadas transformaciones fisiol\u00f3gicas. Estos hallazgos recientes son fruto de la tarea desarrollada por un equipo de la Unifesp&#8230; <a class=\"view-article\" href=\"https:\/\/revistapesquisa.fapesp.br\/es\/los-traumas-de-la-violencia-sexual\/\">Ver art\u00edculo<\/a>","protected":false},"author":595,"featured_media":0,"comment_status":"closed","ping_status":"closed","sticky":false,"template":"","format":"standard","meta":{"_acf_changed":false,"_exactmetrics_skip_tracking":false,"_exactmetrics_sitenote_active":false,"_exactmetrics_sitenote_note":"","_exactmetrics_sitenote_category":0,"footnotes":""},"categories":[180],"tags":[],"coauthors":[1582],"class_list":["post-466428","post","type-post","status-publish","format-standard","hentry","category-editorial-es"],"acf":[],"_links":{"self":[{"href":"https:\/\/revistapesquisa.fapesp.br\/es\/wp-json\/wp\/v2\/posts\/466428","targetHints":{"allow":["GET"]}}],"collection":[{"href":"https:\/\/revistapesquisa.fapesp.br\/es\/wp-json\/wp\/v2\/posts"}],"about":[{"href":"https:\/\/revistapesquisa.fapesp.br\/es\/wp-json\/wp\/v2\/types\/post"}],"author":[{"embeddable":true,"href":"https:\/\/revistapesquisa.fapesp.br\/es\/wp-json\/wp\/v2\/users\/595"}],"replies":[{"embeddable":true,"href":"https:\/\/revistapesquisa.fapesp.br\/es\/wp-json\/wp\/v2\/comments?post=466428"}],"version-history":[{"count":3,"href":"https:\/\/revistapesquisa.fapesp.br\/es\/wp-json\/wp\/v2\/posts\/466428\/revisions"}],"predecessor-version":[{"id":467335,"href":"https:\/\/revistapesquisa.fapesp.br\/es\/wp-json\/wp\/v2\/posts\/466428\/revisions\/467335"}],"wp:attachment":[{"href":"https:\/\/revistapesquisa.fapesp.br\/es\/wp-json\/wp\/v2\/media?parent=466428"}],"wp:term":[{"taxonomy":"category","embeddable":true,"href":"https:\/\/revistapesquisa.fapesp.br\/es\/wp-json\/wp\/v2\/categories?post=466428"},{"taxonomy":"post_tag","embeddable":true,"href":"https:\/\/revistapesquisa.fapesp.br\/es\/wp-json\/wp\/v2\/tags?post=466428"},{"taxonomy":"author","embeddable":true,"href":"https:\/\/revistapesquisa.fapesp.br\/es\/wp-json\/wp\/v2\/coauthors?post=466428"}],"curies":[{"name":"wp","href":"https:\/\/api.w.org\/{rel}","templated":true}]}}