{"id":472139,"date":"2023-04-12T19:13:43","date_gmt":"2023-04-12T22:13:43","guid":{"rendered":"https:\/\/revistapesquisa.fapesp.br\/?p=472139"},"modified":"2023-04-12T19:13:43","modified_gmt":"2023-04-12T22:13:43","slug":"los-incendios-en-el-pantanal-afectaron-de-manera-desproporcionada-a-los-jaguares","status":"publish","type":"post","link":"https:\/\/revistapesquisa.fapesp.br\/es\/los-incendios-en-el-pantanal-afectaron-de-manera-desproporcionada-a-los-jaguares\/","title":{"rendered":"Los incendios en el Pantanal afectaron de manera desproporcionada a los jaguares"},"content":{"rendered":"<p>Los incendios que quemaron casi un tercio del Pantanal en 2020 han causado efectos dr\u00e1sticos en la biodiversidad de este bioma. El jaguar (<em>Panthera onca<\/em>), el mayor felino de Am\u00e9rica, result\u00f3 afectado en forma desproporcionada. Los principales focos \u00edgneos consumieron el 80 % del h\u00e1bitat de estos felinos, tambi\u00e9n conocidos como yaguaret\u00e9, y se concentraron en las regiones con mayor densidad de poblaci\u00f3n. Como consecuencia de esto, si vio afectado un porcentaje del 45\u00a0% de los jaguares del bioma (unos 740 ejemplares), que alberga la segunda mayor poblaci\u00f3n del mundo de este felino. Bajo la direcci\u00f3n del ec\u00f3logo Paulo In\u00e1cio Prado, de la Universidad de S\u00e3o Paulo (USP), y del veterinario Ronaldo Morato, del Instituto Chico Mendes de Conservaci\u00f3n de la Biodiversidad (ICMBio), Alan de Barros analiz\u00f3 las consecuencias de los incendios ocurridos entre 2005 y 2020 en el Pantanal y comprob\u00f3 que el fuego que se propag\u00f3 por el bioma hace dos a\u00f1os fue el que consumi\u00f3 la mayor \u00e1rea ocupada por los yaguaret\u00e9s (<em>Communications Biology<\/em>, 13 de octubre). Aparte de causarles heridas o la muerte a los felinos, los incendios tambi\u00e9n provocan hambre a corto plazo, al eliminar a los animales que sirven de presas a los jaguares y la vegetaci\u00f3n en la que se guarecen o cazan. Los felinos ya llevan tiempo padeciendo los cambios en el r\u00e9gimen pluvial, que los obliga a desplazarse grandes distancias. Seg\u00fan los investigadores, los incendios cada vez m\u00e1s intensos y frecuentes pueden mermar la capacidad de recuperaci\u00f3n de las poblaciones de yaguaret\u00e9s del bioma.<\/p>\n","protected":false},"excerpt":{"rendered":"Los incendios del a\u00f1o 2020 en el Pantanal produjeron efectos dr\u00e1sticos en la biodiversidad","protected":false},"author":476,"featured_media":472176,"comment_status":"closed","ping_status":"closed","sticky":false,"template":"","format":"standard","meta":{"_acf_changed":false,"_exactmetrics_skip_tracking":false,"_exactmetrics_sitenote_active":false,"_exactmetrics_sitenote_note":"","_exactmetrics_sitenote_category":0,"footnotes":""},"categories":[1670],"tags":[275,269],"coauthors":[786],"class_list":["post-472139","post","type-post","status-publish","format-standard","has-post-thumbnail","hentry","category-notas-es","tag-biodiversidad","tag-ambiente-es"],"acf":[],"_links":{"self":[{"href":"https:\/\/revistapesquisa.fapesp.br\/es\/wp-json\/wp\/v2\/posts\/472139","targetHints":{"allow":["GET"]}}],"collection":[{"href":"https:\/\/revistapesquisa.fapesp.br\/es\/wp-json\/wp\/v2\/posts"}],"about":[{"href":"https:\/\/revistapesquisa.fapesp.br\/es\/wp-json\/wp\/v2\/types\/post"}],"author":[{"embeddable":true,"href":"https:\/\/revistapesquisa.fapesp.br\/es\/wp-json\/wp\/v2\/users\/476"}],"replies":[{"embeddable":true,"href":"https:\/\/revistapesquisa.fapesp.br\/es\/wp-json\/wp\/v2\/comments?post=472139"}],"version-history":[{"count":1,"href":"https:\/\/revistapesquisa.fapesp.br\/es\/wp-json\/wp\/v2\/posts\/472139\/revisions"}],"predecessor-version":[{"id":472196,"href":"https:\/\/revistapesquisa.fapesp.br\/es\/wp-json\/wp\/v2\/posts\/472139\/revisions\/472196"}],"wp:featuredmedia":[{"embeddable":true,"href":"https:\/\/revistapesquisa.fapesp.br\/es\/wp-json\/wp\/v2\/media\/472176"}],"wp:attachment":[{"href":"https:\/\/revistapesquisa.fapesp.br\/es\/wp-json\/wp\/v2\/media?parent=472139"}],"wp:term":[{"taxonomy":"category","embeddable":true,"href":"https:\/\/revistapesquisa.fapesp.br\/es\/wp-json\/wp\/v2\/categories?post=472139"},{"taxonomy":"post_tag","embeddable":true,"href":"https:\/\/revistapesquisa.fapesp.br\/es\/wp-json\/wp\/v2\/tags?post=472139"},{"taxonomy":"author","embeddable":true,"href":"https:\/\/revistapesquisa.fapesp.br\/es\/wp-json\/wp\/v2\/coauthors?post=472139"}],"curies":[{"name":"wp","href":"https:\/\/api.w.org\/{rel}","templated":true}]}}