{"id":476480,"date":"2023-05-17T14:50:12","date_gmt":"2023-05-17T17:50:12","guid":{"rendered":"https:\/\/revistapesquisa.fapesp.br\/?p=476480"},"modified":"2023-05-17T14:50:12","modified_gmt":"2023-05-17T17:50:12","slug":"nutrientes-del-sahara-para-la-amazonia","status":"publish","type":"post","link":"https:\/\/revistapesquisa.fapesp.br\/es\/nutrientes-del-sahara-para-la-amazonia\/","title":{"rendered":"Nutrientes del Sahara para la Amazonia"},"content":{"rendered":"<p>A merced de la intensidad de los vientos y cargado de minerales, el polvo del desierto del Sahara llega a Europa y Am\u00e9rica en vol\u00famenes variables. Cada a\u00f1o, especialmente entre enero y abril, cuando las lluvias son m\u00e1s copiosas, atraviesan el oc\u00e9ano Atl\u00e1ntico y llegan a la selva amaz\u00f3nica, en promedio, 52 miligramos por metro cuadrado (mg\/m<sup>2<\/sup>) de hierro, 21 mg\/m<sup>2<\/sup> de magnesio y 0,97 mg\/m<sup>2<\/sup> de f\u00f3sforo, compensando parcialmente el volumen de nutrientes que el r\u00edo Amazonas transporta de la selva hacia el mar (<em>Atmospheric Chemistry and Physics<\/em>, 1\u00ba de noviembre). Cient\u00edficos de la Universidad de S\u00e3o Paulo (USP), junto a colaboradores de China, Estados Unidos y Alemania arribaron a estos resultados calculando el transporte de part\u00edculas por el aire entre 2013 y 2017 con ayuda de un modelo matem\u00e1tico computarizado. Seg\u00fan este trabajo, el flujo anual de polvo es, en promedio, de 2 g\/m<sup>2<\/sup> en la estaci\u00f3n lluviosa, bastante m\u00e1s que en el per\u00edodo seco (de agosto a noviembre), cuando tan solo llegan a la selva amaz\u00f3nica 0,35 g\/m<sup>2<\/sup> de arena del desierto. Si los vientos ayudan, el volumen puede alcanzar hasta 2,6 g\/m<sup>2<\/sup>, como ocurri\u00f3 en 2015. \u201cEn el transcurso de los milenios, este flujo de minerales ayuda a explicar la exuberancia de la selva, que depende de los nutrientes procedentes del Sahara\u201d, comenta Paulo Artaxo, de la USP, quien particip\u00f3 en el estudio.<\/p>\n","protected":false},"excerpt":{"rendered":"Fuertes vientos transportan el polvo del Sahara hasta la Amazonia","protected":false},"author":476,"featured_media":476481,"comment_status":"closed","ping_status":"closed","sticky":false,"template":"","format":"standard","meta":{"_acf_changed":false,"_exactmetrics_skip_tracking":false,"_exactmetrics_sitenote_active":false,"_exactmetrics_sitenote_note":"","_exactmetrics_sitenote_category":0,"footnotes":""},"categories":[1670],"tags":[286,269],"coauthors":[786],"class_list":["post-476480","post","type-post","status-publish","format-standard","has-post-thumbnail","hentry","category-notas-es","tag-clima-es","tag-ambiente-es"],"acf":[],"_links":{"self":[{"href":"https:\/\/revistapesquisa.fapesp.br\/es\/wp-json\/wp\/v2\/posts\/476480","targetHints":{"allow":["GET"]}}],"collection":[{"href":"https:\/\/revistapesquisa.fapesp.br\/es\/wp-json\/wp\/v2\/posts"}],"about":[{"href":"https:\/\/revistapesquisa.fapesp.br\/es\/wp-json\/wp\/v2\/types\/post"}],"author":[{"embeddable":true,"href":"https:\/\/revistapesquisa.fapesp.br\/es\/wp-json\/wp\/v2\/users\/476"}],"replies":[{"embeddable":true,"href":"https:\/\/revistapesquisa.fapesp.br\/es\/wp-json\/wp\/v2\/comments?post=476480"}],"version-history":[{"count":1,"href":"https:\/\/revistapesquisa.fapesp.br\/es\/wp-json\/wp\/v2\/posts\/476480\/revisions"}],"predecessor-version":[{"id":476489,"href":"https:\/\/revistapesquisa.fapesp.br\/es\/wp-json\/wp\/v2\/posts\/476480\/revisions\/476489"}],"wp:featuredmedia":[{"embeddable":true,"href":"https:\/\/revistapesquisa.fapesp.br\/es\/wp-json\/wp\/v2\/media\/476481"}],"wp:attachment":[{"href":"https:\/\/revistapesquisa.fapesp.br\/es\/wp-json\/wp\/v2\/media?parent=476480"}],"wp:term":[{"taxonomy":"category","embeddable":true,"href":"https:\/\/revistapesquisa.fapesp.br\/es\/wp-json\/wp\/v2\/categories?post=476480"},{"taxonomy":"post_tag","embeddable":true,"href":"https:\/\/revistapesquisa.fapesp.br\/es\/wp-json\/wp\/v2\/tags?post=476480"},{"taxonomy":"author","embeddable":true,"href":"https:\/\/revistapesquisa.fapesp.br\/es\/wp-json\/wp\/v2\/coauthors?post=476480"}],"curies":[{"name":"wp","href":"https:\/\/api.w.org\/{rel}","templated":true}]}}