{"id":477514,"date":"2023-05-30T15:10:34","date_gmt":"2023-05-30T18:10:34","guid":{"rendered":"https:\/\/revistapesquisa.fapesp.br\/?p=477514"},"modified":"2023-05-30T15:10:34","modified_gmt":"2023-05-30T18:10:34","slug":"nuevo-miembro-del-consejo-superior-de-la-fapesp-2","status":"publish","type":"post","link":"https:\/\/revistapesquisa.fapesp.br\/es\/nuevo-miembro-del-consejo-superior-de-la-fapesp-2\/","title":{"rendered":"Nuevo miembro del Consejo Superior de la FAPESP"},"content":{"rendered":"<p>El hemat\u00f3logo Carmino Antonio de Souza es el m\u00e1s reciente integrante del Consejo Superior de la FAPESP. Docente en la Facultad de Ciencias M\u00e9dicas de la Universidad de Campinas (Unicamp), De Souza fue nombrado por el entonces gobernador de S\u00e3o Paulo, Rodrigo Garcia, mediante un decreto publicado el 21 de diciembre en el <em>Di\u00e1rio Oficial do Estado de S\u00e3o Paulo<\/em>. Completar\u00e1 el mandato del infect\u00f3logo David Uip, profesor titular de la Universidad de S\u00e3o Paulo (USP) y de la Facultad de Medicina del ABC, quien en julio de 2022 hab\u00eda sido designado por el gobernador para formar parte del consejo por seis a\u00f1os. Especialista en c\u00e1ncer hematol\u00f3gico, De Souza obtuvo el t\u00edtulo de Grado en medicina en la Unicamp (1975), donde tambi\u00e9n obtuvo el doctorado (1987) y la libre docencia (1996). En 1985 cre\u00f3 el Centro de Hematolog\u00eda y Hemoterapia (Hemocentro) de la Unicamp y posteriormente coordin\u00f3 el programa de sangre del estado de S\u00e3o Paulo, garantizando que las transfusiones estuvieran libres de virus como el VIH (<a href=\"https:\/\/revistapesquisa.fapesp.br\/es\/carmino-antonio-de-souza-las-sendas-de-la-salud\/\" target=\"_blank\" rel=\"noopener\"><em>lea en <\/em>Pesquisa FAPESP<em>, edici\u00f3n n\u00ba 323<\/em><\/a>). Fue secretario de Salud del Estado de S\u00e3o Paulo de 1993 a 1994. Como director del sistema sanitario del municipio de Campinas estuvo al frente de la lucha contra la pandemia de covid-19.<\/p>\n","protected":false},"excerpt":{"rendered":"El hemat\u00f3logo Carmino Antonio de Souza es el m\u00e1s reciente miembro del Consejo Superior de la FAPESP","protected":false},"author":476,"featured_media":478693,"comment_status":"closed","ping_status":"closed","sticky":false,"template":"","format":"standard","meta":{"_acf_changed":false,"_exactmetrics_skip_tracking":false,"_exactmetrics_sitenote_active":false,"_exactmetrics_sitenote_note":"","_exactmetrics_sitenote_category":0,"footnotes":""},"categories":[1670],"tags":[316],"coauthors":[786],"class_list":["post-477514","post","type-post","status-publish","format-standard","has-post-thumbnail","hentry","category-notas-es","tag-medicina-es"],"acf":[],"_links":{"self":[{"href":"https:\/\/revistapesquisa.fapesp.br\/es\/wp-json\/wp\/v2\/posts\/477514","targetHints":{"allow":["GET"]}}],"collection":[{"href":"https:\/\/revistapesquisa.fapesp.br\/es\/wp-json\/wp\/v2\/posts"}],"about":[{"href":"https:\/\/revistapesquisa.fapesp.br\/es\/wp-json\/wp\/v2\/types\/post"}],"author":[{"embeddable":true,"href":"https:\/\/revistapesquisa.fapesp.br\/es\/wp-json\/wp\/v2\/users\/476"}],"replies":[{"embeddable":true,"href":"https:\/\/revistapesquisa.fapesp.br\/es\/wp-json\/wp\/v2\/comments?post=477514"}],"version-history":[{"count":1,"href":"https:\/\/revistapesquisa.fapesp.br\/es\/wp-json\/wp\/v2\/posts\/477514\/revisions"}],"predecessor-version":[{"id":477515,"href":"https:\/\/revistapesquisa.fapesp.br\/es\/wp-json\/wp\/v2\/posts\/477514\/revisions\/477515"}],"wp:featuredmedia":[{"embeddable":true,"href":"https:\/\/revistapesquisa.fapesp.br\/es\/wp-json\/wp\/v2\/media\/478693"}],"wp:attachment":[{"href":"https:\/\/revistapesquisa.fapesp.br\/es\/wp-json\/wp\/v2\/media?parent=477514"}],"wp:term":[{"taxonomy":"category","embeddable":true,"href":"https:\/\/revistapesquisa.fapesp.br\/es\/wp-json\/wp\/v2\/categories?post=477514"},{"taxonomy":"post_tag","embeddable":true,"href":"https:\/\/revistapesquisa.fapesp.br\/es\/wp-json\/wp\/v2\/tags?post=477514"},{"taxonomy":"author","embeddable":true,"href":"https:\/\/revistapesquisa.fapesp.br\/es\/wp-json\/wp\/v2\/coauthors?post=477514"}],"curies":[{"name":"wp","href":"https:\/\/api.w.org\/{rel}","templated":true}]}}