{"id":481488,"date":"2023-06-08T10:41:35","date_gmt":"2023-06-08T13:41:35","guid":{"rendered":"https:\/\/revistapesquisa.fapesp.br\/?p=481488"},"modified":"2023-06-08T10:41:35","modified_gmt":"2023-06-08T13:41:35","slug":"la-desigualdad-prima-en-los-servicios-medicos-de-brasil","status":"publish","type":"post","link":"https:\/\/revistapesquisa.fapesp.br\/es\/la-desigualdad-prima-en-los-servicios-medicos-de-brasil\/","title":{"rendered":"La desigualdad prima en los servicios m\u00e9dicos de Brasil"},"content":{"rendered":"<p>La ciudad de Vit\u00f3ria, capital del estado brasile\u00f1o de Esp\u00edrito Santo, cuenta con 15 m\u00e9dicos por cada 1.000 habitantes. En Macap\u00e1, la capital del estado de Amap\u00e1, hay solamente 2 por cada millar de habitantes. \u201cLa desigualdad persiste\u201d, coment\u00f3 M\u00e1rio Scheffer, de la Facultad de Medicina de la Universidad de S\u00e3o Paulo (FM-USP), al presentar los resultados de la sexta edici\u00f3n del estudio intitulado <em>Demografia m\u00e9dica no Brasil 2023<\/em>, durante la ma\u00f1ana del 8 de febrero en la sede de la Asociaci\u00f3n M\u00e9dica Brasile\u00f1a (AMB), en la ciudad de S\u00e3o Paulo. Hay contrastes muy marcados. Mientras que un habitante del sudeste de Brasil realiza un promedio de 3,9 consultas m\u00e9dicas por a\u00f1o, uno de la regi\u00f3n norte hace 1,86. En enero de 2023 hab\u00eda 562.229 m\u00e9dicos trabajando en Brasil, la mayor\u00eda concentrados en las grandes capitales y en algunos estados. Las unidades federativas brasile\u00f1as con m\u00e1s m\u00e9dicos son el Distrito Federal (5,5 por cada 1.000 habitantes), R\u00edo de Janeiro (3,7) y S\u00e3o Paulo (3,5); y las que menos tienen son Par\u00e1 (1,1), Maranh\u00e3o (1,2) y Amazonas (1,3). Scheffer, quien coordin\u00f3 el estudio realizado en colaboraci\u00f3n con la AMB, destac\u00f3 el avance de las facultades de medicina privadas, que actualmente concentran el 90 % de las vacantes. \u201cSe trata de un movimiento de privatizaci\u00f3n de la ense\u00f1anza m\u00e9dica\u201d, dijo. Tambi\u00e9n se evidencia una concentraci\u00f3n creciente de los m\u00e9dicos en el sector de la salud privada, en la cual trabajan con exclusividad el 28,3 % de ellos; la mitad (el 50,2 %) trabajan en centros m\u00e9dicos privados y p\u00fablicos, y tan solo un 21,5 % solamente en efectores p\u00fablicos. Entre los m\u00e9dicos residentes, solo un 12 % est\u00e1n interesados en trabajar \u00fanicamente o mayoritariamente en el Sistema \u00danico de Salud (SUS), la red de salud p\u00fablica de Brasil. \u201cEl SUS colabora en la formaci\u00f3n de los m\u00e9dicos, pero no los retiene\u201d, concluy\u00f3.<\/p>\n<picture data-tablet=\"\/wp-content\/uploads\/2023\/06\/RPF-notas-2023-03-info-760.png\" data-tablet_size=\"760x663\" alt=\"\">\n    <source srcset=\"\/wp-content\/uploads\/2023\/06\/RPF-notas-2023-03-info-760.png\" media=\"(min-width: 1920px)\" \/>\n    <source srcset=\"\/wp-content\/uploads\/2023\/06\/RPF-notas-2023-03-info-760.png\" media=\"(min-width: 1140px)\" \/>\n    <img decoding=\"async\" class=\"responsive-img\" src=\"\/wp-content\/uploads\/2023\/06\/RPF-notas-2023-03-info-640.png\" \/>\n  <\/picture><span class=\"embed media-credits-inline\">Alexandre Affonso \/ Revista Pesquisa FAPESP<\/span>\n","protected":false},"excerpt":{"rendered":"Un estudio pone de relieve la desigualdad de los servicios m\u00e9dicos que existe entre las diferentes regiones de Brasil","protected":false},"author":476,"featured_media":0,"comment_status":"closed","ping_status":"closed","sticky":false,"template":"","format":"standard","meta":{"_acf_changed":false,"_exactmetrics_skip_tracking":false,"_exactmetrics_sitenote_active":false,"_exactmetrics_sitenote_note":"","_exactmetrics_sitenote_category":0,"footnotes":""},"categories":[1670],"tags":[316,329],"coauthors":[786],"class_list":["post-481488","post","type-post","status-publish","format-standard","hentry","category-notas-es","tag-medicina-es","tag-salud-publica"],"acf":[],"_links":{"self":[{"href":"https:\/\/revistapesquisa.fapesp.br\/es\/wp-json\/wp\/v2\/posts\/481488","targetHints":{"allow":["GET"]}}],"collection":[{"href":"https:\/\/revistapesquisa.fapesp.br\/es\/wp-json\/wp\/v2\/posts"}],"about":[{"href":"https:\/\/revistapesquisa.fapesp.br\/es\/wp-json\/wp\/v2\/types\/post"}],"author":[{"embeddable":true,"href":"https:\/\/revistapesquisa.fapesp.br\/es\/wp-json\/wp\/v2\/users\/476"}],"replies":[{"embeddable":true,"href":"https:\/\/revistapesquisa.fapesp.br\/es\/wp-json\/wp\/v2\/comments?post=481488"}],"version-history":[{"count":1,"href":"https:\/\/revistapesquisa.fapesp.br\/es\/wp-json\/wp\/v2\/posts\/481488\/revisions"}],"predecessor-version":[{"id":481501,"href":"https:\/\/revistapesquisa.fapesp.br\/es\/wp-json\/wp\/v2\/posts\/481488\/revisions\/481501"}],"wp:attachment":[{"href":"https:\/\/revistapesquisa.fapesp.br\/es\/wp-json\/wp\/v2\/media?parent=481488"}],"wp:term":[{"taxonomy":"category","embeddable":true,"href":"https:\/\/revistapesquisa.fapesp.br\/es\/wp-json\/wp\/v2\/categories?post=481488"},{"taxonomy":"post_tag","embeddable":true,"href":"https:\/\/revistapesquisa.fapesp.br\/es\/wp-json\/wp\/v2\/tags?post=481488"},{"taxonomy":"author","embeddable":true,"href":"https:\/\/revistapesquisa.fapesp.br\/es\/wp-json\/wp\/v2\/coauthors?post=481488"}],"curies":[{"name":"wp","href":"https:\/\/api.w.org\/{rel}","templated":true}]}}