{"id":487044,"date":"2023-08-09T14:11:20","date_gmt":"2023-08-09T17:11:20","guid":{"rendered":"https:\/\/revistapesquisa.fapesp.br\/?p=487044"},"modified":"2023-08-09T14:11:20","modified_gmt":"2023-08-09T17:11:20","slug":"el-volcan-submarino-que-sacudio-a-una-isla","status":"publish","type":"post","link":"https:\/\/revistapesquisa.fapesp.br\/es\/el-volcan-submarino-que-sacudio-a-una-isla\/","title":{"rendered":"El volc\u00e1n submarino que sacudi\u00f3 a una isla"},"content":{"rendered":"<p>El 10 de mayo de 2018, la isla Mayotte, un territorio franc\u00e9s de ultramar situado al noroeste de Madagascar, result\u00f3 afectado por el primero de una serie de temblores del terreno. Durante meses, cientos de sacudidas s\u00edsmicas casi diarias asustaron a la poblaci\u00f3n. El 15 de mayo, un terremoto de magnitud 5,9 da\u00f1\u00f3 varios edificios. Los cient\u00edficos quedaron perplejos, porque no se la consideraba una regi\u00f3n de alto riesgo s\u00edsmico. En mayo de 2019, investigadores a bordo del buque oceanogr\u00e1fico Marion Dufresne identificaron el origen de los sismos: un volc\u00e1n submarino que recibi\u00f3 el nombre de Fani Maor\u00e9, ubicado a 50 kil\u00f3metros (km) de la isla. Con 800 metros (m) de altura y situado a 3.500 m de profundidad, atravesaba un per\u00edodo de intensa actividad, expulsando hasta 400 metros c\u00fabicos (m<sup>3<\/sup>) de lava por segundo. En los \u00faltimos tres a\u00f1os, 30 campa\u00f1as oceanogr\u00e1ficas han revelado la presencia de cientos de volcanes submarinos que forman una provincia volc\u00e1nica hasta entonces desconocida, que se extiende por un corredor de 600 km de largo y 200 km de ancho. Ahora Mayotte cuenta con 11 estaciones s\u00edsmicas y puntos de referencia GPS que realizan un seguimiento de la deformaci\u00f3n de la superficie terrestre. Los datos llegan en tiempo real al observatorio del volc\u00e1n Piton de la Fournaise, en la isla Reuni\u00f3n, situada al este de Madagascar, que vigila el \u00e1rea las 24 horas (<em>Comptes Rendus G\u00e9oscience<\/em>, 17 de enero; <em>CNRS News<\/em>, 22 de marzo).<\/p>\n","protected":false},"excerpt":{"rendered":"Un volc\u00e1n submarino provoc\u00f3 cientos de temblores s\u00edsmicos y amedrent\u00f3 a la poblaci\u00f3n de la isla Mayotte","protected":false},"author":476,"featured_media":487033,"comment_status":"closed","ping_status":"closed","sticky":false,"template":"","format":"standard","meta":{"_acf_changed":false,"_exactmetrics_skip_tracking":false,"_exactmetrics_sitenote_active":false,"_exactmetrics_sitenote_note":"","_exactmetrics_sitenote_category":0,"footnotes":""},"categories":[1670],"tags":[309,321],"coauthors":[786],"class_list":["post-487044","post","type-post","status-publish","format-standard","has-post-thumbnail","hentry","category-notas-es","tag-geologia-es","tag-oceanografia-es"],"acf":[],"_links":{"self":[{"href":"https:\/\/revistapesquisa.fapesp.br\/es\/wp-json\/wp\/v2\/posts\/487044","targetHints":{"allow":["GET"]}}],"collection":[{"href":"https:\/\/revistapesquisa.fapesp.br\/es\/wp-json\/wp\/v2\/posts"}],"about":[{"href":"https:\/\/revistapesquisa.fapesp.br\/es\/wp-json\/wp\/v2\/types\/post"}],"author":[{"embeddable":true,"href":"https:\/\/revistapesquisa.fapesp.br\/es\/wp-json\/wp\/v2\/users\/476"}],"replies":[{"embeddable":true,"href":"https:\/\/revistapesquisa.fapesp.br\/es\/wp-json\/wp\/v2\/comments?post=487044"}],"version-history":[{"count":1,"href":"https:\/\/revistapesquisa.fapesp.br\/es\/wp-json\/wp\/v2\/posts\/487044\/revisions"}],"predecessor-version":[{"id":487045,"href":"https:\/\/revistapesquisa.fapesp.br\/es\/wp-json\/wp\/v2\/posts\/487044\/revisions\/487045"}],"wp:featuredmedia":[{"embeddable":true,"href":"https:\/\/revistapesquisa.fapesp.br\/es\/wp-json\/wp\/v2\/media\/487033"}],"wp:attachment":[{"href":"https:\/\/revistapesquisa.fapesp.br\/es\/wp-json\/wp\/v2\/media?parent=487044"}],"wp:term":[{"taxonomy":"category","embeddable":true,"href":"https:\/\/revistapesquisa.fapesp.br\/es\/wp-json\/wp\/v2\/categories?post=487044"},{"taxonomy":"post_tag","embeddable":true,"href":"https:\/\/revistapesquisa.fapesp.br\/es\/wp-json\/wp\/v2\/tags?post=487044"},{"taxonomy":"author","embeddable":true,"href":"https:\/\/revistapesquisa.fapesp.br\/es\/wp-json\/wp\/v2\/coauthors?post=487044"}],"curies":[{"name":"wp","href":"https:\/\/api.w.org\/{rel}","templated":true}]}}