{"id":487056,"date":"2023-08-09T14:19:46","date_gmt":"2023-08-09T17:19:46","guid":{"rendered":"https:\/\/revistapesquisa.fapesp.br\/?p=487056"},"modified":"2023-08-09T14:19:46","modified_gmt":"2023-08-09T17:19:46","slug":"el-gobernador-renueva-el-mandato-del-director-administrativo-de-la-fapesp","status":"publish","type":"post","link":"https:\/\/revistapesquisa.fapesp.br\/es\/el-gobernador-renueva-el-mandato-del-director-administrativo-de-la-fapesp\/","title":{"rendered":"El gobernador renueva el mandato del director administrativo de la FAPESP"},"content":{"rendered":"<div id=\"attachment_486997\" style=\"max-width: 610px\" class=\"wp-caption alignright\"><img loading=\"lazy\" decoding=\"async\" class=\"wp-image-486997 size-full\" src=\"https:\/\/revistapesquisa.fapesp.br\/wp-content\/uploads\/2023\/07\/RPF-notas-fernando-menezes-2023-05-site-600-1.jpg\" alt=\"\" width=\"600\" height=\"840\" srcset=\"https:\/\/revistapesquisa.fapesp.br\/wp-content\/uploads\/2023\/07\/RPF-notas-fernando-menezes-2023-05-site-600-1.jpg 600w, https:\/\/revistapesquisa.fapesp.br\/wp-content\/uploads\/2023\/07\/RPF-notas-fernando-menezes-2023-05-site-600-1-250x350.jpg 250w, https:\/\/revistapesquisa.fapesp.br\/wp-content\/uploads\/2023\/07\/RPF-notas-fernando-menezes-2023-05-site-600-1-120x168.jpg 120w\" sizes=\"auto, (max-width: 600px) 100vw, 600px\" \/><p class=\"wp-caption-text\"><span class=\"media-credits-inline\">Eduardo C\u00e9sar\/ Revista Pesquisa FAPESP<\/span>Menezes, reelecto para otro mandato de tres a\u00f1os<span class=\"media-credits\">Eduardo C\u00e9sar\/ Revista Pesquisa FAPESP<\/span><\/p><\/div>\n<p>Mediante un decreto publicado el 7 de abril de 2023 en el <em>Di\u00e1rio Oficial do Estado de S\u00e3o Paulo<\/em>, el gobernador de S\u00e3o Paulo, Tarc\u00edsio de Freitas, renov\u00f3 por otros tres a\u00f1os el mandato de Fernando Menezes de Almeida como director administrativo de la FAPESP. La decisi\u00f3n surgi\u00f3 de la terna de candidatos presentada por el Consejo Superior de la Fundaci\u00f3n, encabezada por Menezes. Profesor titular de la Facultad de Derecho de la Universidad de S\u00e3o Paulo (USP), donde se gradu\u00f3 y obtuvo su doctorado, desde 2014 coordina el programa Acuerdo de Cooperaci\u00f3n Internacional Triangular de Educaci\u00f3n Superior (Pites), un convenio suscrito entre la USP y las universidades Jean Moulin Lyon 3, Lumi\u00e8re Lyon 2 y Jean Monnet de Saint \u00c9tienne, todas en Francia. Este acuerdo les permite a los estudiantes brasile\u00f1os obtener el diploma de <em>licence en droit <\/em>\u00a0expedido por las universidades colaboradoras y con validez europea. Menezes fue secretario adjunto de Ciencia, Tecnolog\u00eda y Desarrollo Econ\u00f3mico del Estado de S\u00e3o Paulo (2003-2006) y asesor de la presidencia de la FAPESP (2007-2016). Desde mayo de 2017 ocupa el cargo de director administrativo de la Fundaci\u00f3n.<\/p>\n","protected":false},"excerpt":{"rendered":"Fernando Menezes de Almeida es nombrado una vez m\u00e1s como director administrativo de la FAPESP ","protected":false},"author":476,"featured_media":0,"comment_status":"closed","ping_status":"closed","sticky":false,"template":"","format":"standard","meta":{"_acf_changed":false,"_exactmetrics_skip_tracking":false,"_exactmetrics_sitenote_active":false,"_exactmetrics_sitenote_note":"","_exactmetrics_sitenote_category":0,"footnotes":""},"categories":[1670],"tags":[],"coauthors":[786],"class_list":["post-487056","post","type-post","status-publish","format-standard","hentry","category-notas-es"],"acf":[],"_links":{"self":[{"href":"https:\/\/revistapesquisa.fapesp.br\/es\/wp-json\/wp\/v2\/posts\/487056","targetHints":{"allow":["GET"]}}],"collection":[{"href":"https:\/\/revistapesquisa.fapesp.br\/es\/wp-json\/wp\/v2\/posts"}],"about":[{"href":"https:\/\/revistapesquisa.fapesp.br\/es\/wp-json\/wp\/v2\/types\/post"}],"author":[{"embeddable":true,"href":"https:\/\/revistapesquisa.fapesp.br\/es\/wp-json\/wp\/v2\/users\/476"}],"replies":[{"embeddable":true,"href":"https:\/\/revistapesquisa.fapesp.br\/es\/wp-json\/wp\/v2\/comments?post=487056"}],"version-history":[{"count":1,"href":"https:\/\/revistapesquisa.fapesp.br\/es\/wp-json\/wp\/v2\/posts\/487056\/revisions"}],"predecessor-version":[{"id":487057,"href":"https:\/\/revistapesquisa.fapesp.br\/es\/wp-json\/wp\/v2\/posts\/487056\/revisions\/487057"}],"wp:attachment":[{"href":"https:\/\/revistapesquisa.fapesp.br\/es\/wp-json\/wp\/v2\/media?parent=487056"}],"wp:term":[{"taxonomy":"category","embeddable":true,"href":"https:\/\/revistapesquisa.fapesp.br\/es\/wp-json\/wp\/v2\/categories?post=487056"},{"taxonomy":"post_tag","embeddable":true,"href":"https:\/\/revistapesquisa.fapesp.br\/es\/wp-json\/wp\/v2\/tags?post=487056"},{"taxonomy":"author","embeddable":true,"href":"https:\/\/revistapesquisa.fapesp.br\/es\/wp-json\/wp\/v2\/coauthors?post=487056"}],"curies":[{"name":"wp","href":"https:\/\/api.w.org\/{rel}","templated":true}]}}