{"id":490066,"date":"2023-09-21T16:33:24","date_gmt":"2023-09-21T19:33:24","guid":{"rendered":"https:\/\/revistapesquisa.fapesp.br\/?p=490066"},"modified":"2023-09-22T09:23:26","modified_gmt":"2023-09-22T12:23:26","slug":"la-contaminacion-la-perdida-de-biodiversidad-las-especies-invasoras-y-los-impactos-del-cambio-climatico","status":"publish","type":"post","link":"https:\/\/revistapesquisa.fapesp.br\/es\/la-contaminacion-la-perdida-de-biodiversidad-las-especies-invasoras-y-los-impactos-del-cambio-climatico\/","title":{"rendered":"La contaminaci\u00f3n, la p\u00e9rdida de biodiversidad, las especies invasoras y los impactos del cambio clim\u00e1tico"},"content":{"rendered":"<p>Una s\u00edntesis del Diagn\u00f3stico Marino-Costero Brasile\u00f1o sobre Biodiversidad y Servicios Ecosist\u00e9micos que se dar\u00e1 a conocer en la ciudad de S\u00e3o Paulo, en el marco de la Marine Week, que tendr\u00e1 lugar entre los d\u00edas 30 de agosto y 4 de septiembre, revelar\u00e1 noticias inquietantes y refrendar\u00e1 la necesidad de implementar acciones urgentes para restaurar y preservar los ecosistemas costeros. El litoral mar\u00edtimo brasile\u00f1o, con una extensi\u00f3n de 8.500 kil\u00f3metros (km) a lo largo de 17 estados, es de un inmenso valor, tanto biol\u00f3gico como econ\u00f3mico: de ah\u00ed se extraen alrededor de un 85 % del petr\u00f3leo, un 75 % del gas natural y un 45 % del pescado que produce el pa\u00eds.<\/p>\n<p>Un resumen de 20 p\u00e1ginas, coordinado por la Plataforma Brasile\u00f1a de Biodiversidad y Servicios Ecosist\u00e9micos (BPBES) y dirigido a los gestores p\u00fablicos, pone de relieve la p\u00e9rdida de biodiversidad y la profunda degradaci\u00f3n a la que se ven sometidos los manglares, los arrecifes de coral, las playas y otros ambientes marinos y costeros. Entre las causas, sobresalen la contaminaci\u00f3n por aguas cloacales, residuos qu\u00edmicos y envases pl\u00e1sticos, el cambio clim\u00e1tico, la urbanizaci\u00f3n descontrolada, la falta de pol\u00edticas p\u00fablicas eficaces y la introducci\u00f3n de especies invasoras como el pez le\u00f3n (<em>Pterois <\/em>spp.), procedente del oc\u00e9ano \u00cdndico, que ya ha diezmado a los alevines de otras especies en el mar Caribe.<\/p>\n<p>Para mitigar estos problemas, los autores del diagn\u00f3stico proponen estrategias de gobernanza que congreguen a todas las partes interesadas \u2013 instituciones de investigaci\u00f3n, organismos gubernamentales, empresas y sociedad civil, incluidas las comunidades tradicionales \u2013 y apoyen las decisiones basadas en el mejor conocimiento posible, como resultado de estudios cient\u00edficos o de la pr\u00e1ctica de los pueblos ind\u00edgenas y comunidades tradicionales. Un ejemplo es la evaluaci\u00f3n de las poblaciones de peces, a partir de las cuales podr\u00edan proyectarse l\u00edmites al volumen de pesca y reducir el riesgo de extinci\u00f3n de especies.<\/p>\n<p>\u201cDebemos aprender a ir a la mesa de negociaciones sin querer imponer nuestra verdad, porque cada uno interpreta el mundo a su manera\u201d, subraya una de las coordinadoras del diagn\u00f3stico, la bi\u00f3loga Cristiana Sim\u00e3o Seixas, del N\u00facleo de Estudios e Investigaciones Ambientales de la Universidad de Campinas (Nepam-Unicamp). \u201cY nadie puede irse sinti\u00e9ndose derrotado\u201d.<\/p>\n<div id=\"attachment_490071\" style=\"max-width: 1150px\" class=\"wp-caption alignright\"><img loading=\"lazy\" decoding=\"async\" class=\"wp-image-490071 size-full\" src=\"https:\/\/revistapesquisa.fapesp.br\/wp-content\/uploads\/2023\/08\/RPF-Mar-2023-05-site-01-1140.jpg\" alt=\"\" width=\"1140\" height=\"690\" srcset=\"https:\/\/revistapesquisa.fapesp.br\/wp-content\/uploads\/2023\/08\/RPF-Mar-2023-05-site-01-1140.jpg 1140w, https:\/\/revistapesquisa.fapesp.br\/wp-content\/uploads\/2023\/08\/RPF-Mar-2023-05-site-01-1140-250x151.jpg 250w, https:\/\/revistapesquisa.fapesp.br\/wp-content\/uploads\/2023\/08\/RPF-Mar-2023-05-site-01-1140-700x424.jpg 700w, https:\/\/revistapesquisa.fapesp.br\/wp-content\/uploads\/2023\/08\/RPF-Mar-2023-05-site-01-1140-120x73.jpg 120w\" sizes=\"auto, (max-width: 1140px) 100vw, 1140px\" \/><p class=\"wp-caption-text\"><span class=\"media-credits-inline\">Lindrik\/Getty images<\/span>Barcos pesqueros en el litoral de R\u00edo de Janeiro<span class=\"media-credits\">Lindrik\/Getty images<\/span><\/p><\/div>\n<p>Seg\u00fan Sim\u00e3o Seixas, un actor clave en las negociaciones es el Ministerio P\u00fablico, organismo cuya funci\u00f3n primordial es la fiscalizaci\u00f3n del Estado, y es responsable de la creaci\u00f3n, implementaci\u00f3n y supervisi\u00f3n de las leyes ambientales. Por ahora, el di\u00e1logo es exiguo. \u201cFalta articulaci\u00f3n entre los gobiernos federal, estaduales y municipales en lo que se refiere a las iniciativas de protecci\u00f3n del ambiente marino\u201d, dice otro de los coordinadores del diagn\u00f3stico, el bi\u00f3logo Alexander Turra, del Instituto Oceanogr\u00e1fico de la Universidad de S\u00e3o Paulo (IO-USP) y de la c\u00e1tedra de la Organizaci\u00f3n de las Naciones Unidas para la Educaci\u00f3n, la Ciencia y la Cultura (Unesco) para la Sostenibilidad Oce\u00e1nica del Instituto de Estudios Avanzados (IEA-USP). La versi\u00f3n completa del estudio se publicar\u00e1 a finales de este a\u00f1o.<\/p>\n<p>La preocupaci\u00f3n por los ambientes marinos es mundial. En marzo, la Organizaci\u00f3n de las Naciones Unidas (ONU) anunci\u00f3 el Tratado del Mar, para definir a un 30 % de los oc\u00e9anos como \u00e1reas protegidas y garantizar la conservaci\u00f3n y el uso sostenible de la biodiversidad marina en aguas internacionales. En 2017, la ONU hab\u00eda lanzado la D\u00e9cada de las Ciencias Oce\u00e1nicas para el Desarrollo Sostenible (2021-2030) con el objetivo de reforzar la investigaci\u00f3n cient\u00edfica y la gesti\u00f3n integral de los oc\u00e9anos y las zonas costeras.<\/p>\n<p>Las iniciativas internacionales han reactivado los planes nacionales de conservaci\u00f3n del ambiente marino, han acercado a los grupos de investigaci\u00f3n y motivaron nuevas directrices, como el Plan Nacional de Implementaci\u00f3n del Decenio de la Ciencia Oce\u00e1nica para el Desarrollo Sostenible, lanzado en diciembre de 2021 por el Ministerio de Ciencia, Tecnolog\u00eda e Innovaci\u00f3n (MCTI).<\/p>\n<p>Adem\u00e1s de formular diagn\u00f3sticos, los investigadores contribuyen a la resoluci\u00f3n de problemas. Un caso muy ilustrativo de esta colaboraci\u00f3n tuvo lugar a lo largo de la d\u00e9cada de 2010 en el pueblo de Trindade, que forma parte del municipio de Paraty, en la costa del estado de R\u00edo de Janeiro. Los barqueros siempre llevaban a los turistas a una piscina natural situada dentro del \u00e1rea del parque Nacional Serra da Bocaina. Tras suscitarse varios conflictos, el Instituto Chico Mendes de Conservaci\u00f3n de la Biodiversidad (ICMBio) exigi\u00f3 que los barqueros realizaran cursos de capacitaci\u00f3n antes de firmar un acuerdo que los habilitaba a operar legalmente en el parque. Investigadoras del equipo de Sim\u00e3o Seixas que trabajaban en el \u00e1rea, tambi\u00e9n con el apoyo de la FAPESP, entre ellas Nat\u00e1lia Bahia y Paula Chamy da Costa, dise\u00f1aron tres de los cinco cursos exigidos y ayudaron a mediar en las conversaciones entre el ICMBio y la Asociaci\u00f3n de Barqueros y Pescadores de Trindade (Abat). Los lancheros cumplieron con los requerimientos del parque, asistieron a los cursos y, en 2020, obtuvieron la autorizaci\u00f3n para el traslado de turistas. \u201cRegres\u00e9 all\u00e1 en febrero y todo marchaba bien. Los barqueros estaban bien organizados, uniformados, y todos los barcos contaban con elementos de seguridad\u201d, certifica la bi\u00f3loga.<\/p>\n<div id=\"attachment_490075\" style=\"max-width: 1150px\" class=\"wp-caption alignright\"><img loading=\"lazy\" decoding=\"async\" class=\"wp-image-490075 size-full\" src=\"https:\/\/revistapesquisa.fapesp.br\/wp-content\/uploads\/2023\/08\/RPF-Mar-2023-05-site-02-1140.jpg\" alt=\"\" width=\"1140\" height=\"640\" srcset=\"https:\/\/revistapesquisa.fapesp.br\/wp-content\/uploads\/2023\/08\/RPF-Mar-2023-05-site-02-1140.jpg 1140w, https:\/\/revistapesquisa.fapesp.br\/wp-content\/uploads\/2023\/08\/RPF-Mar-2023-05-site-02-1140-250x140.jpg 250w, https:\/\/revistapesquisa.fapesp.br\/wp-content\/uploads\/2023\/08\/RPF-Mar-2023-05-site-02-1140-700x393.jpg 700w, https:\/\/revistapesquisa.fapesp.br\/wp-content\/uploads\/2023\/08\/RPF-Mar-2023-05-site-02-1140-120x67.jpg 120w\" sizes=\"auto, (max-width: 1140px) 100vw, 1140px\" \/><p class=\"wp-caption-text\"><span class=\"media-credits-inline\">Giogomes\/Wikimedia<\/span>Un manglar seco en Jericoacoara (Cear\u00e1)<span class=\"media-credits\">Giogomes\/Wikimedia<\/span><\/p><\/div>\n<p>Por su parte, Turra coordina una investigaci\u00f3n, tambi\u00e9n financiada por la FAPESP, que ha dado como resultado una propuesta de reorganizaci\u00f3n de las formas de ocupaci\u00f3n de las playas del norte del litoral paulista, teniendo en cuenta no solo la funci\u00f3n tur\u00edstica, sino tambi\u00e9n la producci\u00f3n de alimentos para las comunidades locales y la protecci\u00f3n contra la erosi\u00f3n.<\/p>\n<p>En el estado de S\u00e3o Paulo, los estudios sobre el mar son muy diversificados. Las investigaciones abordan desde la clasificaci\u00f3n cient\u00edfica de los organismos marinos, como las realizadas por la bi\u00f3loga Cec\u00edlia Amaral en la Universidad de Campinas (Unicamp) y su colega, el tambi\u00e9n bi\u00f3logo Paulo Sumida, del IO, hasta las estrategias de conservaci\u00f3n. Investigadores de instituciones paulistas han participado en la caracterizaci\u00f3n de ambientes hasta ahora desconocidos, tales como la desembocadura del r\u00edo Amazonas, las colinas de arrecifes de la costa de Esp\u00edrito Santo y un banco de rodolitos (algas calc\u00e1reas) de 5 kil\u00f3metros cuadrados (km<sup>2<\/sup>) frente a las costas de S\u00e3o Paulo. El buque oceanogr\u00e1fico Alpha Crucis, el barco Alpha Delphini y las bases del IO en Ubatuba, en la costa norte del estado, y Cananeia, en el sector sur, est\u00e1n al servicio de bi\u00f3logos, ocean\u00f3grafos, ge\u00f3logos, qu\u00edmicos y otros especialistas de universidades estaduales y federales e institutos de investigaci\u00f3n.<\/p>\n<p>Desde 1993, la FAPESP ha financiado casi 1.100 proyectos de investigaci\u00f3n oce\u00e1nica, generalmente vinculados a los programas Biota o de Investigaciones sobre Cambios Clim\u00e1ticos Globales. \u201cSe trata de un tema de gran importancia\u201d, comenta Marco Antonio Zago, presidente del Consejo Superior de la FAPESP. \u201cEstamos convencidos de que tenemos que investigar m\u00e1s sobre el ambiente marino, debido a sus implicaciones en la biodiversidad, la ocupaci\u00f3n humana, la explotaci\u00f3n petrolera y el cambio clim\u00e1tico\u201d.<\/p>\n<p>Pr\u00e1cticamente la totalidad de la Zona Econ\u00f3mica Exclusiva (ZEE), la franja de hasta 370 km de que se extiende a lo largo de la costa y que forma un \u00e1rea de 3.6 millones de km<sup>2<\/sup>, presenta al menos una amenaza para el equilibrio del ecosistema marino. Las transformaciones m\u00e1s acentuadas se han producido en las zonas portuarias del nordeste, sudeste y sur de la costa brasile\u00f1a y en la desembocadura del r\u00edo Amazonas, que en los \u00faltimos a\u00f1os se ha transformado en un \u00e1rea de pesca intensiva.<a name=\"ameacas-em-ambientes\"><\/a><\/p>\n<picture data-tablet=\"\/wp-content\/uploads\/2023\/08\/mar_328_info01_grafico-760.png\" data-tablet_size=\"760x850\" alt=\"Amea\u00e7as em ambientes\">\n    <source srcset=\"\/wp-content\/uploads\/2023\/08\/mar_328_info01_grafico-760.png\" media=\"(min-width: 1920px)\" \/>\n    <source srcset=\"\/wp-content\/uploads\/2023\/08\/mar_328_info01_grafico-760.png\" media=\"(min-width: 1140px)\" \/>\n    <img decoding=\"async\" class=\"responsive-img\" src=\"\/wp-content\/uploads\/2023\/08\/mar_328_info01_grafico-1140.png\" \/>\n  <\/picture><span class=\"embed media-credits-inline\">Alexandre Affonso \/ Revista Pesquisa FAPESP<\/span>\n<p>Las conclusiones parten de un estudio publicado en noviembre de 2020 en la revista <em>Diversity and Distributions<\/em>, coordinado por el ocean\u00f3grafo Rafael Magris, del ICMBio. En el mismo se evaluaron los efectos de la presi\u00f3n ejercida por 24 actividades humanas \u2013 que incluyen la pesca industrial, el uso de fertilizantes agr\u00edcolas que llegan al mar, la contaminaci\u00f3n portuaria y la extracci\u00f3n de petr\u00f3leo \u2013 sobre 161 muestras de distintos h\u00e1bitats del litoral brasile\u00f1o, desde Amap\u00e1 hasta Rio Grande do Sul, y 143 especies de la fauna marina (incluyendo invertebrados, peces, mam\u00edferos, reptiles y aves) clasificadas como en peligro cr\u00edtico, en peligro o con alg\u00fan riesgo de extinci\u00f3n.<\/p>\n<p>Casi toda el \u00e1rea analizada (el 95 %) presentaba cambios que los cient\u00edficos atribuyen al calentamiento global; del 60 % al 83 % de la superficie, debido a los distintos tipos de redes utilizadas por los grandes barcos pesqueros; y un 22 % por los fertilizantes y agroqu\u00edmicos empleados en las actividades agr\u00edcolas. Aunque incipiente, la miner\u00eda oce\u00e1nica \u2013 principalmente de algas calc\u00e1reas que se utilizan para corregir la acidez del suelo \u2013 interfiere en 63 de las 161 muestras de los h\u00e1bitats examinadas (<a href=\"#ameacas-em-ambientes\"><em>v\u00e9ase el gr\u00e1fico<\/em><\/a>). Estas presiones aceleran la transformaci\u00f3n de los ecosistemas costeros, menoscaban sus funciones ecol\u00f3gicas (reproducci\u00f3n de peces y crust\u00e1ceos, por ejemplo) e incrementan el riesgo de reducci\u00f3n de las existencias de peces y otros grupos de animales.<\/p>\n<p>La informaci\u00f3n aportada por este trabajo sirvi\u00f3 como base para presentar una propuesta de nuevas \u00e1reas de conservaci\u00f3n marina en la desembocadura del r\u00edo Amazonas, al sur del archipi\u00e9lago de Abrolhos (frente a las costas del sur del estado de Bah\u00eda) y en los bancos de coral del lecho marino. En la actualidad, tan solo un 2,5 % de la ZEE corresponde a \u00e1reas de protecci\u00f3n marina integral, en las que la pesca est\u00e1 prohibida. \u201cHace d\u00e9cadas que no creamos ning\u00fan \u00e1rea marina de protecci\u00f3n integral reglamentada como parque nacional o reserva biol\u00f3gica\u201d, dice el bi\u00f3logo Ronaldo Francini-Filho, del Centro de Biolog\u00eda Marina (CEBIMar) de la USP, quien particip\u00f3 en el estudio.<\/p>\n<p>En inmersiones realizadas entre 2001 y 2008 en la regi\u00f3n de Abrolhos, frente a las costas de Bah\u00eda, Francini-Filho pudo constatar una disminuci\u00f3n estimada en un 50 % de la poblaci\u00f3n de peces loro azul (<em>Scarus trispinosus<\/em>), que llegan a medir 90 cent\u00edmetros (cm) de largo y que en 2014 ingresaron a la lista de especies amenzadas.<\/p>\n<div id=\"attachment_490079\" style=\"max-width: 1150px\" class=\"wp-caption alignright\"><img loading=\"lazy\" decoding=\"async\" class=\"wp-image-490079 size-full\" src=\"https:\/\/revistapesquisa.fapesp.br\/wp-content\/uploads\/2023\/08\/RPF-Mar-2023-05-site-03-1140.jpg\" alt=\"\" width=\"1140\" height=\"756\" srcset=\"https:\/\/revistapesquisa.fapesp.br\/wp-content\/uploads\/2023\/08\/RPF-Mar-2023-05-site-03-1140.jpg 1140w, https:\/\/revistapesquisa.fapesp.br\/wp-content\/uploads\/2023\/08\/RPF-Mar-2023-05-site-03-1140-250x166.jpg 250w, https:\/\/revistapesquisa.fapesp.br\/wp-content\/uploads\/2023\/08\/RPF-Mar-2023-05-site-03-1140-700x464.jpg 700w, https:\/\/revistapesquisa.fapesp.br\/wp-content\/uploads\/2023\/08\/RPF-Mar-2023-05-site-03-1140-120x80.jpg 120w\" sizes=\"auto, (max-width: 1140px) 100vw, 1140px\" \/><p class=\"wp-caption-text\"><span class=\"media-credits-inline\">Mahmut Serdar Alakus\/Anadolu Agency v\u00eda Getty Images<\/span>Pez le\u00f3n, una especie invasora<span class=\"media-credits\">Mahmut Serdar Alakus\/Anadolu Agency v\u00eda Getty Images<\/span><\/p><\/div>\n<p>\u201cEl cambio clim\u00e1tico hace todo m\u00e1s complicado\u201d, dijo la ocean\u00f3grafa Vanessa Hatje, de la Universidad Federal de Bah\u00eda (UFBA), en un congreso titulado Di\u00e1logos de la Cultura Oce\u00e1nica, realizado en octubre de 2022 en Santos (S\u00e3o Paulo) por la Universidad Federal de S\u00e3o Paulo (Unifesp). Seg\u00fan un estudio coordinado por ella junto con colegas de la India, Alemania, Chile y el Reino Unido, publicado en julio de 2022 en la revista <em>Frontiers in Marine Science<\/em>, el aumento de la temperatura media anual de los oc\u00e9anos puede intensificar la acidificaci\u00f3n, reducir los niveles de ox\u00edgeno del agua y contribuir a la elevaci\u00f3n del nivel del mar, como as\u00ed tambi\u00e9n alterar la acci\u00f3n de los contaminantes en el medio marino global.<\/p>\n<p>El litoral brasile\u00f1o ya podr\u00eda estar mostrando los efectos del cambio clim\u00e1tico. \u201cLuego de un fuerte aumento de la temperatura media en 2019, el m\u00e1s pronunciado desde 1985, hemos observado el blanqueamiento [p\u00e9rdida de color] y una alta mortandad de corales\u201d, dijo la bi\u00f3loga B\u00e1rbara Pinheiro, del Proyecto Ecol\u00f3gico de Larga Duraci\u00f3n (Peld) Costa dos Corais, basado en estudios realizados en 2018, 2019 y 2020 a lo largo de 120 km de un \u00e1rea de protecci\u00f3n ambiental marina situada entre los estados de Pernambuco y Alagoas. Seg\u00fan informa un estudio publicado en mayo de 2022 en la revista <em>Frontiers in Marine Science<\/em>, las poblaciones del llamado coral de fuego (<em>Millepora braziliensis<\/em>) se han visto reducidas en un 50 % y las del llamado <em>coral-couve-flor<\/em> o coral cerebro (<em>Mussismilia hartii<\/em>), que ayuda a formar otros corales, en un 32 %.<\/p>\n<p>\u201cEl riesgo de que el mar invada \u00e1reas urbanas ser\u00e1 mayor si destruimos o perdemos los arrecifes, porque estos forman barreras que ayudan a amortiguar la fuerza de las olas\u201d, dice la bi\u00f3loga June Ferraz Dias, del IO-USP. Con el apoyo de la FAPESP, la investigadora estudia la distribuci\u00f3n de las comunidades de peces de las aguas que circundan la isla Anchieta, un \u00e1rea de protecci\u00f3n ambiental situada en la costa norte de S\u00e3o Paulo. En su primer viaje, en mayo, la red de arrastre que barri\u00f3 el fondo marino recogi\u00f3 alrededor de 15 kg de residuos pl\u00e1sticos. \u201cFue espantoso\u201d, declar\u00f3.<\/p>\n<p>En la bah\u00eda de Guanabara, en el \u00c1rea Metropolitana de R\u00edo de Janeiro capital, los problemas son otros: ha habido un incremento de la cantidad de especies ex\u00f3ticas y se ha alterado la distribuci\u00f3n de las \u00e1reas ocupadas por grupos de animales marinos, seg\u00fan estudios que ha llevado a cabo la Universidad Federal de R\u00edo de Janeiro (UFRJ). Tanto all\u00ed como en Ba\u00eda de Todos os Santos, en el estado de Bah\u00eda, proliferan las poblaciones de una ostra procedente del Indo-Pac\u00edfico (<em>Saccostrea cucullata<\/em>) y disminuyeron las de una especie aut\u00f3ctona (<em>Crassostrea rhizophorae<\/em>), \u201cpero no en el mismo espacio, lo que indica que no se trata de competencia, sino de un efecto del aumento de la temperatura media de las aguas\u201d, dice el bi\u00f3logo Paulo Cesar de Paiva, de la UFRJ. \u201cLa especie aut\u00f3ctona tiene menor resistencia que la otra a las temperaturas m\u00e1s altas\u201d.<\/p>\n<div id=\"attachment_490083\" style=\"max-width: 1150px\" class=\"wp-caption alignright\"><img loading=\"lazy\" decoding=\"async\" class=\"wp-image-490083 size-full\" src=\"https:\/\/revistapesquisa.fapesp.br\/wp-content\/uploads\/2023\/08\/RPF-Mar-2023-05-site-04-1140.jpg\" alt=\"\" width=\"1140\" height=\"731\" srcset=\"https:\/\/revistapesquisa.fapesp.br\/wp-content\/uploads\/2023\/08\/RPF-Mar-2023-05-site-04-1140.jpg 1140w, https:\/\/revistapesquisa.fapesp.br\/wp-content\/uploads\/2023\/08\/RPF-Mar-2023-05-site-04-1140-250x160.jpg 250w, https:\/\/revistapesquisa.fapesp.br\/wp-content\/uploads\/2023\/08\/RPF-Mar-2023-05-site-04-1140-700x449.jpg 700w, https:\/\/revistapesquisa.fapesp.br\/wp-content\/uploads\/2023\/08\/RPF-Mar-2023-05-site-04-1140-120x77.jpg 120w\" sizes=\"auto, (max-width: 1140px) 100vw, 1140px\" \/><p class=\"wp-caption-text\"><span class=\"media-credits-inline\">Robertocostapinto\/Wikimedia<\/span>Pez loro azul, en peligro<span class=\"media-credits\">Robertocostapinto\/Wikimedia<\/span><\/p><\/div>\n<p>No es el \u00fanico problema en la bah\u00eda de Guanabara. Los residuos de metales pesados, petr\u00f3leo y combustible que derraman los barcos contaminan tanto el agua como los manglares, que de preserv\u00e1rselos podr\u00edan ayudar a mitigar los efectos del calentamiento global, ya que su fondo fangoso acumula materia org\u00e1nica. \u201cLo mejor que podemos hacer es no tocar los manglares, para no liberar esos dep\u00f3sitos de carbono a la atm\u00f3sfera y agravar los efectos del cambio clim\u00e1tico\u201d, recomienda Hatje (<a href=\"https:\/\/revistapesquisa.fapesp.br\/planicies-associadas-as-florestas-de-mangue-retiram-carbono-da-atmosfera\/\" target=\"_blank\" rel=\"noopener\"><em>v\u00e9ase el art\u00edculo en portugu\u00e9s \u201cLas llanuras asociadas a los bosques de manglares sustraen carbono de la atm\u00f3sfera\u201d, en el sitio web de esta revista<\/em><\/a>).<\/p>\n<p>En tanto, las costas del estado de Cear\u00e1 registran una expansi\u00f3n de los manglares, debido al avance del agua del mar y al aumento de la salinidad. \u201cLas represas construidas en los r\u00edos para formar embalses reducen a\u00fan m\u00e1s el agua dulce de los estuarios y facilitan la entrada del mar\u201d, explica la bi\u00f3loga Hort\u00eancia de Sousa Barroso, de la Universidad Federal de Cear\u00e1 (UFC), miembro de otro proyecto de la red de 11 Peld marino-costeros patrocinados por el Consejo Nacional de Desarrollo Cient\u00edfico y Tecnol\u00f3gico (CNPq).<\/p>\n<p>En la bah\u00eda de Paranagu\u00e1, en el litoral del estado de Paran\u00e1, el qu\u00edmico C\u00e9sar de Castro Martins, de la Universidad Federal de Paran\u00e1 (UFPR), hall\u00f3 lo que \u00e9l denomina \u201ccontaminantes emergentes\u201d: restos de perfumes y protectores solares utilizados por residentes y turistas de las ciudades cercanas a la costa. Investigadores de Pontal do Paran\u00e1 [Paran\u00e1], Salvador [Bah\u00eda] y S\u00e3o Paulo detectaron niveles m\u00e1s altos de estos productos de cuidado personal en muestras de sedimentos de las zonas del Bosque Atl\u00e1ntico mejor conservadas, un resultado aparentemente parad\u00f3jico, pero que se explica por la circulaci\u00f3n de las aguas y la expansi\u00f3n del turismo. Por otra parte, \u201clos mejores indicadores ambientales se encuentran en las \u00e1reas que ostentan los indicadores socioecon\u00f3micos m\u00e1s bajos\u201d, dice, ante un panorama que impone un reto: \u201cTenemos que mejorar la calidad de vida de la poblaci\u00f3n manteniendo el medio ambiente saludable\u201d.<\/p>\n<div class=\"box\"><strong>Para poner en valor el ambiente marino<br \/>\n<\/strong><em>Cient\u00edficos y gestores p\u00fablicos analizan la mejor manera de aplicar los resultados de las investigaciones<\/em><\/p>\n<p><div id=\"attachment_490087\" style=\"max-width: 1150px\" class=\"wp-caption alignright\"><img loading=\"lazy\" decoding=\"async\" class=\"wp-image-490087 size-full\" src=\"https:\/\/revistapesquisa.fapesp.br\/wp-content\/uploads\/2023\/08\/RPF-Mar-2023-05-site-05-1140.jpg\" alt=\"\" width=\"1140\" height=\"705\" srcset=\"https:\/\/revistapesquisa.fapesp.br\/wp-content\/uploads\/2023\/08\/RPF-Mar-2023-05-site-05-1140.jpg 1140w, https:\/\/revistapesquisa.fapesp.br\/wp-content\/uploads\/2023\/08\/RPF-Mar-2023-05-site-05-1140-250x155.jpg 250w, https:\/\/revistapesquisa.fapesp.br\/wp-content\/uploads\/2023\/08\/RPF-Mar-2023-05-site-05-1140-700x433.jpg 700w, https:\/\/revistapesquisa.fapesp.br\/wp-content\/uploads\/2023\/08\/RPF-Mar-2023-05-site-05-1140-120x74.jpg 120w\" sizes=\"auto, (max-width: 1140px) 100vw, 1140px\" \/><p class=\"wp-caption-text\"><span class=\"media-credits-inline\">Jonne Roriz\/Nosso Impacto<\/span>Colonia de corales y una vista a\u00e9rea del \u00c1rea de Protecci\u00f3n Ambiental Costa dos Corais<span class=\"media-credits\">Jonne Roriz\/Nosso Impacto<\/span><\/p><\/div><\/p>\n<p><em><br \/>\n<\/em>En 1993, la bi\u00f3loga Beatrice Padovani Ferreira y el ocean\u00f3grafo Mauro Maida, ambos de la Universidad Federal de Pernambuco (UFPE), junto con el Centro de Investigaci\u00f3n y Conservaci\u00f3n de la Biodiversidad Marina del Nordeste (Cepene) del ICMBio [Instituto Chico Mendes de Conservaci\u00f3n de la Biodiversidad], y otros investigadores, comenzaron a monitorear el h\u00e1bitat y las poblaciones de corales, peces y otras comunidades de organismos marinos del litoral cercano a la ciudad de Recife [Pernambuco]. La necesidad de crear \u00e1reas protegidas se hizo patente ante la disminuci\u00f3n de las existencias de peces.<\/p>\n<p>Diversos estudios y consultas con los pobladores locales fundamentaron la creaci\u00f3n, en 1997, del \u00c1rea de Protecci\u00f3n Ambiental Costa de los Corales (Apacc), de 2,95 km<sup>2<\/sup> en Tamandar\u00e9, en la costa sur del estado. Se trata de la mayor unidad de conservaci\u00f3n marina en las costas de Brasil, que sirvi\u00f3 como base jur\u00eddica para el ordenamiento del uso y la conservaci\u00f3n de los arrecifes de la regi\u00f3n.<\/p>\n<p>Seg\u00fan un estudio realizado por el grupo, publicado en abril de 2022 en la revista <em>Marine Ecology Progress Series<\/em>, esta regi\u00f3n funciona como un refugio para la conservaci\u00f3n de las poblaciones de especies de peces con valor comercial, que tambi\u00e9n emigran hacia zonas vecinas. Otras investigaciones han destacado la importancia de la conectividad entre los distintos ambientes y han apuntado que la protecci\u00f3n de tan solo un tipo de entorno podr\u00eda no ser suficiente.<\/p>\n<p><div id=\"attachment_490091\" style=\"max-width: 1150px\" class=\"wp-caption alignright\"><img loading=\"lazy\" decoding=\"async\" class=\"wp-image-490091 size-full\" src=\"https:\/\/revistapesquisa.fapesp.br\/wp-content\/uploads\/2023\/08\/RPF-Mar-2023-05-site-06-1140.jpg\" alt=\"\" width=\"1140\" height=\"640\" srcset=\"https:\/\/revistapesquisa.fapesp.br\/wp-content\/uploads\/2023\/08\/RPF-Mar-2023-05-site-06-1140.jpg 1140w, https:\/\/revistapesquisa.fapesp.br\/wp-content\/uploads\/2023\/08\/RPF-Mar-2023-05-site-06-1140-250x140.jpg 250w, https:\/\/revistapesquisa.fapesp.br\/wp-content\/uploads\/2023\/08\/RPF-Mar-2023-05-site-06-1140-700x393.jpg 700w, https:\/\/revistapesquisa.fapesp.br\/wp-content\/uploads\/2023\/08\/RPF-Mar-2023-05-site-06-1140-120x67.jpg 120w\" sizes=\"auto, (max-width: 1140px) 100vw, 1140px\" \/><p class=\"wp-caption-text\"><span class=\"media-credits-inline\">Jonne Roriz\/Nosso Impacto<\/span>Vista a\u00e9rea del \u00c1rea de Protecci\u00f3n Ambiental Costa dos Corais<span class=\"media-credits\">Jonne Roriz\/Nosso Impacto<\/span><\/p><\/div><\/p>\n<p>\u201cLas formas juveniles del joc\u00fa o pargo joc\u00fa [<em>Lutjanus jocu<\/em>] y pargo criollo [<em>Lutjanus analis<\/em>], de gran inter\u00e9s para los pescadores, ocupan \u00e1reas poco profundas, pero migran a lo largo de su vida y forman grupos de cientos de peces en zonas profundas para reproducirse\u201d, dice Padovani Ferreira. \u201cEl ICMBio est\u00e1 considerando la expansi\u00f3n de la Apacc, ya que las \u00e1reas m\u00e1s profundas se hallaban fuera de sus l\u00edmites\u201d.<\/p>\n<p>Los investigadores han venido dialogando con fiscales, alcaldes y otros representantes de organismos gubernamentales para que sus trabajos contribuyan a la recuperaci\u00f3n del medio ambiente. Y a medida que su labor se va tornando m\u00e1s conocida, son convocados por los equipos de esos organismos y participan en la planificaci\u00f3n de las unidades de conservaci\u00f3n.<\/p>\n<p>En julio de 2022, un grupo de la UFRJ, con el apoyo de la alcald\u00eda de Maca\u00e9 (R\u00edo de Janeiro), convoc\u00f3 a estudiantes, docentes y otros voluntarios para plantar especies nativas, cercar las \u00e1reas de conservaci\u00f3n e instalar carteles en donde se han retirado especies invasoras, para asegurar el restablecimiento de la restinga, formada por \u00e1rboles delgados y achaparrados, entre los cuales fluyen arroyos de aguas con tonalidades cobrizas. Los cient\u00edficos, que vienen realizando un seguimiento de los cambios en la regi\u00f3n desde hace 22 a\u00f1os, han notado que, fundamentalmente a partir de 2016, ha aumentado un 30 % la cantidad de especies de mam\u00edferos y gram\u00edneas invasoras y un 20 % la de los peces de agua dulce, como consecuencia de la reducci\u00f3n de las \u00e1reas boscosas debido a la construcci\u00f3n de viviendas a orillas del mar.<\/p>\n<p>En diciembre, el ge\u00f3logo Rodolfo Jos\u00e9 Angulo y su equipo, de la UFPR, mantuvo un di\u00e1logo con funcionarios municipales y residentes de Ilha do Mel, el segundo mayor centro tur\u00edstico paranaense despu\u00e9s de Foz do Igua\u00e7u, para presentarles los resultados de los estudios del equipo en la regi\u00f3n y promover acciones de recuperaci\u00f3n ambiental. En 2022, tras haber analizado la circulaci\u00f3n de residuos domiciliarios en la bah\u00eda de Paranagu\u00e1, los investigadores construyeron dos sistemas de tratamiento de aguas cloacales, con biodigestores y filtrado de residuos por ra\u00edces, piedras y arena, en las dos escuelas de la isla. Seg\u00fan Angulo, cuando llov\u00eda, las fosas s\u00e9pticas se llenaban y su contenido desbordaba hacia el interior de las aulas.<\/div>\n<p class=\"bibliografia separador-bibliografia\"><strong>Proyectos<br \/>\n1.<\/strong> Para promover la planificaci\u00f3n espacial y la conservaci\u00f3n de playas mediante un abordaje ecosist\u00e9mico (<a href=\"https:\/\/bv.fapesp.br\/pt\/auxilios\/103840\/promovendo-o-planejamento-espacial-e-conservacao-de-praias-por-meio-de-uma-abordagem-ecossistemica\/\" target=\"_blank\" rel=\"noopener\">n\u00ba 18\/19776-2<\/a>); <strong>Modalidad <\/strong>Ayuda de Investigaci\u00f3n \u2012 Programa Biota; <strong>Investigador responsable<\/strong> Alexander Turra (USP); <strong>Inversi\u00f3n<\/strong> R$ 243.096,82.<br \/>\n<strong>2.<\/strong> El efecto <em>spillover<\/em> de las \u00c1reas Marinas Protegidas en Brasil. Un an\u00e1lisis dentro y fuera de las zonas de exclusi\u00f3n de pesca situadas alrededor de las Unidades de Conservaci\u00f3n (<a href=\"https:\/\/bv.fapesp.br\/pt\/auxilios\/107619\/efeito-spillover-das-areas-marinhas-protegidas-uma-avaliacao-dentro-e-fora-de-areas-de-exclusao-de-p\/\" target=\"_blank\" rel=\"noopener\">n\u00ba 20\/00046-4<\/a>); <strong>Modalidad <\/strong>Ayuda de Investigaci\u00f3n \u2012 Programa Biota; <strong>Investigadora responsable<\/strong> June Ferraz Dias (USP); <strong>Inversi\u00f3n<\/strong> R$ 179.816,26.<br \/>\n<strong>3.<\/strong> La diversidad y la evoluci\u00f3n de los peces en el oc\u00e9ano profundo. <em>Deep-ocean<\/em> (<a href=\"https:\/\/bv.fapesp.br\/pt\/auxilios\/99843\/diversidade-e-evolucao-de-peixes-de-oceano-profundo-deep-ocean\/\" target=\"_blank\" rel=\"noopener\">n\u00ba 17\/12909-4<\/a>); <strong>Modalidad <\/strong>Ayuda de Investigaci\u00f3n \u2012 Programa Biota \u2012 J\u00f3venes Investigadores; <strong>Investigador responsable<\/strong> Marcelo Roberto Souto de Melo (USP); <strong>Inversi\u00f3n<\/strong> R$ 1.021.570,91.<br \/>\n<strong>4.<\/strong> Las conexiones bent\u00f3nicas en las altas latitudes del hemisferio sur. <em>Becool<\/em> (<a href=\"https:\/\/bv.fapesp.br\/pt\/auxilios\/108621\/conexoes-bentonicas-em-altas-latitudes-do-hemisferio-sul-becool\/\" target=\"_blank\" rel=\"noopener\">n\u00ba 19\/12551<\/a>); <strong>Modalidad <\/strong>Ayuda de Investigaci\u00f3n \u2012 Programa de Investigaciones sobre Cambios Clim\u00e1ticos Globales \u2013 Proyecto Tem\u00e1tico; <strong>Investigador responsable<\/strong> Paulo Yukio Gomes Sumida (USP); <strong>Inversi\u00f3n<\/strong> R$ 208.113,01.<br \/>\n<strong>5.<\/strong> Un abordaje integral para la prospecci\u00f3n sostenible de los productos marinos naturales. De la diversidad a las sustancias anticancer\u00edgenas (<a href=\"https:\/\/bv.fapesp.br\/pt\/auxilios\/96319\/abordagem-integrada-na-prospeccao-sustentavel-de-produtos-naturais-marinhos-da-diversidade-a-substan\/\" target=\"_blank\" rel=\"noopener\">n\u00ba 15\/17177-6<\/a>); <strong>Modalidad <\/strong>Ayuda de Investigaci\u00f3n \u2012 Programa Biota; <strong>Investigadora responsable<\/strong> Leticia Veras Costa Lotufo (USP); <strong>Inversi\u00f3n<\/strong> R$ 3.747.697,53.<br \/>\n<strong>6.<\/strong> La gesti\u00f3n de los recursos naturales en los sistemas socioecol\u00f3gicos. Para integrar la conservaci\u00f3n ambiental al desarrollo local (<a href=\"https:\/\/bv.fapesp.br\/pt\/auxilios\/93404\/gestao-de-recursos-naturais-em-sistemas-socioecologicos-integrando-conservacao-ambiental-e-desenvolv\/\" target=\"_blank\" rel=\"noopener\">n\u00ba 15\/19439-8<\/a>); <strong>Modalidad <\/strong>Ayuda de Investigaci\u00f3n \u2012 Programa Biota; <strong>Investigadora responsable<\/strong> Cristiana Sim\u00e3o Seixas (Unicamp); <strong>Inversi\u00f3n<\/strong> R$ 170.706.<\/p>\n<p class=\"bibliografia\"><strong>Art\u00edculos cient\u00edficos<br \/>\n<\/strong>HATJE, V. <em>et al.<\/em> <a href=\"https:\/\/www.frontiersin.org\/articles\/10.3389\/fmars.2022.936109\/full\" target=\"_blank\" rel=\"noopener\">Emergent interactive effects of climate change and contaminants in coastal and ocean ecosystems<\/a>. <strong>Frontiers in Marine Science<\/strong>. v. 9, 936109, p. 1-8. 25 jul. 2022.<br \/>\nLIPPI, D. L. <em>et al.<\/em> <a href=\"https:\/\/www.int-res.com\/abstracts\/meps\/v688\/p113-131\/\" target=\"_blank\" rel=\"noopener\">Use of acoustic telemetry to evaluate fish movement, habitat use, and protection effectiveness of a coral reef no-take zone (NTZ) in Brazil<\/a>. <strong>Marine Ecology Progress Series<\/strong>. v. 688, p. 113-31. 28 abr. 2022.<br \/>\nMAGRIS, R. A.<em> et al.<\/em> <a href=\"https:\/\/onlinelibrary.wiley.com\/doi\/full\/10.1111\/ddi.13183\" target=\"_blank\" rel=\"noopener\">A blueprint for securing Brazil&#8217;s marine biodiversity and supporting the achievement of global conservation goals<\/a>. <strong>Diversity and Distribution<\/strong>. v. 27, n. 2, p. 198-215. 1\u00b0 nov. 2020.<br \/>\nPEREIRA, P. H. C. <em>et al.<\/em> <a href=\"https:\/\/doi.org\/10.3389\/fmars.2022.725778\" target=\"_blank\" rel=\"noopener\">Unprecedented coral mortality on southwestern Atlantic coral reefs following major thermal stress<\/a>. <strong>Frontiers in Marine Science<\/strong>. v. 9, 725778, p. 1-12. 20 may. 2022.<br \/>\nTALWAR, B. S. <em>et al<\/em>. <a href=\"https:\/\/doi.org\/10.1111\/faf.12675\" target=\"_blank\" rel=\"noopener\">Extinction risk, reconstructed catches and management of chondrichthyan fishes in the Western Central Atlantic Ocean<\/a>. <strong>Fish and Fisheries<\/strong>. <em>Online<\/em>. 30 abr. 2022.<\/p>\n","protected":false},"excerpt":{"rendered":"El ambiente marino y costero de Brasil sufre un intenso proceso de degradaci\u00f3n y requiere acciones urgentes para mitigar estos problemas","protected":false},"author":17,"featured_media":490067,"comment_status":"closed","ping_status":"closed","sticky":false,"template":"","format":"standard","meta":{"_acf_changed":false,"_exactmetrics_skip_tracking":false,"_exactmetrics_sitenote_active":false,"_exactmetrics_sitenote_note":"","_exactmetrics_sitenote_category":0,"footnotes":""},"categories":[181],"tags":[269,321],"coauthors":[5968],"class_list":["post-490066","post","type-post","status-publish","format-standard","has-post-thumbnail","hentry","category-ciencia-es","tag-ambiente-es","tag-oceanografia-es"],"acf":[],"_links":{"self":[{"href":"https:\/\/revistapesquisa.fapesp.br\/es\/wp-json\/wp\/v2\/posts\/490066","targetHints":{"allow":["GET"]}}],"collection":[{"href":"https:\/\/revistapesquisa.fapesp.br\/es\/wp-json\/wp\/v2\/posts"}],"about":[{"href":"https:\/\/revistapesquisa.fapesp.br\/es\/wp-json\/wp\/v2\/types\/post"}],"author":[{"embeddable":true,"href":"https:\/\/revistapesquisa.fapesp.br\/es\/wp-json\/wp\/v2\/users\/17"}],"replies":[{"embeddable":true,"href":"https:\/\/revistapesquisa.fapesp.br\/es\/wp-json\/wp\/v2\/comments?post=490066"}],"version-history":[{"count":4,"href":"https:\/\/revistapesquisa.fapesp.br\/es\/wp-json\/wp\/v2\/posts\/490066\/revisions"}],"predecessor-version":[{"id":492531,"href":"https:\/\/revistapesquisa.fapesp.br\/es\/wp-json\/wp\/v2\/posts\/490066\/revisions\/492531"}],"wp:featuredmedia":[{"embeddable":true,"href":"https:\/\/revistapesquisa.fapesp.br\/es\/wp-json\/wp\/v2\/media\/490067"}],"wp:attachment":[{"href":"https:\/\/revistapesquisa.fapesp.br\/es\/wp-json\/wp\/v2\/media?parent=490066"}],"wp:term":[{"taxonomy":"category","embeddable":true,"href":"https:\/\/revistapesquisa.fapesp.br\/es\/wp-json\/wp\/v2\/categories?post=490066"},{"taxonomy":"post_tag","embeddable":true,"href":"https:\/\/revistapesquisa.fapesp.br\/es\/wp-json\/wp\/v2\/tags?post=490066"},{"taxonomy":"author","embeddable":true,"href":"https:\/\/revistapesquisa.fapesp.br\/es\/wp-json\/wp\/v2\/coauthors?post=490066"}],"curies":[{"name":"wp","href":"https:\/\/api.w.org\/{rel}","templated":true}]}}