{"id":495428,"date":"2023-10-26T11:43:44","date_gmt":"2023-10-26T14:43:44","guid":{"rendered":"https:\/\/revistapesquisa.fapesp.br\/?p=495428"},"modified":"2024-06-05T15:38:05","modified_gmt":"2024-06-05T18:38:05","slug":"la-vegetacion-costera-esponjas-de-carbono","status":"publish","type":"post","link":"https:\/\/revistapesquisa.fapesp.br\/es\/la-vegetacion-costera-esponjas-de-carbono\/","title":{"rendered":"La vegetaci\u00f3n costera: esponjas de carbono"},"content":{"rendered":"<div id=\"attachment_495380\" style=\"max-width: 1150px\" class=\"wp-caption alignright vertical\"><img loading=\"lazy\" decoding=\"async\" class=\"wp-image-495380 size-full\" src=\"https:\/\/revistapesquisa.fapesp.br\/wp-content\/uploads\/2023\/10\/RPF-notas-mangue_siribinha-2023-06-site-1140-1.jpg\" alt=\"\" width=\"1140\" height=\"855\" srcset=\"https:\/\/revistapesquisa.fapesp.br\/wp-content\/uploads\/2023\/10\/RPF-notas-mangue_siribinha-2023-06-site-1140-1.jpg 1140w, https:\/\/revistapesquisa.fapesp.br\/wp-content\/uploads\/2023\/10\/RPF-notas-mangue_siribinha-2023-06-site-1140-1-250x188.jpg 250w, https:\/\/revistapesquisa.fapesp.br\/wp-content\/uploads\/2023\/10\/RPF-notas-mangue_siribinha-2023-06-site-1140-1-700x525.jpg 700w, https:\/\/revistapesquisa.fapesp.br\/wp-content\/uploads\/2023\/10\/RPF-notas-mangue_siribinha-2023-06-site-1140-1-120x90.jpg 120w\" sizes=\"auto, (max-width: 1140px) 100vw, 1140px\" \/><p class=\"wp-caption-text\"><span class=\"media-credits-inline\">Vanessa Hatje\u2009\/\u2009UFBA\u2002<\/span>El manglar es uno de los ambientes de la aldea de Siribinha, en el municipio de Conde (Bah\u00eda)<span class=\"media-credits\">Vanessa Hatje\u2009\/\u2009UFBA\u2002<\/span><\/p><\/div>\n<p>Aunque no se las valora en toda su dimensi\u00f3n y a menudo sufren reducciones debido a la expansi\u00f3n urbana, las \u00e1reas ocupadas por ecosistemas con vegetaci\u00f3n costera (manglares, praderas marinas y marismas) son importantes para el almacenamiento de carbono org\u00e1nico, tambi\u00e9n denominado carbono azul, que si se libera a la atm\u00f3sfera contribuye al calentamiento global. Seg\u00fan un estudio coordinado por la ocean\u00f3grafa Vanessa Hatje, de la Universidad Federal de Bah\u00eda (Ufba), los ecosistemas costeros desde Guayana hasta Argentina, que ocupan una superficie aproximada de 15.000 kil\u00f3metros cuadrados, representan hasta un 4 % de las tasas anuales de secuestro de carbono a nivel mundial. Los manglares cubren la mayor parte de esta franja costera y representan entre el 70 % y el 80 % del carbono org\u00e1nico acumulado anualmente, absorbiendo entre 0,4 y 2,6 teragramos de carbono por a\u00f1o (1 teragramo equivale a 10<sup>9<\/sup> kilogramos), el doble que los dem\u00e1s tipos de ecosistemas costeros analizados. El equipo responsable de estos c\u00e1lculos, tambi\u00e9n integrado por investigadores de las universidades federales de Rio Grande (Furg) y Juiz de Fora (UFJF), y de Nigeria, el Reino Unido, Australia y Espa\u00f1a, promueve la intensificaci\u00f3n de los esfuerzos para la incorporaci\u00f3n de los ambientes costeros a las estrategias de reducci\u00f3n de los efectos del cambio clim\u00e1tico (<em>Communications Earth &amp; Environment<\/em>, 8 de mayo).<\/p>\n","protected":false},"excerpt":{"rendered":"Las \u00e1reas ocupadas por ecosistemas costeros con vegetaci\u00f3n son importantes para el almacenamiento de carbono org\u00e1nico","protected":false},"author":476,"featured_media":494253,"comment_status":"closed","ping_status":"closed","sticky":false,"template":"","format":"standard","meta":{"_acf_changed":false,"_exactmetrics_skip_tracking":false,"_exactmetrics_sitenote_active":false,"_exactmetrics_sitenote_note":"","_exactmetrics_sitenote_category":0,"footnotes":""},"categories":[1670],"tags":[275,293,269],"coauthors":[786],"class_list":["post-495428","post","type-post","status-publish","format-standard","has-post-thumbnail","hentry","category-notas-es","tag-biodiversidad","tag-ecologia-es","tag-ambiente-es"],"acf":[],"_links":{"self":[{"href":"https:\/\/revistapesquisa.fapesp.br\/es\/wp-json\/wp\/v2\/posts\/495428","targetHints":{"allow":["GET"]}}],"collection":[{"href":"https:\/\/revistapesquisa.fapesp.br\/es\/wp-json\/wp\/v2\/posts"}],"about":[{"href":"https:\/\/revistapesquisa.fapesp.br\/es\/wp-json\/wp\/v2\/types\/post"}],"author":[{"embeddable":true,"href":"https:\/\/revistapesquisa.fapesp.br\/es\/wp-json\/wp\/v2\/users\/476"}],"replies":[{"embeddable":true,"href":"https:\/\/revistapesquisa.fapesp.br\/es\/wp-json\/wp\/v2\/comments?post=495428"}],"version-history":[{"count":1,"href":"https:\/\/revistapesquisa.fapesp.br\/es\/wp-json\/wp\/v2\/posts\/495428\/revisions"}],"predecessor-version":[{"id":495429,"href":"https:\/\/revistapesquisa.fapesp.br\/es\/wp-json\/wp\/v2\/posts\/495428\/revisions\/495429"}],"wp:featuredmedia":[{"embeddable":true,"href":"https:\/\/revistapesquisa.fapesp.br\/es\/wp-json\/wp\/v2\/media\/494253"}],"wp:attachment":[{"href":"https:\/\/revistapesquisa.fapesp.br\/es\/wp-json\/wp\/v2\/media?parent=495428"}],"wp:term":[{"taxonomy":"category","embeddable":true,"href":"https:\/\/revistapesquisa.fapesp.br\/es\/wp-json\/wp\/v2\/categories?post=495428"},{"taxonomy":"post_tag","embeddable":true,"href":"https:\/\/revistapesquisa.fapesp.br\/es\/wp-json\/wp\/v2\/tags?post=495428"},{"taxonomy":"author","embeddable":true,"href":"https:\/\/revistapesquisa.fapesp.br\/es\/wp-json\/wp\/v2\/coauthors?post=495428"}],"curies":[{"name":"wp","href":"https:\/\/api.w.org\/{rel}","templated":true}]}}