{"id":507039,"date":"2024-03-29T10:01:34","date_gmt":"2024-03-29T13:01:34","guid":{"rendered":"https:\/\/revistapesquisa.fapesp.br\/?p=507039"},"modified":"2024-04-04T15:31:33","modified_gmt":"2024-04-04T18:31:33","slug":"la-dramatica-situacion-de-los-hogares-de-ancianos","status":"publish","type":"post","link":"https:\/\/revistapesquisa.fapesp.br\/es\/la-dramatica-situacion-de-los-hogares-de-ancianos\/","title":{"rendered":"La dram\u00e1tica situaci\u00f3n de los hogares de ancianos"},"content":{"rendered":"<p>Seg\u00fan un estudio realizado por la Universidad Federal de Minas Gerais, que analiz\u00f3 1.665 de las tambi\u00e9n llamadas Instituciones de Larga Permanencia para Ancianos (ILPI, en portugu\u00e9s), la situaci\u00f3n de los hogares de ancianos p\u00fablicos y de beneficencia en Brasil, en general no es buena. \u201cGran parte de estas instituciones no cumplen con las exigencias estipuladas por la normativa t\u00e9cnica de Anvisa [<em>la Agencia Nacional de Vigilancia Sanitaria<\/em>]\u201d, comenta Mirna Rodrigues Costa Guimar\u00e3es, de la Secretar\u00eda de Salud del Estado de Minas Gerais. El estudio, que form\u00f3 parte de su doctorado realizado en la UFMG, utiliz\u00f3 datos del censo del Sistema \u00danico de Asistencia Social de 2018. Casi el 90 % de los hogares de ancianos no contaba con cuidadores suficientes para los residentes; el 82 % no cumpl\u00eda con la totalidad de los requisitos de accesibilidad; el 48 % de las instituciones carec\u00eda de un coordinador con t\u00edtulo universitario trabajando al menos 20 horas semanales en el lugar, y un 5,8 % registraba condiciones de hacinamiento. En el sudeste del pa\u00eds, el 19,1 % de las instituciones contaba con un equipo profesional interdisciplinario de salud; en la regi\u00f3n norte, tan solo el 2,9 %. Un aspecto positivo: el 94 % de las instituciones promov\u00eda actividades para reforzar el v\u00ednculo familiar de los ancianos con sus parientes y mitigar el sentimiento de abandono y soledad. La poblaci\u00f3n de ancianos residentes en ILPI, estimada en 1,3 millones, no deja de crecer. Entre 2010 y 2021, el grupo de personas con 60 a\u00f1os o m\u00e1s aument\u00f3 del 11,3 % al 14,7 % de la poblaci\u00f3n, pasando de 22,3 millones a 31,2 millones (<em>Ci\u00eancia e Sa\u00fade Coletiva<\/em>, julio de 2023).<\/p>\n","protected":false},"excerpt":{"rendered":"Una investigaci\u00f3n revela que en Brasil los hogares p\u00fablicos y filantr\u00f3picos para la tercera edad no cumplen las normas de la agencia reguladora Anvisa","protected":false},"author":476,"featured_media":506974,"comment_status":"closed","ping_status":"closed","sticky":false,"template":"","format":"standard","meta":{"_acf_changed":false,"_exactmetrics_skip_tracking":false,"_exactmetrics_sitenote_active":false,"_exactmetrics_sitenote_note":"","_exactmetrics_sitenote_category":0,"footnotes":""},"categories":[1670],"tags":[330],"coauthors":[786],"class_list":["post-507039","post","type-post","status-publish","format-standard","has-post-thumbnail","hentry","category-notas-es","tag-sociologia-es"],"acf":[],"_links":{"self":[{"href":"https:\/\/revistapesquisa.fapesp.br\/es\/wp-json\/wp\/v2\/posts\/507039","targetHints":{"allow":["GET"]}}],"collection":[{"href":"https:\/\/revistapesquisa.fapesp.br\/es\/wp-json\/wp\/v2\/posts"}],"about":[{"href":"https:\/\/revistapesquisa.fapesp.br\/es\/wp-json\/wp\/v2\/types\/post"}],"author":[{"embeddable":true,"href":"https:\/\/revistapesquisa.fapesp.br\/es\/wp-json\/wp\/v2\/users\/476"}],"replies":[{"embeddable":true,"href":"https:\/\/revistapesquisa.fapesp.br\/es\/wp-json\/wp\/v2\/comments?post=507039"}],"version-history":[{"count":3,"href":"https:\/\/revistapesquisa.fapesp.br\/es\/wp-json\/wp\/v2\/posts\/507039\/revisions"}],"predecessor-version":[{"id":508427,"href":"https:\/\/revistapesquisa.fapesp.br\/es\/wp-json\/wp\/v2\/posts\/507039\/revisions\/508427"}],"wp:featuredmedia":[{"embeddable":true,"href":"https:\/\/revistapesquisa.fapesp.br\/es\/wp-json\/wp\/v2\/media\/506974"}],"wp:attachment":[{"href":"https:\/\/revistapesquisa.fapesp.br\/es\/wp-json\/wp\/v2\/media?parent=507039"}],"wp:term":[{"taxonomy":"category","embeddable":true,"href":"https:\/\/revistapesquisa.fapesp.br\/es\/wp-json\/wp\/v2\/categories?post=507039"},{"taxonomy":"post_tag","embeddable":true,"href":"https:\/\/revistapesquisa.fapesp.br\/es\/wp-json\/wp\/v2\/tags?post=507039"},{"taxonomy":"author","embeddable":true,"href":"https:\/\/revistapesquisa.fapesp.br\/es\/wp-json\/wp\/v2\/coauthors?post=507039"}],"curies":[{"name":"wp","href":"https:\/\/api.w.org\/{rel}","templated":true}]}}