{"id":511289,"date":"2024-05-13T10:31:12","date_gmt":"2024-05-13T13:31:12","guid":{"rendered":"https:\/\/revistapesquisa.fapesp.br\/?p=511289"},"modified":"2024-05-13T10:46:20","modified_gmt":"2024-05-13T13:46:20","slug":"la-profesion-docente-en-riesgo","status":"publish","type":"post","link":"https:\/\/revistapesquisa.fapesp.br\/es\/la-profesion-docente-en-riesgo\/","title":{"rendered":"La profesi\u00f3n docente en riesgo"},"content":{"rendered":"<p>Aunque la apuesta por construir un pa\u00eds civilizado y econ\u00f3micamente productivo implica necesariamente poderles brindar una buena formaci\u00f3n a los ni\u00f1os y a los j\u00f3venes, los docentes de la educaci\u00f3n b\u00e1sica han debido afrontar desaf\u00edos, en las \u00faltimas d\u00e9cadas, que incluyen sueldos bajos y falta de acceso a laboratorios y bibliotecas escolares, as\u00ed como un proceso de desvalorizaci\u00f3n social de la profesi\u00f3n. El informe \u201cEducation at a glance\u201d, por ejemplo, publicado en 2021 por la Organizaci\u00f3n para la Cooperaci\u00f3n y el Desarrollo Econ\u00f3mico (OCDE), se\u00f1al\u00f3 que el piso salarial de los docentes de la ense\u00f1anza fundamental en Brasil es el m\u00e1s bajo entre las 40 naciones analizadas, siendo inferior al de otros pa\u00edses latinoamericanos como Colombia y M\u00e9xico.<\/p>\n<div class=\"box-lateral\"><strong>Lee tambi\u00e9n:<\/strong><br \/>\n&#8211; <a href=\"https:\/\/revistapesquisa.fapesp.br\/es\/los-profesorados-estan-en-crisis-en-brasil\/\" target=\"_blank\" rel=\"noopener\">Los profesorados est\u00e1n en crisis en Brasil<\/a><\/div>\n<p>En Brasil, en 2019, el ingreso bruto mensual promedio de los profesionales del magisterio con nivel superior completo que trabajan en las redes p\u00fablicas de la educaci\u00f3n b\u00e1sica correspond\u00eda, en promedio, al 78 % del valor registrado para otros profesionales asalariados con el mismo nivel educativo, seg\u00fan el \u201cInforme del 3<sup>er<\/sup> ciclo de seguimiento de las metas del Plan Nacional de Educaci\u00f3n (PNE)\u201d. El f\u00edsico Mauricio Pietrocola, de la Facultad de Educaci\u00f3n de la Universidad de S\u00e3o Paulo (FE-USP), sostiene que, adem\u00e1s de los sueldos insuficientes y de las clases abarrotadas, las deficiencias de aprendizaje acumuladas por los alumnos a lo largo de su trayectoria educativa constituyen otros de los retos a los que se enfrentan los docentes, que a menudo acaban abandonando la profesi\u00f3n. \u201cPermanentemente me cruzo con exalumnos del profesorado en F\u00edsica que est\u00e1n trabajando en bancos. Muchos me dicen que les hubiera gustado ser profesores, pero que optaron por presentarse a concurso para trabajar en bancos p\u00fablicos por las mejores condiciones laborales\u201d, comenta Pietrocola, coordinador de un proyecto de investigaci\u00f3n financiado por la FAPESP que apunta al dise\u00f1o de estrategias innovadoras en la ense\u00f1anza de las ciencias naturales.<\/p>\n<p>La falta de maestros dispuestos a ense\u00f1ar en la educaci\u00f3n b\u00e1sica constituye un fen\u00f3meno que se ha ido agravando en los \u00faltimos a\u00f1os y, para entenderlo mejor, debe analiz\u00e1rselo desde una perspectiva hist\u00f3rica, seg\u00fan Pietrocola, quien viene estudiando el tema desde hace unos 40 a\u00f1os. Seg\u00fan el investigador, entre 1970 y 2000, la escasez de profesores se relacionaba fundamentalmente con la r\u00e1pida expansi\u00f3n de la matr\u00edcula.<\/p>\n<p>Cuando evoca ese anterior escenario de fuerte crecimiento de la matr\u00edcula en la educaci\u00f3n b\u00e1sica, L\u00facia Teixeira, presidenta de Semesp, una organizaci\u00f3n que representa a mantenedores de la ense\u00f1anza superior en Brasil, menciona que entre las d\u00e9cadas de 1980 y 1990 el gobierno federal autoriz\u00f3 la contrataci\u00f3n de personas sin formaci\u00f3n en el \u00e1rea para ense\u00f1ar en las escuelas. Este panorama empez\u00f3 a cambiar en 1996, cuando se promulg\u00f3 la Ley de Directrices y Bases (LDB), o ley n\u00ba 9.394, seg\u00fan la cual los profesores est\u00e1n obligados a tener formaci\u00f3n en la asignatura que ense\u00f1an. \u201cSin embargo, esta directriz de la LDB a\u00fan no se cumple por completo\u201d, dice Teixeira. En 2021, la cantidad total de docentes que trabajaban en la educaci\u00f3n b\u00e1sica era de 2,2 millones, seg\u00fan el Inep. En tanto, el n\u00famero de docentes dando clases en la ense\u00f1anza fundamental II cay\u00f3 de 779.000 a 753.000 entre 2016 y 2021, seg\u00fan una investigaci\u00f3n del Instituto Semesp publicada en 2022. Las cifras correspondientes para la ense\u00f1anza media en el mismo recorte temporal fueron de 520.000 y 516.000, respectivamente. El Instituto Semesp estima que el d\u00e9ficit de profesores en la educaci\u00f3n b\u00e1sica podr\u00eda llegar a los 235.000 en 2040.<\/p>\n<\/div><div class='overflow-responsive-img' style='text-align:center'><picture data-tablet=\"\/wp-content\/uploads\/2024\/05\/RPF-Capa-info-3-ESP.png\" data-tablet_size=\"1939x953\" alt=\"\">\n    <source srcset=\"\/wp-content\/uploads\/2024\/05\/RPF-Capa-info-3-ESP.png\" media=\"(min-width: 1920px)\" \/>\n    <source srcset=\"\/wp-content\/uploads\/2024\/05\/RPF-Capa-info-3-ESP.png\" media=\"(min-width: 1140px)\" \/>\n    <img decoding=\"async\" class=\"responsive-img\" src=\"\/wp-content\/uploads\/2024\/05\/RPF-Capa-info-3-ESP2.png\" \/>\n  <\/picture><span class=\"embed media-credits-inline\">Alexandre Affonso \/ Revista Pesquisa FAPESP<\/span><\/div><div class=\"post-content sequence\">\n<p>Empero, a diferencia de d\u00e9cadas atr\u00e1s, el problema actual de la escasez de profesores est\u00e1 relacionado con un proceso de devaluaci\u00f3n de la carrera, a juicio de Pietrocola, quien subraya que no se trata de una dificultad exclusivamente brasile\u00f1a, citando un estudio realizado por la OCDE con j\u00f3venes egresados de la educaci\u00f3n b\u00e1sica. \u201cEn 2015, el estudio identific\u00f3 cu\u00e1l era el promedio global de estudiantes en todo el mundo que terminaban la ense\u00f1anza b\u00e1sica y dec\u00edan querer ser profesores, comparando los niveles medios con los porcentajes de pa\u00edses y regiones\u201d, dice. Seg\u00fan dicho estudio, el porcentaje promedio a nivel mundial cay\u00f3 del 5,5 % al 4,2 % en 10 a\u00f1os, mientras que, en Brasil, la cifra fue a\u00fan m\u00e1s baja, del 2,4 %. En cambio, la media de los pa\u00edses europeos era del 20 %.<\/p>\n<p>Por su parte, Marcia Serra Ferreira, de la Universidad Federal de R\u00edo de Janeiro (UFRJ) y directora de Formaci\u00f3n Docente de la Educaci\u00f3n B\u00e1sica de la Capes, menciona un informe elaborado en 2007 por una comisi\u00f3n creada en la C\u00e1mara de Educaci\u00f3n B\u00e1sica del Consejo Nacional de Educaci\u00f3n (CNE). El referido documento alertaba sobre una posible escasez de profesores de ense\u00f1anza media si no se tomasen medidas urgentes en el pa\u00eds. Desde ese a\u00f1o, el gobierno federal ha implementado diversas acciones, entre ellas el Programa Institucional de Becas de Iniciaci\u00f3n a la Docencia (Pibid), que ofrece becas para que los estudiantes de los profesorados trabajen en escuelas p\u00fablicas de la educaci\u00f3n b\u00e1sica. \u201cEse programa ha beneficiado a 317.000 estudiantes. Actualmente tiene convenios con 248 instituciones de educaci\u00f3n superior y cuenta con 49.200 becarios de iniciaci\u00f3n a la docencia en todo Brasil\u201d, informa. Para 2024 habr\u00e1 100.000 nuevos cupos para el programa, seg\u00fan Serra Ferreira. El pedagogo Ocimar Munhoz Alavarse, de la USP, reconoce la importancia de estos programas, pero dice que las plazas son limitadas y deber\u00edan ampliarse. \u201cTengo alrededor de 300 alumnos en los dos primeros a\u00f1os de la carrera de pedagog\u00eda que pueden optar a las becas del Pibid, pero solamente 24 las han obtenido, comenta.<\/p>\n<p>A su juicio, Brasil deber\u00eda ampliar el n\u00famero de becas Pibid bas\u00e1ndose en el an\u00e1lisis de sus estad\u00edsticas educativas, incluidas las proyecciones demogr\u00e1ficas futuras. \u201cEl envejecimiento de la poblaci\u00f3n brasile\u00f1a detectado por el Censo puede significar que la demanda de profesores disminuir\u00e1 en las pr\u00f3ximas d\u00e9cadas, por lo que ser\u00e1 necesario medir el d\u00e9ficit docente teniendo en cuenta las tendencias demogr\u00e1ficas\u201d, propone (<a href=\"https:\/\/revistapesquisa.fapesp.br\/es\/asoman-en-el-horizonte-problemas-para-los-sistemas-previsional-y-sanitario-en-brasil\/\" target=\"_blank\" rel=\"noopener\"><em>lea en <\/em>Pesquisa FAPESP<em>, edici\u00f3n n\u00ba 330<\/em><\/a>).<\/p>\n<p>El presidente del Consejo Nacional de Secretarios de Educaci\u00f3n, Vitor de Angelo, comenta que en 2023 el gobierno federal cre\u00f3 programas para ampliar las escuelas de tiempo completo y mejorar el proceso de alfabetizaci\u00f3n de los alumnos de la ense\u00f1anza fundamental I. \u201cNo obstante, a\u00fan queda mucho por hacerse en lo que se refiere a los docentes\u201d, opina De Angelo, quien tambi\u00e9n es Secretario de Educaci\u00f3n del estado de Esp\u00edrito Santo. En este sentido, recuerda que se est\u00e1 reformulando el Plan Nacional de Educaci\u00f3n (PNE), que establece las directrices, metas y estrategias de la pol\u00edtica educativa brasile\u00f1a con vigencia entre 2014 y 2024. \u201cEl momento es propicio. El nuevo PNE debe replantearse de manera tal que incluya acciones que hagan m\u00e1s atractiva la carrera docente, incorporando estrategias eficaces para atraer profesores a la educaci\u00f3n b\u00e1sica\u201d, concluye diciendo De Angelo.<\/p>\n<p class=\"bibliografia separador-bibliografia\"><strong>Proyecto<\/strong><strong><br \/>\n<\/strong>Estudio de la implementaci\u00f3n de innovaciones curriculares, estrategias pedag\u00f3gicas y tecnolog\u00edas emergentes para la calidad y la equidad en la educaci\u00f3n b\u00e1sica (<a href=\"https:\/\/bv.fapesp.br\/pt\/auxilios\/111556\/estudo-de-implementacao-de-inovacoes-curriculares-estrategias-pedagogicas-e-tecnologias-emergentes-p\/\" target=\"_blank\" rel=\"noopener\">n\u00ba 22\/06977-5<\/a>); <strong>Investigador responsable <\/strong>Mauricio Pietrocola Pinto de Oliveira (USP); <strong>Modalidad<\/strong> Proyecto Tem\u00e1tico; <strong>Inversi\u00f3n\u00a0<\/strong>R$ 1.111.669,40.<\/p>\n<p class=\"bibliografia\"><strong>Informes<\/strong><strong><br \/>\n<\/strong><strong>Censo da Educaci\u00f3n Superior 2021<\/strong>. Instituto Nacional de Estudios e Investigaciones Educativas An\u00edsio Teixeira (Inep). Brasilia: Ministerio de Educaci\u00f3n, 2022.<br \/>\n<strong>Education at a Glance 2021<\/strong>: OECD Indicators, OECD Publishing, Par\u00eds, 2021.<\/p>\n","protected":false},"excerpt":{"rendered":"Los bajos sueldos, la falta de estructura en las escuelas y la desvalorizaci\u00f3n social menguan el inter\u00e9s en el trabajo de ense\u00f1ar","protected":false},"author":601,"featured_media":511290,"comment_status":"closed","ping_status":"closed","sticky":false,"template":"","format":"standard","meta":{"_acf_changed":false,"_exactmetrics_skip_tracking":false,"_exactmetrics_sitenote_active":false,"_exactmetrics_sitenote_note":"","_exactmetrics_sitenote_category":0,"footnotes":""},"categories":[187,179],"tags":[295],"coauthors":[1600],"class_list":["post-511289","post","type-post","status-publish","format-standard","has-post-thumbnail","hentry","category-humanidades-es","category-tapa","tag-educacion"],"acf":[],"_links":{"self":[{"href":"https:\/\/revistapesquisa.fapesp.br\/es\/wp-json\/wp\/v2\/posts\/511289","targetHints":{"allow":["GET"]}}],"collection":[{"href":"https:\/\/revistapesquisa.fapesp.br\/es\/wp-json\/wp\/v2\/posts"}],"about":[{"href":"https:\/\/revistapesquisa.fapesp.br\/es\/wp-json\/wp\/v2\/types\/post"}],"author":[{"embeddable":true,"href":"https:\/\/revistapesquisa.fapesp.br\/es\/wp-json\/wp\/v2\/users\/601"}],"replies":[{"embeddable":true,"href":"https:\/\/revistapesquisa.fapesp.br\/es\/wp-json\/wp\/v2\/comments?post=511289"}],"version-history":[{"count":3,"href":"https:\/\/revistapesquisa.fapesp.br\/es\/wp-json\/wp\/v2\/posts\/511289\/revisions"}],"predecessor-version":[{"id":511878,"href":"https:\/\/revistapesquisa.fapesp.br\/es\/wp-json\/wp\/v2\/posts\/511289\/revisions\/511878"}],"wp:featuredmedia":[{"embeddable":true,"href":"https:\/\/revistapesquisa.fapesp.br\/es\/wp-json\/wp\/v2\/media\/511290"}],"wp:attachment":[{"href":"https:\/\/revistapesquisa.fapesp.br\/es\/wp-json\/wp\/v2\/media?parent=511289"}],"wp:term":[{"taxonomy":"category","embeddable":true,"href":"https:\/\/revistapesquisa.fapesp.br\/es\/wp-json\/wp\/v2\/categories?post=511289"},{"taxonomy":"post_tag","embeddable":true,"href":"https:\/\/revistapesquisa.fapesp.br\/es\/wp-json\/wp\/v2\/tags?post=511289"},{"taxonomy":"author","embeddable":true,"href":"https:\/\/revistapesquisa.fapesp.br\/es\/wp-json\/wp\/v2\/coauthors?post=511289"}],"curies":[{"name":"wp","href":"https:\/\/api.w.org\/{rel}","templated":true}]}}