{"id":511871,"date":"2024-05-13T10:22:54","date_gmt":"2024-05-13T13:22:54","guid":{"rendered":"https:\/\/revistapesquisa.fapesp.br\/?p=511871"},"modified":"2024-05-13T10:22:54","modified_gmt":"2024-05-13T13:22:54","slug":"los-ninos-tambien-padecen-la-violencia-contra-las-mujeres","status":"publish","type":"post","link":"https:\/\/revistapesquisa.fapesp.br\/es\/los-ninos-tambien-padecen-la-violencia-contra-las-mujeres\/","title":{"rendered":"Los ni\u00f1os tambi\u00e9n padecen la violencia contra las mujeres"},"content":{"rendered":"<p>La violencia dom\u00e9stica contra las mujeres tambi\u00e9n afecta a los ni\u00f1os que la presencian, seg\u00fan indica un estudio realizado por investigadores de la Universidad Federal de Pelotas (UFPel), en el estado brasile\u00f1o de Rio Grande do Sul. Estas conclusiones se basan en la Cohorte de Nacimientos de Pelotas 2015, que incluye a todos los nacimientos registrados en hospitales entre el 1\u00ba de enero y el 31 de diciembre de 2015 en la ciudad de Pelotas. De los 4.275 participantes de la cohorte nacidos vivos, la muestra incluy\u00f3 3.730 y 3.292 parejas de madres e hijos seguidos a los 4 a\u00f1os y a los 6-7 a\u00f1os de edad, respectivamente. Las relaciones parentales fueron evaluadas mediante filmaciones de la madre y del ni\u00f1o en tareas interactivas, evaluadas por un equipo de psic\u00f3logos y en entrevistas con las mujeres de ambos grupos. Los an\u00e1lisis, coordinados por la epidemi\u00f3loga Carolina Coll, de la UFPel, mostraron una alta prevalencia de la llamada violencia conyugal: el 21,9 % de las madres declar\u00f3 haber padecido violencia emocional y el 9,4 % violencia f\u00edsica o sexual en los 12 meses previos a la entrevista. La experiencia violenta da\u00f1\u00f3 la relaci\u00f3n entre madres e hijos, debilitando la llamada consistencia parental, que se expresa en la comunicaci\u00f3n e interacci\u00f3n con los ni\u00f1os e indujo comportamientos coercitivos de los padres, con resultados similares en ambos grupos (<em>Lancet Global Health<\/em>, septiembre).<\/p>\n","protected":false},"excerpt":{"rendered":"La violencia dom\u00e9stica perjudica tambi\u00e9n a los ni\u00f1os que la presencian","protected":false},"author":476,"featured_media":0,"comment_status":"closed","ping_status":"closed","sticky":false,"template":"","format":"standard","meta":{"_acf_changed":false,"_exactmetrics_skip_tracking":false,"_exactmetrics_sitenote_active":false,"_exactmetrics_sitenote_note":"","_exactmetrics_sitenote_category":0,"footnotes":""},"categories":[1670],"tags":[],"coauthors":[786],"class_list":["post-511871","post","type-post","status-publish","format-standard","hentry","category-notas-es"],"acf":[],"_links":{"self":[{"href":"https:\/\/revistapesquisa.fapesp.br\/es\/wp-json\/wp\/v2\/posts\/511871","targetHints":{"allow":["GET"]}}],"collection":[{"href":"https:\/\/revistapesquisa.fapesp.br\/es\/wp-json\/wp\/v2\/posts"}],"about":[{"href":"https:\/\/revistapesquisa.fapesp.br\/es\/wp-json\/wp\/v2\/types\/post"}],"author":[{"embeddable":true,"href":"https:\/\/revistapesquisa.fapesp.br\/es\/wp-json\/wp\/v2\/users\/476"}],"replies":[{"embeddable":true,"href":"https:\/\/revistapesquisa.fapesp.br\/es\/wp-json\/wp\/v2\/comments?post=511871"}],"version-history":[{"count":1,"href":"https:\/\/revistapesquisa.fapesp.br\/es\/wp-json\/wp\/v2\/posts\/511871\/revisions"}],"predecessor-version":[{"id":511872,"href":"https:\/\/revistapesquisa.fapesp.br\/es\/wp-json\/wp\/v2\/posts\/511871\/revisions\/511872"}],"wp:attachment":[{"href":"https:\/\/revistapesquisa.fapesp.br\/es\/wp-json\/wp\/v2\/media?parent=511871"}],"wp:term":[{"taxonomy":"category","embeddable":true,"href":"https:\/\/revistapesquisa.fapesp.br\/es\/wp-json\/wp\/v2\/categories?post=511871"},{"taxonomy":"post_tag","embeddable":true,"href":"https:\/\/revistapesquisa.fapesp.br\/es\/wp-json\/wp\/v2\/tags?post=511871"},{"taxonomy":"author","embeddable":true,"href":"https:\/\/revistapesquisa.fapesp.br\/es\/wp-json\/wp\/v2\/coauthors?post=511871"}],"curies":[{"name":"wp","href":"https:\/\/api.w.org\/{rel}","templated":true}]}}