{"id":512237,"date":"2024-05-27T09:50:38","date_gmt":"2024-05-27T12:50:38","guid":{"rendered":"https:\/\/revistapesquisa.fapesp.br\/?p=512237"},"modified":"2024-05-27T09:50:38","modified_gmt":"2024-05-27T12:50:38","slug":"una-bromelia-peculiar","status":"publish","type":"post","link":"https:\/\/revistapesquisa.fapesp.br\/es\/una-bromelia-peculiar\/","title":{"rendered":"Una bromelia peculiar"},"content":{"rendered":"<p>Una nueva bromeli\u00e1cea pone en entredicho la imagen que tenemos de esta familia de plantas: hojas puntiagudas, algo r\u00edgidas y brillantes formando una especie de roseta que acumula agua. La especie en cuesti\u00f3n, <em>Krenakanthus ribeiranus<\/em>, no es nada as\u00ed. \u201cAdem\u00e1s de ser una planta que nunca hab\u00eda visto en la regi\u00f3n, me llamaron la atenci\u00f3n sus hojas peludas, como las de ciertas hierbas, as\u00ed como sus flores que emergen del centro de las hojas\u201d, relata J\u00falio C\u00e9sar Ribeiro, en un comunicado de <em>Ag\u00eancia Bori<\/em>. Residente en Vale do Rio Doce, en el estado brasile\u00f1o de Minas Gerais, \u00e9l no es un investigador y localiz\u00f3 a la novedad mientras exploraba el bosque y repar\u00f3 en una peque\u00f1a flor de color rosado sobre una pared rocosa. \u201cEsta planta es tan diferente que cuando recibimos la fotograf\u00eda enviada por Ribeiro supusimos que pod\u00eda pertenecer a varias otras especies, menos a una bromeli\u00e1cea\u201d, dijo el bot\u00e1nico Dayvid Couto, del Instituto Nacional del Bosque Atl\u00e1ntico (Inma, por sus siglas en portugu\u00e9s), miembro del grupo que describi\u00f3 la nueva especie. El nombre del g\u00e9nero, que contiene solamente otra especie y significa flor de Krenak, un pueblo ind\u00edgena que habita en la regi\u00f3n, tambi\u00e9n rinde homenaje a su descubridor, y ya est\u00e1 clasificada como en peligro de extinci\u00f3n en los anales cient\u00edficos (<em>Phytotaxa<\/em>, 5 de octubre).<\/p>\n","protected":false},"excerpt":{"rendered":"Una nueva bromeli\u00e1cea con hojas peludas desaf\u00eda al concepto establecido de estas especies de plantas","protected":false},"author":476,"featured_media":511917,"comment_status":"closed","ping_status":"closed","sticky":false,"template":"","format":"standard","meta":{"_acf_changed":false,"_exactmetrics_skip_tracking":false,"_exactmetrics_sitenote_active":false,"_exactmetrics_sitenote_note":"","_exactmetrics_sitenote_category":0,"footnotes":""},"categories":[1670],"tags":[282,269],"coauthors":[786],"class_list":["post-512237","post","type-post","status-publish","format-standard","has-post-thumbnail","hentry","category-notas-es","tag-botanica-es","tag-ambiente-es"],"acf":[],"_links":{"self":[{"href":"https:\/\/revistapesquisa.fapesp.br\/es\/wp-json\/wp\/v2\/posts\/512237","targetHints":{"allow":["GET"]}}],"collection":[{"href":"https:\/\/revistapesquisa.fapesp.br\/es\/wp-json\/wp\/v2\/posts"}],"about":[{"href":"https:\/\/revistapesquisa.fapesp.br\/es\/wp-json\/wp\/v2\/types\/post"}],"author":[{"embeddable":true,"href":"https:\/\/revistapesquisa.fapesp.br\/es\/wp-json\/wp\/v2\/users\/476"}],"replies":[{"embeddable":true,"href":"https:\/\/revistapesquisa.fapesp.br\/es\/wp-json\/wp\/v2\/comments?post=512237"}],"version-history":[{"count":1,"href":"https:\/\/revistapesquisa.fapesp.br\/es\/wp-json\/wp\/v2\/posts\/512237\/revisions"}],"predecessor-version":[{"id":512239,"href":"https:\/\/revistapesquisa.fapesp.br\/es\/wp-json\/wp\/v2\/posts\/512237\/revisions\/512239"}],"wp:featuredmedia":[{"embeddable":true,"href":"https:\/\/revistapesquisa.fapesp.br\/es\/wp-json\/wp\/v2\/media\/511917"}],"wp:attachment":[{"href":"https:\/\/revistapesquisa.fapesp.br\/es\/wp-json\/wp\/v2\/media?parent=512237"}],"wp:term":[{"taxonomy":"category","embeddable":true,"href":"https:\/\/revistapesquisa.fapesp.br\/es\/wp-json\/wp\/v2\/categories?post=512237"},{"taxonomy":"post_tag","embeddable":true,"href":"https:\/\/revistapesquisa.fapesp.br\/es\/wp-json\/wp\/v2\/tags?post=512237"},{"taxonomy":"author","embeddable":true,"href":"https:\/\/revistapesquisa.fapesp.br\/es\/wp-json\/wp\/v2\/coauthors?post=512237"}],"curies":[{"name":"wp","href":"https:\/\/api.w.org\/{rel}","templated":true}]}}