{"id":519833,"date":"2024-07-19T13:56:55","date_gmt":"2024-07-19T16:56:55","guid":{"rendered":"https:\/\/revistapesquisa.fapesp.br\/?p=519833"},"modified":"2024-07-19T13:56:55","modified_gmt":"2024-07-19T16:56:55","slug":"cuando-ocultarse-del-sol","status":"publish","type":"post","link":"https:\/\/revistapesquisa.fapesp.br\/es\/cuando-ocultarse-del-sol\/","title":{"rendered":"Cu\u00e1ndo ocultarse del sol"},"content":{"rendered":"<p>Cuando el calor arrecia, quienes dirigen equipos que trabajan al aire libre pueden dudar entre mantener el ritmo laboral y garantizar la productividad o hacer una pausa para evitar los desmayos producto del calor intenso. Para ayudar a decidirlo, la Fundaci\u00f3n Jorge Duprat Figueiredo de Seguridad y Medicina Laboral (Fundacentro) ha lanzado el Monitor IBUTG, las siglas en portugu\u00e9s por \u00cdndice de Temperatura de Globo y Bulbo H\u00famedo. El programa estima el calor ambiental recibido por el cuerpo vali\u00e9ndose de datos atmosf\u00e9ricos y del calor metab\u00f3lico que las personas expuestas al calor, en funci\u00f3n de su vestimenta y actividades: un overol impermeable al sudor puede elevar el \u00edndice hasta 10 grados Celsius (\u00baC). Los par\u00e1metros atmosf\u00e9ricos de las \u00faltimas horas proceden del Instituto Nacional de Meteorolog\u00eda (Inmet) y las simulaciones para los d\u00edas siguientes, del Instituto Nacional de Investigaciones Espaciales (Inpe). Esto permite conocer los riesgos de la exposici\u00f3n al calor casi en tiempo real para cualquier punto de Brasil y bajo distintas condiciones de trabajo. Por ejemplo, para un agricultor que trabaja agachado vistiendo un overol de tela en una finca de Ribeir\u00e3o Preto, en el interior paulista, con temperaturas de hasta 33 \u00baC, se recomienda aumentar las pausas e intercalarlas con actividades sin tanta exposici\u00f3n al sol. Puede accederse al programa a trav\u00e9s del <a href=\"https:\/\/monitoributg.fundacentro.gov.br\/\" target=\"_blank\" rel=\"noopener\">sitio web<\/a>, o bien, mediante aplicaciones para tel\u00e9fonos m\u00f3viles en sus versiones para sistemas operativos Android e iOS (<em>Newsletter<\/em> de Fundacentro, 20 de diciembre de 2023).<\/p>\n","protected":false},"excerpt":{"rendered":"Una aplicaci\u00f3n muestra los riesgos de la exposici\u00f3n de los trabajadores al calor intenso","protected":false},"author":476,"featured_media":519776,"comment_status":"closed","ping_status":"closed","sticky":false,"template":"","format":"standard","meta":{"_acf_changed":false,"_exactmetrics_skip_tracking":false,"_exactmetrics_sitenote_active":false,"_exactmetrics_sitenote_note":"","_exactmetrics_sitenote_category":0,"footnotes":""},"categories":[1670],"tags":[312,329],"coauthors":[786],"class_list":["post-519833","post","type-post","status-publish","format-standard","has-post-thumbnail","hentry","category-notas-es","tag-innovacion","tag-salud-publica"],"acf":[],"_links":{"self":[{"href":"https:\/\/revistapesquisa.fapesp.br\/es\/wp-json\/wp\/v2\/posts\/519833","targetHints":{"allow":["GET"]}}],"collection":[{"href":"https:\/\/revistapesquisa.fapesp.br\/es\/wp-json\/wp\/v2\/posts"}],"about":[{"href":"https:\/\/revistapesquisa.fapesp.br\/es\/wp-json\/wp\/v2\/types\/post"}],"author":[{"embeddable":true,"href":"https:\/\/revistapesquisa.fapesp.br\/es\/wp-json\/wp\/v2\/users\/476"}],"replies":[{"embeddable":true,"href":"https:\/\/revistapesquisa.fapesp.br\/es\/wp-json\/wp\/v2\/comments?post=519833"}],"version-history":[{"count":3,"href":"https:\/\/revistapesquisa.fapesp.br\/es\/wp-json\/wp\/v2\/posts\/519833\/revisions"}],"predecessor-version":[{"id":519837,"href":"https:\/\/revistapesquisa.fapesp.br\/es\/wp-json\/wp\/v2\/posts\/519833\/revisions\/519837"}],"wp:featuredmedia":[{"embeddable":true,"href":"https:\/\/revistapesquisa.fapesp.br\/es\/wp-json\/wp\/v2\/media\/519776"}],"wp:attachment":[{"href":"https:\/\/revistapesquisa.fapesp.br\/es\/wp-json\/wp\/v2\/media?parent=519833"}],"wp:term":[{"taxonomy":"category","embeddable":true,"href":"https:\/\/revistapesquisa.fapesp.br\/es\/wp-json\/wp\/v2\/categories?post=519833"},{"taxonomy":"post_tag","embeddable":true,"href":"https:\/\/revistapesquisa.fapesp.br\/es\/wp-json\/wp\/v2\/tags?post=519833"},{"taxonomy":"author","embeddable":true,"href":"https:\/\/revistapesquisa.fapesp.br\/es\/wp-json\/wp\/v2\/coauthors?post=519833"}],"curies":[{"name":"wp","href":"https:\/\/api.w.org\/{rel}","templated":true}]}}