{"id":519838,"date":"2024-07-19T13:55:58","date_gmt":"2024-07-19T16:55:58","guid":{"rendered":"https:\/\/revistapesquisa.fapesp.br\/?p=519838"},"modified":"2024-07-19T13:55:58","modified_gmt":"2024-07-19T16:55:58","slug":"avispas-de-darwin-en-la-zona-serrana-de-rio-de-janeiro","status":"publish","type":"post","link":"https:\/\/revistapesquisa.fapesp.br\/es\/avispas-de-darwin-en-la-zona-serrana-de-rio-de-janeiro\/","title":{"rendered":"Avispas de Darwin en la zona serrana de R\u00edo de Janeiro"},"content":{"rendered":"<p>Se pensaba las avispas de Darwin, llamadas as\u00ed en reconocimiento al naturalista ingl\u00e9s Charles Darwin (1809-1882), quien en una carta dirigida un bot\u00e1nico amigo suyo, le manifestaba su indignaci\u00f3n al ver que \u201cun Dios benevolente y omnipotente\u201d en el que a\u00fan cre\u00eda, pudiese haber creado insectos par\u00e1sitos cuyas larvas se alimentaban del cuerpo de orugas vivas, solamente podr\u00edan vivir en climas templados. Sin embargo, investigadores de la Universidad Federal de R\u00edo de Janeiro (UFRJ) y del Instituto Nacional de Investigaciones de la Amazonia (Inpa) capturaron 1.560 avispas a altitudes de entre 110 metros (m) y 2.169 m tan solo en un \u00e1rea del Parque Nacional Serra dos \u00d3rg\u00e3os, en R\u00edo de Janeiro, e identificaron 24 especies de la subfamilia Pimplinae a\u00fan no descritas. En los cerros fluminenses, la diversidad de especies era mayor a bajas altitudes e iba descendiendo a medida que la altura aumentaba. En 2020, bi\u00f3logos de la Universidad Federal de S\u00e3o Carlos (UFSCar), hab\u00edan identificado 91 especies de Pimplinae en la Reserva Biol\u00f3gica Serra do Japi, en el municipio de Jundia\u00ed, en el interior del estado Sao Paulo. En 2017, una expedici\u00f3n a la Amazonia peruana descubri\u00f3 otras 105. Se estima que esta familia, de los icneum\u00f3nidos, estar\u00eda compuesta por unas 60.000 especies, de las cuales se han descrito 24.000 (<em>Insects<\/em>, noviembre de 2023; <em>Brazilian Journal of Biology<\/em>, abril de 2020; <em>Insect Conservation and Diversity<\/em>, diciembre de 2017).<\/p>\n<div id=\"attachment_519843\" style=\"max-width: 1150px\" class=\"wp-caption alignnone\"><img loading=\"lazy\" decoding=\"async\" class=\"wp-image-519843 size-full\" src=\"https:\/\/revistapesquisa.fapesp.br\/wp-content\/uploads\/2024\/06\/RPF-notas-serra-dos-orgaos-2024-02-1140b.jpg\" alt=\"\" width=\"1140\" height=\"282\" srcset=\"https:\/\/revistapesquisa.fapesp.br\/wp-content\/uploads\/2024\/06\/RPF-notas-serra-dos-orgaos-2024-02-1140b.jpg 1140w, https:\/\/revistapesquisa.fapesp.br\/wp-content\/uploads\/2024\/06\/RPF-notas-serra-dos-orgaos-2024-02-1140b-250x62.jpg 250w, https:\/\/revistapesquisa.fapesp.br\/wp-content\/uploads\/2024\/06\/RPF-notas-serra-dos-orgaos-2024-02-1140b-700x173.jpg 700w, https:\/\/revistapesquisa.fapesp.br\/wp-content\/uploads\/2024\/06\/RPF-notas-serra-dos-orgaos-2024-02-1140b-120x30.jpg 120w\" sizes=\"auto, (max-width: 1140px) 100vw, 1140px\" \/><p class=\"wp-caption-text\"><span class=\"media-credits-inline\">FLINTE, V. <em>et al<\/em>. <strong>INSECTS<\/strong>. 2023<\/span>Avispas hembra capturadas en Serra dos \u00d3rg\u00e3os: de izquierda a derecha, <em>Dolichomitus megalourus<\/em>, <em>Neotheronia sp<\/em>. y <em>Pimpla caerulea<\/em><span class=\"media-credits\">FLINTE, V. <em>et al<\/em>. <strong>INSECTS<\/strong>. 2023<\/span><\/p><\/div>\n","protected":false},"excerpt":{"rendered":"Investigadores hallan avispas de Darwin en las serran\u00edas de R\u00edo de Janeiro","protected":false},"author":476,"featured_media":519839,"comment_status":"closed","ping_status":"closed","sticky":false,"template":"","format":"standard","meta":{"_acf_changed":false,"_exactmetrics_skip_tracking":false,"_exactmetrics_sitenote_active":false,"_exactmetrics_sitenote_note":"","_exactmetrics_sitenote_category":0,"footnotes":""},"categories":[1670],"tags":[275],"coauthors":[786],"class_list":["post-519838","post","type-post","status-publish","format-standard","has-post-thumbnail","hentry","category-notas-es","tag-biodiversidad"],"acf":[],"_links":{"self":[{"href":"https:\/\/revistapesquisa.fapesp.br\/es\/wp-json\/wp\/v2\/posts\/519838","targetHints":{"allow":["GET"]}}],"collection":[{"href":"https:\/\/revistapesquisa.fapesp.br\/es\/wp-json\/wp\/v2\/posts"}],"about":[{"href":"https:\/\/revistapesquisa.fapesp.br\/es\/wp-json\/wp\/v2\/types\/post"}],"author":[{"embeddable":true,"href":"https:\/\/revistapesquisa.fapesp.br\/es\/wp-json\/wp\/v2\/users\/476"}],"replies":[{"embeddable":true,"href":"https:\/\/revistapesquisa.fapesp.br\/es\/wp-json\/wp\/v2\/comments?post=519838"}],"version-history":[{"count":1,"href":"https:\/\/revistapesquisa.fapesp.br\/es\/wp-json\/wp\/v2\/posts\/519838\/revisions"}],"predecessor-version":[{"id":519847,"href":"https:\/\/revistapesquisa.fapesp.br\/es\/wp-json\/wp\/v2\/posts\/519838\/revisions\/519847"}],"wp:featuredmedia":[{"embeddable":true,"href":"https:\/\/revistapesquisa.fapesp.br\/es\/wp-json\/wp\/v2\/media\/519839"}],"wp:attachment":[{"href":"https:\/\/revistapesquisa.fapesp.br\/es\/wp-json\/wp\/v2\/media?parent=519838"}],"wp:term":[{"taxonomy":"category","embeddable":true,"href":"https:\/\/revistapesquisa.fapesp.br\/es\/wp-json\/wp\/v2\/categories?post=519838"},{"taxonomy":"post_tag","embeddable":true,"href":"https:\/\/revistapesquisa.fapesp.br\/es\/wp-json\/wp\/v2\/tags?post=519838"},{"taxonomy":"author","embeddable":true,"href":"https:\/\/revistapesquisa.fapesp.br\/es\/wp-json\/wp\/v2\/coauthors?post=519838"}],"curies":[{"name":"wp","href":"https:\/\/api.w.org\/{rel}","templated":true}]}}