{"id":523546,"date":"2024-07-01T15:20:44","date_gmt":"2024-07-01T18:20:44","guid":{"rendered":"https:\/\/revistapesquisa.fapesp.br\/?p=523546"},"modified":"2024-07-01T16:18:52","modified_gmt":"2024-07-01T19:18:52","slug":"una-constante-vigilancia","status":"publish","type":"post","link":"https:\/\/revistapesquisa.fapesp.br\/es\/una-constante-vigilancia\/","title":{"rendered":"Una constante vigilancia"},"content":{"rendered":"<p>La regi\u00f3n amaz\u00f3nica ha venido estando en la mira p\u00fablica en el transcurso de este siglo. Es una de las m\u00e1s importantes reservas de biodiversidad que quedan en el planeta, y su valor para la vida en la Tierra resulta incalculable. La Amazonia tambi\u00e9n cumple un rol esencial en la regulaci\u00f3n clim\u00e1tica, con una influencia que se extiende mucho m\u00e1s all\u00e1 de las fronteras del propio bioma. Los temores al respecto de la destrucci\u00f3n de la selva motivan debates sobre su ocupaci\u00f3n y su preservaci\u00f3n que han de tener en cuenta las perspectivas de los pueblos ind\u00edgenas que la habitan, y su poblaci\u00f3n, que ronda los 30 millones de habitantes.<\/p>\n<p>Un tema clave para su conservaci\u00f3n reside en la capacidad de monitorear la regi\u00f3n v\u00eda sat\u00e9lite. Brasil es ampliamente reconocido por su capacidad de monitorizaci\u00f3n. Expertos calificados del sector p\u00fablico y de diversas ONG recaban y analizan los datos. La informaci\u00f3n que surge merced a la constante vigilancia permite una acci\u00f3n inmediata tendiente a evitar la deforestaci\u00f3n en tiempo real. A su vez, la misma tambi\u00e9n suministra apoyo a la formulaci\u00f3n de pol\u00edticas, provee bases para las negociaciones internacionales y alimenta la investigaci\u00f3n cient\u00edfica y tecnol\u00f3gica, que como contrapartida impulsa la producci\u00f3n de m\u00e1s y mejores datos.<\/p>\n<p>El art\u00edculo estampado en la portada de esta Edici\u00f3n Internacional de <em>Pesquisa FAPESP<\/em> presenta cinco distintas iniciativas en curso que monitorean la deforestaci\u00f3n en la Amazonia,<a href=\"https:\/\/revistapesquisa.fapesp.br\/es\/los-vigias-de-la-selva-2\/\" target=\"_blank\" rel=\"noopener\"> poniendo el \u00e9nfasis en sus caracter\u00edsticas, sus diferencias metodol\u00f3gicas y sus utilizaciones<\/a>. Asimismo, en un reportaje contiguo <a href=\"https:\/\/revistapesquisa.fapesp.br\/es\/el-regreso-del-terraclass\/\" target=\"_blank\" rel=\"noopener\">se debate la iniciativa Terraclass<\/a>, que mapea el uso de la tierra deforestada en la regi\u00f3n. Este proyecto, desarrollado por el Instituto Nacional de Investigaciones Espaciales (Inpe) de Brasil y la Empresa Brasile\u00f1a de Investigaci\u00f3n Agropecuaria (Embrapa), ha sido reanudado tras un per\u00edodo de inactividad. La recientemente publicada radiograf\u00eda del a\u00f1o 2020 muestra que las tierras de la Amazonia se encuentran ocupadas en un 14 % por pasturas y por la agricultura.<\/p>\n<p>Esta edici\u00f3n contiene tambi\u00e9n una recopilaci\u00f3n de art\u00edculos publicados originalmente en portugu\u00e9s entre julio y diciembre de 2023. Los mismos cubren una amplia variedad de temas: un proyecto de desarrollo <a href=\"https:\/\/revistapesquisa.fapesp.br\/es\/una-potencial-vacuna-contra-la-cocaina-2\/\" target=\"_blank\" rel=\"noopener\">de una vacuna para tratar la adicci\u00f3n a la coca\u00edna<\/a>, una encuesta que indica una mayor incidencia de las<a href=\"https:\/\/revistapesquisa.fapesp.br\/es\/muertes-prematuras\/\" target=\"_blank\" rel=\"noopener\"> tasas de suicidio entre las poblaciones ind\u00edgenas de Brasil<\/a>, el<a href=\"https:\/\/revistapesquisa.fapesp.br\/es\/la-larga-historia-de-las-abejas-2\/\" target=\"_blank\" rel=\"noopener\"> origen de las abejas<\/a> en Gondwana, hace 120 millones de a\u00f1os y el prototipo brasile\u00f1o de una <a href=\"https:\/\/revistapesquisa.fapesp.br\/es\/la-fuerza-de-la-sal\/\" target=\"_blank\" rel=\"noopener\">bater\u00eda de sodio como una alternativa<\/a> para la movilidad el\u00e9ctrica, entre otros.<\/p>\n<p>El entrevistado en esta ocasi\u00f3n asumi\u00f3 como presidente de la Biblioteca Nacional de Brasil en 2023. Con m\u00e1s de 200 a\u00f1os de antig\u00fcedad y en posesi\u00f3n de m\u00e1s de 10 millones de piezas, dicha instituci\u00f3n salvaguarda el patrimonio bibliogr\u00e1fico del pa\u00eds. <a href=\"https:\/\/revistapesquisa.fapesp.br\/es\/marco-lucchesi-un-poeta-de-fronteras\/\" target=\"_blank\" rel=\"noopener\">Marco Lucchesi, profesor de literatura comparada en la Universidad Federal de R\u00edo de Janeiro (UFRJ)<\/a>, defini\u00f3 que su misi\u00f3n es hacer una biblioteca m\u00e1s accesible. El tambi\u00e9n poeta y escritor habl\u00f3 de su trabajo en la instituci\u00f3n y sobre la importancia de la investigaci\u00f3n en literatura e historia para la traducci\u00f3n de autores al portugu\u00e9s. Lucchesi mismo es traductor y habla fluidamente m\u00e1s de 22 idiomas.<\/p>\n","protected":false},"excerpt":{"rendered":"La regi\u00f3n amaz\u00f3nica ha venido estando en la mira p\u00fablica en el transcurso de este siglo. Es una de las m\u00e1s importantes reservas de biodiversidad que quedan en el planeta, y su valor para la vida en la Tierra resulta incalculable. La Amazonia tambi\u00e9n cumple un rol esencial en la regulaci\u00f3n clim\u00e1tica, con una influencia&#8230; <a class=\"view-article\" href=\"https:\/\/revistapesquisa.fapesp.br\/es\/una-constante-vigilancia\/\">Ver art\u00edculo<\/a>","protected":false},"author":595,"featured_media":0,"comment_status":"closed","ping_status":"closed","sticky":false,"template":"","format":"standard","meta":{"_acf_changed":false,"_exactmetrics_skip_tracking":false,"_exactmetrics_sitenote_active":false,"_exactmetrics_sitenote_note":"","_exactmetrics_sitenote_category":0,"footnotes":""},"categories":[180],"tags":[],"coauthors":[1582],"class_list":["post-523546","post","type-post","status-publish","format-standard","hentry","category-editorial-es"],"acf":[],"_links":{"self":[{"href":"https:\/\/revistapesquisa.fapesp.br\/es\/wp-json\/wp\/v2\/posts\/523546","targetHints":{"allow":["GET"]}}],"collection":[{"href":"https:\/\/revistapesquisa.fapesp.br\/es\/wp-json\/wp\/v2\/posts"}],"about":[{"href":"https:\/\/revistapesquisa.fapesp.br\/es\/wp-json\/wp\/v2\/types\/post"}],"author":[{"embeddable":true,"href":"https:\/\/revistapesquisa.fapesp.br\/es\/wp-json\/wp\/v2\/users\/595"}],"replies":[{"embeddable":true,"href":"https:\/\/revistapesquisa.fapesp.br\/es\/wp-json\/wp\/v2\/comments?post=523546"}],"version-history":[{"count":3,"href":"https:\/\/revistapesquisa.fapesp.br\/es\/wp-json\/wp\/v2\/posts\/523546\/revisions"}],"predecessor-version":[{"id":524095,"href":"https:\/\/revistapesquisa.fapesp.br\/es\/wp-json\/wp\/v2\/posts\/523546\/revisions\/524095"}],"wp:attachment":[{"href":"https:\/\/revistapesquisa.fapesp.br\/es\/wp-json\/wp\/v2\/media?parent=523546"}],"wp:term":[{"taxonomy":"category","embeddable":true,"href":"https:\/\/revistapesquisa.fapesp.br\/es\/wp-json\/wp\/v2\/categories?post=523546"},{"taxonomy":"post_tag","embeddable":true,"href":"https:\/\/revistapesquisa.fapesp.br\/es\/wp-json\/wp\/v2\/tags?post=523546"},{"taxonomy":"author","embeddable":true,"href":"https:\/\/revistapesquisa.fapesp.br\/es\/wp-json\/wp\/v2\/coauthors?post=523546"}],"curies":[{"name":"wp","href":"https:\/\/api.w.org\/{rel}","templated":true}]}}