{"id":526543,"date":"2024-07-31T15:46:04","date_gmt":"2024-07-31T18:46:04","guid":{"rendered":"https:\/\/revistapesquisa.fapesp.br\/?p=526543"},"modified":"2024-07-31T15:46:04","modified_gmt":"2024-07-31T18:46:04","slug":"un-fondo-censara-a-las-organizaciones-que-apoyan-a-la-poblacion-negra-y-que-estan-coordinadas-por-personas-negras","status":"publish","type":"post","link":"https:\/\/revistapesquisa.fapesp.br\/es\/un-fondo-censara-a-las-organizaciones-que-apoyan-a-la-poblacion-negra-y-que-estan-coordinadas-por-personas-negras\/","title":{"rendered":"Un fondo censar\u00e1 a las organizaciones que apoyan a la poblaci\u00f3n negra y que est\u00e1n coordinadas por personas negras"},"content":{"rendered":"<p>El fondo filantr\u00f3pico Agbara, creado durante la pandemia para asistir a las mujeres negras mediante programas de generaci\u00f3n de ingresos e incentivos a emprender, est\u00e1 montando un centro de investigaciones para recabar datos sobre las desigualdades sociales en Brasil y elaborar estudios sobre temas relacionados con la poblaci\u00f3n negra, la filantrop\u00eda y la inclusi\u00f3n. Para este fin, se invertir\u00e1n 2 millones de reales y est\u00e1 previsto el reclutamiento de 27 estudiantes o investigadores, uno por cada estado de la federaci\u00f3n.<\/p>\n<p>El prop\u00f3sito inicial es promover un censo de las entidades e iniciativas coordinadas por personas negras para asistir a otras similares en el pa\u00eds, que operan en el marco del concepto definido como filantrop\u00eda negra. En Estados Unidos, esto est\u00e1 muy difundido. En 2011, las organizaciones dedicadas a la promoci\u00f3n de la igualdad racial eligieron agosto como el mes de la filantrop\u00eda negra y, desde entonces, impulsan actividades en este per\u00edodo del a\u00f1o para reflexionar sobre sus desaf\u00edos y proponer nuevas acciones. En Brasil, esta modalidad filantr\u00f3pica se origin\u00f3 en la \u00e9poca de la esclavitud, cuando surgieron redes de apoyo para recaudar fondos y comprar manumisiones y hermandades religiosas de esclavizados y libertos.<\/p>\n<p>Seg\u00fan surge de los datos de una investigaci\u00f3n realizada el a\u00f1o pasado por la Iniciativa Pipa, una organizaci\u00f3n filantr\u00f3pica con sede en R\u00edo de Janeiro, el 74,1 % de las personas que est\u00e1n al frente de los proyectos en los suburbios de ese municipio son negras o pardas, al igual que el 80,6 % de las personas que se benefician de estos proyectos. En el marco del estudio intitulado \u201cPeriferias y filantrop\u00eda: las barreras para el acceso a los recursos en Brasil\u201d fueron entrevistados a m\u00e1s de 600 dirigentes de organizaciones y cooperativas. Otra informaci\u00f3n relevante indica que el 46 % de los proyectos dirigidos por personas negras en las periferias recaudan menos de 5.000 reales al a\u00f1o. En general, se trata de actividades que las personas llevan a cabo en simult\u00e1neo con su trabajo remunerado. Pero no existe informaci\u00f3n detallada sobre estos individuos y proyectos. El censo del Fondo Agbara se propone entrevistar a estas personas y elaborar un diagn\u00f3stico sobre la filantrop\u00eda negra en Brasil, que ser\u00e1 divulgado a finales de a\u00f1o. El n\u00facleo de investigaciones tiene en mente publicar tambi\u00e9n una \u201cGu\u00eda de buenas pr\u00e1cticas para la promoci\u00f3n de la filantrop\u00eda negra\u201d.<\/p>\n<p>\u201cMientras que en Estados Unidos la filantrop\u00eda negra est\u00e1 consolidada, aqu\u00ed todo ello habr\u00e1 de entenderse pr\u00e1cticamente desde cero\u201d, dice la coordinadora del centro de investigaci\u00f3n, Luana Braga Batista, Lua, como es m\u00e1s conocida, estudiante de doctorado en antropolog\u00eda social en la Universidad Federal de R\u00edo de Janeiro (UFRJ). Ella subraya que, en Brasil, incluso los institutos creados por personas negras exitosas, como artistas y jugadores de f\u00fatbol, no suelen desarrollar acciones enfocadas en la cuesti\u00f3n racial. Por lo general, se trata de iniciativas sociales m\u00e1s amplias que llegan a un p\u00fablico mayoritariamente compuesto por personas negras debido a la vulnerabilidad de este grupo poblacional, pero no han sido dise\u00f1adas para combatir la desigualdad racial. El Fondo Baob\u00e1 para la Equidad Racial, creado en 2011, es el ejemplo m\u00e1s conocido de una organizaci\u00f3n no gubernamental que dispone de un fondo patrimonial espec\u00edfico destinado a proyectos dirigidos a la poblaci\u00f3n negra y a combatir el racismo.<\/p>\n<p>El n\u00facleo del Agbara contar\u00e1 con el apoyo de instituciones que ya trabajan con las iniciativas del fondo, entre ellas, Global Fund for Community Foundations, con sede en Sud\u00e1frica, la Fundaci\u00f3n Tide Set\u00fabal, cuyo trabajo se centra en el desarrollo social de la poblaci\u00f3n urbana perif\u00e9rica, y la Fundaci\u00f3n Jos\u00e9 Luiz Egydio Set\u00fabal, que apoya principalmente proyectos de salud infantil. \u201cHay confluencia de objetivos entre las iniciativas de Agbara y nuestra fundaci\u00f3n, uno de cuyos pilares de acci\u00f3n es el apoyo a la consolidaci\u00f3n del sector filantr\u00f3pico\u201d, dice Ana Claudia Andreotti, analista de proyectos de la Fundaci\u00f3n Jos\u00e9 Luiz Egydio Set\u00fabal, que invertir\u00e1 160.000 reales en el n\u00facleo de investigaciones en una primera etapa, con la perspectiva de efectuar nuevas aportaciones.<\/p>\n<p>Las caracter\u00edsticas y la trayectoria del Fondo Agbara explican su inter\u00e9s por la filantrop\u00eda negra. La iniciativa surgi\u00f3 en Campinas en 2020, bajo el liderazgo de la soci\u00f3loga y pedagoga Aline Odara. Con experiencia en la organizaci\u00f3n de colectas para ayudar a amigos y personas con dificultades, en los primeros meses de la pandemia organiz\u00f3 una iniciativa para recaudar fondos cuyo objetivo inicial era que 20 personas donaran 20 reales por mes durante un a\u00f1o, con lo que recaudar\u00eda 400 reales mensuales para ayudar a mujeres negras en situaci\u00f3n de vulnerabilidad. La noticia se propag\u00f3 por la Universidad de Campinas (Unicamp), donde Odara cursa una maestr\u00eda en educaci\u00f3n, y la cantidad de donantes creci\u00f3 a 60 en cinco d\u00edas y a 300 en tres meses, con lo que la recaudaci\u00f3n mensual pas\u00f3 a ser de 6.000 reales. A medida que el emprendimiento fue escalando, Odara, actual directora ejecutiva del fondo, sinti\u00f3 la necesidad de formalizar la iniciativa. Agbara significa \u201cpotencia\u201d en yoruba, la lengua de buena parte de la poblaci\u00f3n de Nigeria y de varios otros pa\u00edses africanos, presente en Brasil a trav\u00e9s de las tradiciones culturales y religiosas de origen africano.<\/p>\n<p>Hubo que establecer criterios para definir qui\u00e9nes recibir\u00edan ayuda: se dar\u00eda prioridad a las mujeres negras solteras con al menos tres hijos a cargo. Otro de los par\u00e1metros fue destinar el 50 % de las transferencias a las regiones norte y nordeste de Brasil, que necesitan m\u00e1s inversi\u00f3n social que otras. Adem\u00e1s del giro de dinero, la tarea del fondo evolucion\u00f3 hacia la financiaci\u00f3n y la mentor\u00eda de peque\u00f1os emprendimientos liderados por mujeres negras. El proyecto Avan\u00e7a Preta ha proporcionado capacitaci\u00f3n t\u00e9cnica a m\u00e1s de 20 iniciativas de generaci\u00f3n de ingresos que movilizan a mujeres negras. Hay proyectos para p\u00fablicos espec\u00edficos, como las mujeres recolectoras de materiales reciclables o tambi\u00e9n, por citar un ejemplo reciente, la incorporaci\u00f3n de mujeres negras en la cadena log\u00edstica y de suministros del puerto de Navegantes, en el estado de Santa Catarina.<\/p>\n<p>En tres a\u00f1os, el fondo recaud\u00f3 m\u00e1s de 6 millones de reales y ha realizado 2.500 inversiones, tanto a trav\u00e9s de aportes financieros directos a proyectos como proporcionando formaci\u00f3n a mujeres negras. El trabajo lo realizan 10 empleadas con diversa formaci\u00f3n, todas ellas negras. \u201cCuando una mujer negra emprende uno de estos movimientos, ello involucra a varias personas m\u00e1s. Es una hija que puede asistir a la escuela, una hermana a la que empieza a ayudar o el impulso a los negocios del vecindario de los que se convierte en clienta\u201d, concluye Aline Odara.<\/p>\n","protected":false},"excerpt":{"rendered":"La iniciativa procura recabar datos sobre la desigualdad y la filantrop\u00eda","protected":false},"author":738,"featured_media":526544,"comment_status":"closed","ping_status":"closed","sticky":false,"template":"","format":"standard","meta":{"_acf_changed":false,"_exactmetrics_skip_tracking":false,"_exactmetrics_sitenote_active":false,"_exactmetrics_sitenote_note":"","_exactmetrics_sitenote_category":0,"footnotes":""},"categories":[189],"tags":[303],"coauthors":[4540],"class_list":["post-526543","post","type-post","status-publish","format-standard","has-post-thumbnail","hentry","category-politica-ct","tag-financiacion"],"acf":[],"_links":{"self":[{"href":"https:\/\/revistapesquisa.fapesp.br\/es\/wp-json\/wp\/v2\/posts\/526543","targetHints":{"allow":["GET"]}}],"collection":[{"href":"https:\/\/revistapesquisa.fapesp.br\/es\/wp-json\/wp\/v2\/posts"}],"about":[{"href":"https:\/\/revistapesquisa.fapesp.br\/es\/wp-json\/wp\/v2\/types\/post"}],"author":[{"embeddable":true,"href":"https:\/\/revistapesquisa.fapesp.br\/es\/wp-json\/wp\/v2\/users\/738"}],"replies":[{"embeddable":true,"href":"https:\/\/revistapesquisa.fapesp.br\/es\/wp-json\/wp\/v2\/comments?post=526543"}],"version-history":[{"count":1,"href":"https:\/\/revistapesquisa.fapesp.br\/es\/wp-json\/wp\/v2\/posts\/526543\/revisions"}],"predecessor-version":[{"id":526548,"href":"https:\/\/revistapesquisa.fapesp.br\/es\/wp-json\/wp\/v2\/posts\/526543\/revisions\/526548"}],"wp:featuredmedia":[{"embeddable":true,"href":"https:\/\/revistapesquisa.fapesp.br\/es\/wp-json\/wp\/v2\/media\/526544"}],"wp:attachment":[{"href":"https:\/\/revistapesquisa.fapesp.br\/es\/wp-json\/wp\/v2\/media?parent=526543"}],"wp:term":[{"taxonomy":"category","embeddable":true,"href":"https:\/\/revistapesquisa.fapesp.br\/es\/wp-json\/wp\/v2\/categories?post=526543"},{"taxonomy":"post_tag","embeddable":true,"href":"https:\/\/revistapesquisa.fapesp.br\/es\/wp-json\/wp\/v2\/tags?post=526543"},{"taxonomy":"author","embeddable":true,"href":"https:\/\/revistapesquisa.fapesp.br\/es\/wp-json\/wp\/v2\/coauthors?post=526543"}],"curies":[{"name":"wp","href":"https:\/\/api.w.org\/{rel}","templated":true}]}}