{"id":528870,"date":"2024-08-23T10:16:55","date_gmt":"2024-08-23T13:16:55","guid":{"rendered":"https:\/\/revistapesquisa.fapesp.br\/?p=528870"},"modified":"2024-08-23T10:16:55","modified_gmt":"2024-08-23T13:16:55","slug":"nuevos-representantes-de-la-usp-en-la-fapesp","status":"publish","type":"post","link":"https:\/\/revistapesquisa.fapesp.br\/es\/nuevos-representantes-de-la-usp-en-la-fapesp\/","title":{"rendered":"Nuevos representantes de la USP en la FAPESP"},"content":{"rendered":"<div id=\"attachment_528871\" style=\"max-width: 1150px\" class=\"wp-caption alignright vertical\"><img loading=\"lazy\" decoding=\"async\" class=\"wp-image-528871 size-full\" src=\"https:\/\/revistapesquisa.fapesp.br\/wp-content\/uploads\/2024\/08\/rpf-Notas-novos-representantes-2024-04-1140.jpg\" alt=\"\" width=\"1140\" height=\"563\" srcset=\"https:\/\/revistapesquisa.fapesp.br\/wp-content\/uploads\/2024\/08\/rpf-Notas-novos-representantes-2024-04-1140.jpg 1140w, https:\/\/revistapesquisa.fapesp.br\/wp-content\/uploads\/2024\/08\/rpf-Notas-novos-representantes-2024-04-1140-250x123.jpg 250w, https:\/\/revistapesquisa.fapesp.br\/wp-content\/uploads\/2024\/08\/rpf-Notas-novos-representantes-2024-04-1140-700x346.jpg 700w, https:\/\/revistapesquisa.fapesp.br\/wp-content\/uploads\/2024\/08\/rpf-Notas-novos-representantes-2024-04-1140-120x59.jpg 120w\" sizes=\"auto, (max-width: 1140px) 100vw, 1140px\" \/><p class=\"wp-caption-text\"><span class=\"media-credits-inline\">L\u00e9o Ramos Chaves\u2009\/\u2009Revista Pesquisa FAPESP<\/span>Maria Arminda do Nascimento Arruda, Marc\u00edlio Alves y Marco Antonio Zago: consejeros<span class=\"media-credits\">L\u00e9o Ramos Chaves\u2009\/\u2009Revista Pesquisa FAPESP<\/span><\/p><\/div>\n<p>El 12 de marzo, el gobernador de S\u00e3o Paulo, Tarc\u00edsio de Freitas, nombr\u00f3 a Maria Arminda do Nascimento Arruda, Marc\u00edlio Alves y Marco Antonio Zago como miembros del Consejo Superior de la FAPESP por un per\u00edodo de seis a\u00f1os en representaci\u00f3n de la Universidad de S\u00e3o Paulo (USP). La soci\u00f3loga Maria Arminda Arruda es docente de la Facultad de Filosof\u00eda, Letras y Ciencias Humanas (FFLCH), fue prorrectora de Cultura y Extensi\u00f3n Universitaria (2010-2015), directora de la FFLCH (2016-2020) y actualmente es vicerrectora de la USP desde 2022. Tambi\u00e9n fue secretaria ejecutiva de la Asociaci\u00f3n Nacional de Posgrado e Investigaci\u00f3n en Ciencias Sociales (Anpocs, 2000-2004) y representante del \u00e1rea de Ciencias Humanas en el Consejo T\u00e9cnico Cient\u00edfico de la Coordinaci\u00f3n de Perfeccionamiento de Personal de Nivel Superior (Capes, 1998-2001). El ingeniero mec\u00e1nico Marc\u00edlio Alves es docente de la carrera de ingenier\u00eda mecatr\u00f3nica de la Escuela Polit\u00e9cnica y representante de los profesores titulares de la USP en su Consejo Universitario. Director ejecutivo de la Fundaci\u00f3n Universidad de S\u00e3o Paulo (Fusp), fue asesor del Ministerio de Industria y Comercio Exterior en el \u00e1rea de normas de seguridad vehicular y coordinador del Comit\u00e9 de Asesoramiento en Ingenier\u00eda Mec\u00e1nica, Naval y Oce\u00e1nica y Aeroespacial del Consejo Nacional de Desarrollo Cient\u00edfico y Tecnol\u00f3gico (CNPq). El m\u00e9dico Marco Antonio Zago, miembro del Consejo Superior desde 2018 donde ocupa el cargo de presidente, es profesor em\u00e9rito de la Facultad de Medicina de Ribeir\u00e3o Preto (FMRP) de la USP, fue presidente del CNPq (2007-2010), y prorrector de Investigaci\u00f3n (2010-2014) y rector de la USP (2014-2017), adem\u00e1s de secretario estadual de Salud (2018). Coordin\u00f3 el Centro de Terapia Celular de Ribeir\u00e3o Preto \u2012 uno de los Centros de Investigaci\u00f3n, Innovaci\u00f3n y Difusi\u00f3n (Cepids) financiados por la FAPESP \u2012 entre 2001 y 2015, fue director cl\u00ednico del Hospital de Cl\u00ednicas de Ribeir\u00e3o Preto y miembro de la Comisi\u00f3n Nacional de Bioseguridad (CTNBio).<\/p>\n","protected":false},"excerpt":{"rendered":"Maria Arminda do Nascimento Arruda, Marc\u00edlio Alves y Marco Antonio Zago pasan a integrar el Consejo Superior de la FAPESP","protected":false},"author":476,"featured_media":0,"comment_status":"closed","ping_status":"closed","sticky":false,"template":"","format":"standard","meta":{"_acf_changed":false,"_exactmetrics_skip_tracking":false,"_exactmetrics_sitenote_active":false,"_exactmetrics_sitenote_note":"","_exactmetrics_sitenote_category":0,"footnotes":""},"categories":[1670],"tags":[284],"coauthors":[786],"class_list":["post-528870","post","type-post","status-publish","format-standard","hentry","category-notas-es","tag-cienciometria-es"],"acf":[],"_links":{"self":[{"href":"https:\/\/revistapesquisa.fapesp.br\/es\/wp-json\/wp\/v2\/posts\/528870","targetHints":{"allow":["GET"]}}],"collection":[{"href":"https:\/\/revistapesquisa.fapesp.br\/es\/wp-json\/wp\/v2\/posts"}],"about":[{"href":"https:\/\/revistapesquisa.fapesp.br\/es\/wp-json\/wp\/v2\/types\/post"}],"author":[{"embeddable":true,"href":"https:\/\/revistapesquisa.fapesp.br\/es\/wp-json\/wp\/v2\/users\/476"}],"replies":[{"embeddable":true,"href":"https:\/\/revistapesquisa.fapesp.br\/es\/wp-json\/wp\/v2\/comments?post=528870"}],"version-history":[{"count":1,"href":"https:\/\/revistapesquisa.fapesp.br\/es\/wp-json\/wp\/v2\/posts\/528870\/revisions"}],"predecessor-version":[{"id":528875,"href":"https:\/\/revistapesquisa.fapesp.br\/es\/wp-json\/wp\/v2\/posts\/528870\/revisions\/528875"}],"wp:attachment":[{"href":"https:\/\/revistapesquisa.fapesp.br\/es\/wp-json\/wp\/v2\/media?parent=528870"}],"wp:term":[{"taxonomy":"category","embeddable":true,"href":"https:\/\/revistapesquisa.fapesp.br\/es\/wp-json\/wp\/v2\/categories?post=528870"},{"taxonomy":"post_tag","embeddable":true,"href":"https:\/\/revistapesquisa.fapesp.br\/es\/wp-json\/wp\/v2\/tags?post=528870"},{"taxonomy":"author","embeddable":true,"href":"https:\/\/revistapesquisa.fapesp.br\/es\/wp-json\/wp\/v2\/coauthors?post=528870"}],"curies":[{"name":"wp","href":"https:\/\/api.w.org\/{rel}","templated":true}]}}