{"id":529529,"date":"2024-08-27T11:35:57","date_gmt":"2024-08-27T14:35:57","guid":{"rendered":"https:\/\/revistapesquisa.fapesp.br\/?p=529529"},"modified":"2024-08-27T11:35:57","modified_gmt":"2024-08-27T14:35:57","slug":"entre-la-sociologia-y-el-derecho","status":"publish","type":"post","link":"https:\/\/revistapesquisa.fapesp.br\/es\/entre-la-sociologia-y-el-derecho\/","title":{"rendered":"Entre la sociolog\u00eda y el derecho"},"content":{"rendered":"<p><img loading=\"lazy\" decoding=\"async\" width=\"1140\" height=\"1267\" class=\"size-full wp-image-529530 alignright\" src=\"https:\/\/revistapesquisa.fapesp.br\/wp-content\/uploads\/2024\/08\/rpf-ob-werneck-2024-02-1140.jpg\" alt=\"\" srcset=\"https:\/\/revistapesquisa.fapesp.br\/wp-content\/uploads\/2024\/08\/rpf-ob-werneck-2024-02-1140.jpg 1140w, https:\/\/revistapesquisa.fapesp.br\/wp-content\/uploads\/2024\/08\/rpf-ob-werneck-2024-02-1140-250x278.jpg 250w, https:\/\/revistapesquisa.fapesp.br\/wp-content\/uploads\/2024\/08\/rpf-ob-werneck-2024-02-1140-700x778.jpg 700w, https:\/\/revistapesquisa.fapesp.br\/wp-content\/uploads\/2024\/08\/rpf-ob-werneck-2024-02-1140-120x133.jpg 120w\" sizes=\"auto, (max-width: 1140px) 100vw, 1140px\" \/><span class=\"media-credits-inline\">Rafael Andrade \/ Folhapress <\/span>Uno de los pensadores m\u00e1s influyentes del campo de las ciencias sociales en Brasil, el soci\u00f3logo Luiz Werneck Vianna, abord\u00f3, entre otros temas, la democracia, la modernizaci\u00f3n brasile\u00f1a y la judicializaci\u00f3n de la pol\u00edtica. Fue un gran divulgador en el pa\u00eds del pensamiento del fil\u00f3sofo marxista italiano Antonio Gramsci (1891-1937) a trav\u00e9s de libros como <em>A revolu\u00e7\u00e3o passiva: Iberismo y americanismo no Brasil <\/em>[La revoluci\u00f3n pasiva. Iberismo y americanismo en Brasil] (editorial Revan, 1997). El investigador falleci\u00f3 el 21 de febrero, a los 85 a\u00f1os, en R\u00edo de Janeiro.<\/p>\n<p>\u201cWerneck form\u00f3 a algunas generaciones de soci\u00f3logos que lo tienen como referente tanto a nivel profesional como humano\u201d, dice la soci\u00f3loga Maria Alice Rezende de Carvalho, de la Pontificia Universidad Cat\u00f3lica de R\u00edo de Janeiro (PUC-RJ) y amiga del intelectual durante cuatro d\u00e9cadas. \u201cEra un orador \u2018volc\u00e1nico\u2019. Los que, como yo, lo hemos o\u00eddo hablar muchas veces no olvidamos su presencia dram\u00e1tica y su tono contundente, pasional\u201d, a\u00f1ade la soci\u00f3loga Angela Alonso, de la Facultad de Filosof\u00eda, Letras y Ciencias Humanas de la Universidad de S\u00e3o Paulo (FFLCH-USP).<\/p>\n<p>El soci\u00f3logo naci\u00f3 el 14 de octubre de 1938 en R\u00edo de Janeiro. Creci\u00f3 en el barrio de Ipanema y pese a haber asistido a colegios de la elite carioca, se interes\u00f3 por las cuestiones sociales al verse movilizado desde muy joven por los impactos de la Segunda Guerra Mundial (1939-1945) y por campa\u00f1as nacionalistas como \u201cEl petr\u00f3leo es nuestro\u201d.<\/p>\n<p>En 1962 obtuvo el t\u00edtulo de abogado en la Universidad del Estado de Guanabara, la actual Universidad del Estado de R\u00edo de Janeiro (Uerj). Dos a\u00f1os despu\u00e9s inici\u00f3 la carrera de ciencias sociales en la Universidad Federal de R\u00edo de Janeiro (UFRJ), donde se gradu\u00f3 en 1967. Ingres\u00f3 a la primera cohorte de la maestr\u00eda en ciencias pol\u00edticas del Instituto Universitario de Investigaciones de R\u00edo de Janeiro (Iuperj), en 1969. Sin embargo, tuvo que exiliarse en Chile en 1970 debido a la persecuci\u00f3n de la dictadura militar y no pudo concluir su tesina. En 1971 regres\u00f3 a Brasil y acab\u00f3 siendo encarcelado durante seis meses en R\u00edo de Janeiro. Luego se mud\u00f3 a la capital paulista e hizo el doctorado en sociolog\u00eda en la USP, entre 1973 y 1976, bajo la direcci\u00f3n del polit\u00f3logo Francisco Weffort (1937-2021).<\/p>\n<p>Su tesis doctoral se convirti\u00f3 en una de sus obras principales, <em>Liberalismo e sindicato no Brasil <\/em>[Liberalismo y sindicatos en Brasil] (editorial Paz e Terra, 1976). \u201cContribuy\u00f3 para demostrar que nuestra modernizaci\u00f3n capitalista ten\u00eda caracter\u00edsticas extremadamente conservadoras y sus profundas implicaciones en la vida pol\u00edtica del pa\u00eds, que modelaron las posibilidades de un progreso democr\u00e1tico\u201d, explica la polit\u00f3loga Maria Herm\u00ednia Tavares de Almeida, profesora em\u00e9rita de la USP e investigadora del Centro Brasile\u00f1o de An\u00e1lisis y Planificaci\u00f3n (Cebrap).<\/p>\n<p>Mantuvo una fruct\u00edfera colaboraci\u00f3n intelectual con Carvalho, de la PUC-RJ. Publicaron cuatro libros en coautor\u00eda sobre democracia y derecho, siendo uno de ellos <em>Judicializa\u00e7\u00e3o da pol\u00edtica e das rela\u00e7\u00f5es sociais no Brasil <\/em>[Judicializaci\u00f3n de la pol\u00edtica y las relaciones sociales en Brasil] (editorial Revan, 1998). Trabajaron juntos en el Iuperj, actual Instituto de Estudios Sociales y Pol\u00edticos de la Uerj, donde Werneck Vianna se desempe\u00f1\u00f3 como docente entre 1980 y 2010. Al a\u00f1o siguiente, se traslad\u00f3 al Departamento de Sociolog\u00eda y Pol\u00edtica de la PUC-RJ.<\/p>\n<p>\u201cParticip\u00f3 activamente en la institucionalizaci\u00f3n de las ciencias sociales en Brasil\u201d, resalt\u00f3 el polit\u00f3logo Milton Lahuerta, de la Universidade Estadual Paulista (Unesp). Entre otros cargos, presidi\u00f3 la Asociaci\u00f3n Nacional de Posgrado e Investigaci\u00f3n en Ciencias Sociales (Anpocs) entre 2002 y 2004.<\/p>\n<p>V\u00edctima de una enfermedad pulmonar cr\u00f3nica, Werneck Vianna deja cuatro hijos, Jo\u00e3o Pedro, Juliano, Marina y Salvador, frutos de su matrimonio con Maria L\u00facia Teixeira Werneck Vianna, profesora jubilada de ciencias sociales en la UFRJ, nueve nietos y un bisnieto. Tambi\u00e9n deja a la psicoanalista Helo\u00edsa Occhiuze dos Santos, su compa\u00f1era durante los \u00faltimos 20 a\u00f1os.<\/p>\n","protected":false},"excerpt":{"rendered":"Luiz Werneck Vianna analiz\u00f3 los descaminos de la modernizaci\u00f3n brasile\u00f1a","protected":false},"author":742,"featured_media":0,"comment_status":"closed","ping_status":"closed","sticky":false,"template":"","format":"standard","meta":{"_acf_changed":false,"_exactmetrics_skip_tracking":false,"_exactmetrics_sitenote_active":false,"_exactmetrics_sitenote_note":"","_exactmetrics_sitenote_category":0,"footnotes":""},"categories":[1349],"tags":[330],"coauthors":[4599],"class_list":["post-529529","post","type-post","status-publish","format-standard","hentry","category-necrologia","tag-sociologia-es"],"acf":[],"_links":{"self":[{"href":"https:\/\/revistapesquisa.fapesp.br\/es\/wp-json\/wp\/v2\/posts\/529529","targetHints":{"allow":["GET"]}}],"collection":[{"href":"https:\/\/revistapesquisa.fapesp.br\/es\/wp-json\/wp\/v2\/posts"}],"about":[{"href":"https:\/\/revistapesquisa.fapesp.br\/es\/wp-json\/wp\/v2\/types\/post"}],"author":[{"embeddable":true,"href":"https:\/\/revistapesquisa.fapesp.br\/es\/wp-json\/wp\/v2\/users\/742"}],"replies":[{"embeddable":true,"href":"https:\/\/revistapesquisa.fapesp.br\/es\/wp-json\/wp\/v2\/comments?post=529529"}],"version-history":[{"count":1,"href":"https:\/\/revistapesquisa.fapesp.br\/es\/wp-json\/wp\/v2\/posts\/529529\/revisions"}],"predecessor-version":[{"id":529534,"href":"https:\/\/revistapesquisa.fapesp.br\/es\/wp-json\/wp\/v2\/posts\/529529\/revisions\/529534"}],"wp:attachment":[{"href":"https:\/\/revistapesquisa.fapesp.br\/es\/wp-json\/wp\/v2\/media?parent=529529"}],"wp:term":[{"taxonomy":"category","embeddable":true,"href":"https:\/\/revistapesquisa.fapesp.br\/es\/wp-json\/wp\/v2\/categories?post=529529"},{"taxonomy":"post_tag","embeddable":true,"href":"https:\/\/revistapesquisa.fapesp.br\/es\/wp-json\/wp\/v2\/tags?post=529529"},{"taxonomy":"author","embeddable":true,"href":"https:\/\/revistapesquisa.fapesp.br\/es\/wp-json\/wp\/v2\/coauthors?post=529529"}],"curies":[{"name":"wp","href":"https:\/\/api.w.org\/{rel}","templated":true}]}}