{"id":546047,"date":"2025-03-25T10:38:24","date_gmt":"2025-03-25T13:38:24","guid":{"rendered":"https:\/\/revistapesquisa.fapesp.br\/?p=546047"},"modified":"2025-03-25T10:56:53","modified_gmt":"2025-03-25T13:56:53","slug":"las-mujeres-encarceladas-tienen-una-salud-mas-precaria-que-el-resto-de-la-poblacion-y-son-abandonadas-por-sus-familias","status":"publish","type":"post","link":"https:\/\/revistapesquisa.fapesp.br\/es\/las-mujeres-encarceladas-tienen-una-salud-mas-precaria-que-el-resto-de-la-poblacion-y-son-abandonadas-por-sus-familias\/","title":{"rendered":"Las mujeres encarceladas tienen una salud m\u00e1s precaria que el resto de la poblaci\u00f3n y son abandonadas por sus familias"},"content":{"rendered":"<p>El paso por los establecimientos correccionales impone a las mujeres un castigo adicional: el abandono. Una vez en prisi\u00f3n, muchas de ellas son olvidadas por sus familiares y amigos y nunca reciben visitas. \u201cSon doblemente condenadas. Por la sociedad, a causa de los delitos cometidos, y por sus familias, por haberles fallado como madres y sost\u00e9n del hogar\u201d, comenta la m\u00e9dica epidemi\u00f3loga y sanitarista Ligia Kerr, de la Universidad Federal de Cear\u00e1 (UFC). \u201cEste aislamiento les provoca un gran impacto emocional, lo que les depara alt\u00edsimos \u00edndices de ansiedad y depresi\u00f3n\u201d.<\/p>\n<p>El cuadro es bien conocido por Kerr. La investigadora coordin\u00f3 un estudio que mape\u00f3 los principales problemas de salud y las condiciones a las que se enfrentan en la c\u00e1rcel las presas brasile\u00f1as, que representan el 5 % de la poblaci\u00f3n carcelaria del pa\u00eds. Entre enero de 2014 y diciembre de 2015, la m\u00e9dica y un equipo de profesionales de la salud visitaron 15 centros de detenci\u00f3n en 8 estados y en el Distrito Federal. En total, examinaron y entrevistaron a 1.327 mujeres. Los resultados del trabajo, el m\u00e1s amplio que se haya realizado con las presas brasile\u00f1as y que es representativo de la situaci\u00f3n en todo el pa\u00eds, est\u00e1n siendo detallados en una serie de art\u00edculos publicados en los \u00faltimos a\u00f1os.<\/p>\n<p>\u201cFue a partir del trabajo del grupo de Ligia Kerr que empezamos a prestarle atenci\u00f3n a las necesidades de las mujeres encarceladas\u201d, dice C\u00edntia Rangel Assump\u00e7\u00e3o, coordinadora general de Ciudadan\u00eda y Alternativas Penales de la Secretar\u00eda Nacional de Pol\u00edticas Penales (Senappen), del Ministerio de Justicia y Seguridad P\u00fablica de Brasil. \u201cLa administraci\u00f3n p\u00fablica debe reforzar su alianza con la academia para trabajar en la resoluci\u00f3n de estas cuestiones\u201d.<\/p>\n<div class=\"box-lateral\"><strong>Lee tambi\u00e9n:<\/strong><br \/>\n\u2013 <a href=\"https:\/\/revistapesquisa.fapesp.br\/es\/las-carceles-brasilenas-eleven-el-riesgo-de-enfermarse-y-morir-por-causas-violentas\/\" target=\"_blank\" rel=\"noopener\">Las c\u00e1rceles brasile\u00f1as eleven el riesgo de enfermarse y morir por causas violentas<\/a><br \/>\n\u2013 <a href=\"https:\/\/revistapesquisa.fapesp.br\/es\/la-poblacion-de-la-tercera-edad-en-los-presidios-brasilenos-ha-aumentado-mas-de-nueve-veces-en-18-anos\/\" target=\"_blank\" rel=\"noopener\">La poblaci\u00f3n de la tercera edad en los presidios brasile\u00f1os ha aumentado m\u00e1s de nueve veces en 18 a\u00f1os<\/a><br \/>\n\u2013 <a href=\"https:\/\/revistapesquisa.fapesp.br\/es\/los-delitos-perpetrados-por-varones-de-mas-de-60-anos-involucran-mayoritariamente-agresiones-sexuales\/\" target=\"_blank\" rel=\"noopener\">Los delitos perpetrados por varones de m\u00e1s de 60 a\u00f1os involucran mayoritariamente agresiones sexuales<\/a><\/div>\n<p>Una de las revelaciones m\u00e1s impactantes del estudio indica que estas mujeres, si bien son predominantemente j\u00f3venes, ya llegan al sistema penitenciario con graves problemas de salud que, en general, solo se manifiestan m\u00e1s tarde en la poblaci\u00f3n en general. De las 1.327 reclusas evaluadas en el estudio, un 44 % ten\u00eda menos de 30 a\u00f1os y el 48 %, entre 31 y 50. Sin embargo, la frecuencia de casos de hipertensi\u00f3n, c\u00e1ncer y otros problemas cardiovasculares entre ellas era de dos a cuatro veces superior a la observada entre mujeres de la misma franja de edad que nunca hab\u00edan estado encarceladas.<\/p>\n<p>La prevalencia de estos problemas en mujeres m\u00e1s j\u00f3venes sorprendi\u00f3 a los investigadores: el 13 % de las detenidas menores de 30 a\u00f1os padec\u00eda hipertensi\u00f3n; el 5,1 % ten\u00eda otros problemas cardiovasculares; el 18,7 % sufr\u00eda de asma; el 1,3 % ten\u00eda alg\u00fan tipo de c\u00e1ncer, y el 0,4 % ya hab\u00eda sufrido un accidente cerebrovascular (ACV), detallaron Kerr y sus colaboradores en un art\u00edculo publicado en 2023 en la revista <em>Scientific Reports<\/em>. La frecuencia de estos problemas en el resto de las brasile\u00f1as de la misma edad mucho menor: un 2,9 sufre de hipertensi\u00f3n; un 1,1 % otros problemas cardiovasculares; un 6,7 % asma; un 0,7 % c\u00e1ncer, y un 0,2 % ACV.<\/p>\n<p>Las condiciones de su vida en prisi\u00f3n contribuyen para agravar la salud de estas mujeres. Seg\u00fan un art\u00edculo publicado en 2022 en la revista <em>Ciencia e Sa\u00fade Coletiva<\/em>, el 92 % de ellas eran sedentarias en la c\u00e1rcel y el mismo porcentaje dec\u00edan alimentarse en forma poco saludable. El estudio tambi\u00e9n revela que, adem\u00e1s de las enfermedades cr\u00f3nicas, ciertas enfermedades infecciosas son m\u00e1s frecuentes entre las reclusas que en el resto de la poblaci\u00f3n: el 51\u00a0% presentaba s\u00edntomas de enfermedades de transmisi\u00f3n sexual; el 7,4 % padec\u00eda lepra (una tasa 100 veces superior a la de la poblaci\u00f3n en general); en un 11,7 % de los casos eran portadoras de s\u00edfilis y un 2,3\u00a0%, de VIH. Esta prevalencia de la s\u00edfilis fue inferior a la observada por el grupo de Julio Croda en las c\u00e1rceles de Mato Grosso do Sul, mientras que la de VIH fue superior.<\/p>\n<p>\u201cPara muchas de las presas, el encarcelamiento representar\u00eda su primera oportunidad de acceso al sistema de salud. El pa\u00eds sale perdiendo al no identificar estos problemas y tratarlos, comenta Kerr.<\/p>\n<p>El per\u00edodo de detenci\u00f3n tambi\u00e9n contribuye a la desestructuraci\u00f3n de las familias y a que estas mujeres se sientan abandonadas. Antes de su condena, el 36,5 % de ellas se erigen como la principal fuente de ingresos de sus hogares. Ocho de cada 10 son madres: en su mayor\u00eda (el 81,2\u00a0%) tuvieron a su primer hijo cuando a\u00fan eran adolescentes. La causa de condena m\u00e1s frecuente es el tr\u00e1fico de drogas (un 65,5 %), seguido del hurto o robo (un 17,5 %).<\/p>\n<p>\u201cBrasil encarcela a muchas mujeres porque tiene una legislaci\u00f3n nacional sobre drogas muy punitiva\u201d, explica la psic\u00f3loga Sara Reis, coordinadora del \u00e1rea de salud de la Direcci\u00f3n de Pol\u00edticas Penitenciarias del Senappen.<\/p>\n<p>Una vez tras las rejas, muchos lazos familiares y amistades se rompen. Una de cada tres detenidas nunca recibe visitas. Una proporci\u00f3n similar solamente recib\u00eda la visita de sus madres y un 23\u00a0%, de hermanos o hijos, describe la enfermera Patr\u00edcia Fran\u00e7a de Ara\u00fajo en un art\u00edculo publicado en 2020 en la revista <em>BMC International Health and Human Rights<\/em>.<\/p>\n<p>\u201cLa ruptura familiar deja a estas mujeres sin perspectiva\u201d, dice la enfermera Zeyne Scherer, de la Escuela de Enfermer\u00eda de Ribeir\u00e3o Preto (EERP), de la Universidad de S\u00e3o Paulo (USP), quien coordin\u00f3 estudios cualitativos en el interior de S\u00e3o Paulo con presas y exconvictas del sistema penitenciario e identific\u00f3 que, para ellas, la familia constitu\u00eda un facilitador para su reinserci\u00f3n en la vida en sociedad.<\/p>\n<p class=\"bibliografia separador-bibliografia\"><strong>Proyecto<br \/>\n<\/strong>Estudio de la violencia cotidiana a la que son expuestas las mujeres encarceladas durante sus vidas (<a href=\"https:\/\/bv.fapesp.br\/pt\/auxilios\/24948\/estudo-da-violencia-a-que-mulheres-aprisionadas-foram-expostas-em-suas-vidas\/?q=07\/07052-5\" target=\"_blank\" rel=\"noopener\">n\u00ba 07\/07052-5<\/a>); <strong>Modalidad<\/strong> Ayuda de Investigaci\u00f3n \u2013 Regular; <strong>Investigadora responsable<\/strong> Zeyne Alves Pires Scherer (USP-RP); <strong>Inversi\u00f3n<\/strong> R$ 21.296,52.<\/p>\n<p class=\"bibliografia\"><strong>Art\u00edculos cient\u00edficos<br \/>\n<\/strong>LEAL, M. <em>et al<\/em>. <a href=\"https:\/\/www.nature.com\/articles\/s41598-023-46045-8\" target=\"_blank\" rel=\"noopener\">Differences in non\u2010communicable diseases between women in prison and the general population in Brazil<\/a>. <strong>Scientific Reports<\/strong>. 31 oct. 2023.<br \/>\nLEAL, M. <em>et al<\/em>. <a href=\"https:\/\/doi.org\/10.1590\/1413-812320222712.10222022\" target=\"_blank\" rel=\"noopener\">Health of female prisoners in Brazil.<\/a> <strong>Ci\u00eancia e Sa\u00fade Coletiva<\/strong>. 30 jun. 2022.<br \/>\nARA\u00daJO, P. F. <em>et al<\/em>. <a href=\"https:\/\/bmcinthealthhumrights.biomedcentral.com\/articles\/10.1186\/s12914-020-00247-7\" target=\"_blank\" rel=\"noopener\">Behind bars: The burden of being a woman in Brazilian prisons<\/a>. <strong>BMC International Health and Human Rights<\/strong>. 29 oct. 2020.<\/p>\n","protected":false},"excerpt":{"rendered":"La cantidad de casos de hipertensi\u00f3n, c\u00e1ncer y trastornos cardiovasculares es entre dos y cuatro veces mayor entre las detenidas que entre las mujeres de la misma edad en general, y a una tercera parte de ellas nunca las visitan","protected":false},"author":16,"featured_media":546048,"comment_status":"closed","ping_status":"closed","sticky":false,"template":"","format":"standard","meta":{"_acf_changed":false,"_exactmetrics_skip_tracking":false,"_exactmetrics_sitenote_active":false,"_exactmetrics_sitenote_note":"","_exactmetrics_sitenote_category":0,"footnotes":""},"categories":[181,187,179],"tags":[329,330],"coauthors":[105],"class_list":["post-546047","post","type-post","status-publish","format-standard","has-post-thumbnail","hentry","category-ciencia-es","category-humanidades-es","category-tapa","tag-salud-publica","tag-sociologia-es"],"acf":[],"_links":{"self":[{"href":"https:\/\/revistapesquisa.fapesp.br\/es\/wp-json\/wp\/v2\/posts\/546047","targetHints":{"allow":["GET"]}}],"collection":[{"href":"https:\/\/revistapesquisa.fapesp.br\/es\/wp-json\/wp\/v2\/posts"}],"about":[{"href":"https:\/\/revistapesquisa.fapesp.br\/es\/wp-json\/wp\/v2\/types\/post"}],"author":[{"embeddable":true,"href":"https:\/\/revistapesquisa.fapesp.br\/es\/wp-json\/wp\/v2\/users\/16"}],"replies":[{"embeddable":true,"href":"https:\/\/revistapesquisa.fapesp.br\/es\/wp-json\/wp\/v2\/comments?post=546047"}],"version-history":[{"count":3,"href":"https:\/\/revistapesquisa.fapesp.br\/es\/wp-json\/wp\/v2\/posts\/546047\/revisions"}],"predecessor-version":[{"id":547594,"href":"https:\/\/revistapesquisa.fapesp.br\/es\/wp-json\/wp\/v2\/posts\/546047\/revisions\/547594"}],"wp:featuredmedia":[{"embeddable":true,"href":"https:\/\/revistapesquisa.fapesp.br\/es\/wp-json\/wp\/v2\/media\/546048"}],"wp:attachment":[{"href":"https:\/\/revistapesquisa.fapesp.br\/es\/wp-json\/wp\/v2\/media?parent=546047"}],"wp:term":[{"taxonomy":"category","embeddable":true,"href":"https:\/\/revistapesquisa.fapesp.br\/es\/wp-json\/wp\/v2\/categories?post=546047"},{"taxonomy":"post_tag","embeddable":true,"href":"https:\/\/revistapesquisa.fapesp.br\/es\/wp-json\/wp\/v2\/tags?post=546047"},{"taxonomy":"author","embeddable":true,"href":"https:\/\/revistapesquisa.fapesp.br\/es\/wp-json\/wp\/v2\/coauthors?post=546047"}],"curies":[{"name":"wp","href":"https:\/\/api.w.org\/{rel}","templated":true}]}}