{"id":546702,"date":"2025-03-25T15:25:43","date_gmt":"2025-03-25T18:25:43","guid":{"rendered":"https:\/\/revistapesquisa.fapesp.br\/?p=546702"},"modified":"2025-03-26T09:38:11","modified_gmt":"2025-03-26T12:38:11","slug":"marcas-en-las-rocas-revelan-la-variacion-de-la-altura-del-mar-en-la-costa-brasilena","status":"publish","type":"post","link":"https:\/\/revistapesquisa.fapesp.br\/es\/marcas-en-las-rocas-revelan-la-variacion-de-la-altura-del-mar-en-la-costa-brasilena\/","title":{"rendered":"Marcas en las rocas revelan la variaci\u00f3n de la altura del mar en la costa brasile\u00f1a"},"content":{"rendered":"<p>Los ge\u00f3logos saben desde hace tiempo que 20.000 a\u00f1os atr\u00e1s el nivel del mar se hallaba aproximadamente unos 125 metros (m) por debajo del l\u00edmite actual entre las playas y las olas en la ciudad de Recife, en el estado brasile\u00f1o de Pernambuco. En aquella \u00e9poca, una selva cubr\u00eda la regi\u00f3n que hoy en d\u00eda es la playa de Boa Viagem, una de las m\u00e1s conocidas de la capital pernambucana. Quiz\u00e1 hasta hayan existido r\u00edos con cascadas que ca\u00edan por las elevaciones que actualmente forman la plataforma continental, el umbral entre los tramos menos profundos y las regiones abisales del oc\u00e9ano.<\/p>\n<p>Despu\u00e9s el mar subi\u00f3 y, seg\u00fan los an\u00e1lisis del ge\u00f3grafo Antonio Vicente Ferreira Junior, de la Universidad Federal de Pernambuco (UFPE), hace entre 4.700 y 4.100 a\u00f1os el nivel medio en la zona de Recife y las localidades costeras m\u00e1s cercanas ubicadas al norte y al sur podr\u00eda haber alcanzado unos 3 m por encima del nivel medio actual. Eso habr\u00eda bastado para que las olas cubrieran la desembocadura del r\u00edo Capibaribe, los paseos mar\u00edtimos y el casco antiguo de las ciudades costeras del \u00e1rea metropolitana.<\/p>\n<p>Estudios como \u00e9ste, publicado en abril en la revista <em>Ocean and Coastal Research<\/em>, completan, detallan y eventualmente corrigen la informaci\u00f3n obtenida mediante la aplicaci\u00f3n de t\u00e9cnicas menos precisas que las actuales. Tambi\u00e9n sirven para indicar las \u00e1reas m\u00e1s vulnerables al ascenso del nivel del mar, que se intensificar\u00e1 en las pr\u00f3ximas d\u00e9cadas debido al cambio clim\u00e1tico. El aumento de la temperatura media anual del planeta calienta el oc\u00e9ano y hace que su volumen se expanda; por la misma raz\u00f3n, los glaciares en tierra firme se derriten, lo que tambi\u00e9n contribuye al aumento del volumen de los oc\u00e9anos.<\/p>\n<div id=\"attachment_546707\" style=\"max-width: 810px\" class=\"wp-caption alignright vertical\"><img loading=\"lazy\" decoding=\"async\" class=\"wp-image-546707 size-full\" src=\"https:\/\/revistapesquisa.fapesp.br\/wp-content\/uploads\/2025\/03\/RPF-nivel-do-mar-Exu-Queimado-2024-08-800-1.jpg\" alt=\"\" width=\"800\" height=\"663\" srcset=\"https:\/\/revistapesquisa.fapesp.br\/wp-content\/uploads\/2025\/03\/RPF-nivel-do-mar-Exu-Queimado-2024-08-800-1.jpg 800w, https:\/\/revistapesquisa.fapesp.br\/wp-content\/uploads\/2025\/03\/RPF-nivel-do-mar-Exu-Queimado-2024-08-800-1-250x207.jpg 250w, https:\/\/revistapesquisa.fapesp.br\/wp-content\/uploads\/2025\/03\/RPF-nivel-do-mar-Exu-Queimado-2024-08-800-1-700x580.jpg 700w, https:\/\/revistapesquisa.fapesp.br\/wp-content\/uploads\/2025\/03\/RPF-nivel-do-mar-Exu-Queimado-2024-08-800-1-120x99.jpg 120w\" sizes=\"auto, (max-width: 800px) 100vw, 800px\" \/><p class=\"wp-caption-text\"><span class=\"media-credits-inline\">Helenice Vital\u2009\/\u2009UFRN<\/span>Playa de Enxu Queimado, en S\u00e3o Miguel do Gostoso (Rio Grande do Norte), con areniscas expuestas, que muestran las variaciones del nivel medio del mar en los \u00faltimos 10.000 a\u00f1os<span class=\"media-credits\">Helenice Vital\u2009\/\u2009UFRN<\/span><\/p><\/div>\n<p>\u201cEn los a\u00f1os 1980 no dispon\u00edamos de GPS geod\u00e9sico, con el que ahora medimos la altitud de un punto con gran precisi\u00f3n\u201d, comenta el ge\u00f3logo Jos\u00e9 Maria Landim Domingues, de la Universidad Federal de Bah\u00eda (UFBA), quien realizaba su doctorado cuando fue parte del equipo coordinado por los ge\u00f3logos Kenitiro Suguio (1937-2021), de la Universidad de S\u00e3o Paulo (USP), y Louis Martin, de la Oficina de Investigaci\u00f3n Cient\u00edfica y T\u00e9cnica de Ultramar (Orstom), el actual Instituto de Investigaci\u00f3n para el Desarrollo en Cooperaci\u00f3n (IRD), de Francia.<\/p>\n<p>Ellos tres, junto a otros ge\u00f3logos, recogieron y analizaron alrededor de 700 muestras de rocas y restos de organismos marinos a lo largo de la mitad del litoral brasile\u00f1o, desde el norte de Alagoas hasta el sur de Santa Catarina. Este estudio, publicado en 1985 en <em>Revista Brasileira de Geoci\u00eancias<\/em>, mostr\u00f3 variaciones locales y regionales del nivel medio del mar: en el nordeste del pa\u00eds pudo haber llegado a 5 m por encima del nivel actual hace unos 5.700 a\u00f1os, mientras que en el sur no habr\u00eda superado los 3 m.<\/p>\n<p>Poco a poco se ha ido consolidando un concepto: \u201cHace algunos a\u00f1os se hablaba de una variaci\u00f3n global uniforme del nivel del mar, pero ahora sabemos que cada regi\u00f3n tiene sus peculiaridades, producto de la geolog\u00eda y del relieve\u201d, comenta la ge\u00f3loga Helenice Vital, de la Universidad Federal de Rio Grande do Norte (UFRN). Ella y su equipo llevan dos d\u00e9cadas monitoreando la oscilaci\u00f3n del nivel del mar en las costas de Rio Grande do Norte (<em>v\u00e9ase la infograf\u00eda abajo<\/em>), y publicando sus hallazgos desde 2006 en revistas especializadas como <em>Marine Geology<\/em>.<\/p>\n<\/div><div class='overflow-responsive-img' style='text-align:center'><picture data-tablet=\"\/wp-content\/uploads\/2025\/03\/RPF-niveldomar-2023-07-info-ESP-DESK.jpg\" data-tablet_size=\"1140x600\" alt=\"\">\n    <source srcset=\"\/wp-content\/uploads\/2025\/03\/RPF-niveldomar-2023-07-info-ESP-DESK.jpg\" media=\"(min-width: 1920px)\" \/>\n    <source srcset=\"\/wp-content\/uploads\/2025\/03\/RPF-niveldomar-2023-07-info-ESP-DESK.jpg\" media=\"(min-width: 1140px)\" \/>\n    <img decoding=\"async\" class=\"responsive-img\" src=\"\/wp-content\/uploads\/2025\/03\/RPF-niveldomar-2023-07-info-ESP-MOBILE.jpg\" \/>\n  <\/picture><span class=\"embed media-credits-inline\">Alexandre Affonso \/ Revista Pesquisa FAPESP<\/span><\/div><div class=\"post-content sequence\">\n<p>El nivel del mar, definido como la altura promedio de la superficie de los oc\u00e9anos, fue registrado por primera vez en Brasil por el astr\u00f3nomo portugu\u00e9s Bento Sanches Dorta (1739-1794) en 1781 en la bah\u00eda de Guanabara, y regularmente a partir de 1831, tambi\u00e9n en R\u00edo de Janeiro. El ascenso y descenso del nivel del mar es un reflejo de la incidencia de la fuerzas gravitatorias de la Luna y del Sol sobre la Tierra, de las deformaciones en la superficie de los oc\u00e9anos, del derretimiento o la formaci\u00f3n de glaciares y de la modificaci\u00f3n del eje de la Tierra, que provoca que el mar se balancee como si estuviera sobre un plato suspendido en el aire.<\/p>\n<p><strong>Rocas y conchas<br \/>\n<\/strong>Las fluctuaciones en la altura media del mar quedan impresas en las paredes rocosas costeras y pueden medirse de varias maneras. Los grupos de Vital y Ferreira examinaron las variaciones de los \u00faltimos 10.000 a\u00f1os, el per\u00edodo geol\u00f3gico al que se denomina Holoceno, bas\u00e1ndose en las rocas conocidas como areniscas de playa, que indican los antiguos l\u00edmites del oc\u00e9ano. Estas se forman solamente en la l\u00ednea costera, el l\u00edmite entre la tierra y el mar, cuando el agua de los r\u00edos se encuentra con la del mar y hace que el carbonato de calcio (CaCO<sub>3<\/sub>) de los organismos marinos se disuelva cementando los sedimentos. Seg\u00fan Landim, esta cementaci\u00f3n fue registrada inicialmente por el empresario e historiador portugu\u00e9s Gabriel Soares de Sousa (1540-1591) en su <em>Tratado descritivo do Brasil <\/em>[Tratado descriptivo de Brasil], de 1587, aunque atribuyendo la formaci\u00f3n de lo que \u00e9l denomin\u00f3 guijarros de playa al congelamiento de la arena en contacto \u201ccon el fr\u00edo de las aguas marinas\u201d. El an\u00e1lisis microsc\u00f3pico y la dataci\u00f3n por carbono de una de las formas de CaCO<sub>3<\/sub> de las conchas incrustadas en las rocas indican cu\u00e1ndo se formaron las capas rocosas y, con base en ello, la variaci\u00f3n del nivel del mar en un sitio espec\u00edfico.<\/p>\n<p>A principios de junio, el ge\u00f3logo Rodolfo Jos\u00e9 Angulo y su equipo, de la Universidad Federal de Paran\u00e1 (UFPR), junto con colegas del exterior, recorrieron las playas de Laguna, en Santa Catarina, en busca de otro indicador de la variaci\u00f3n del nivel del mar: los caracoles marinos conocidos como verm\u00e9tidos. La determinaci\u00f3n de la edad de una de las formas de carbono del caparaz\u00f3n de estos moluscos indica cu\u00e1ndo se asentaron estos organismos en las rocas que se hallaban cerca de la l\u00ednea de bajamar.<\/p>\n<p>\u201cEn ocasiones hemos encontrado verm\u00e9tidos en cerros, lo que indica que en ese lugar el nivel del mar ha estado m\u00e1s alto\u201d, comenta. Su prop\u00f3sito es averiguar c\u00f3mo el mar ha subido y bajado en el litoral catarinense en un per\u00edodo m\u00e1s reciente, los \u00faltimos 300 a\u00f1os, aunando la informaci\u00f3n procedente de las conchas de los moluscos con las de los dos tipos de dispositivos que siguen las oscilaciones del nivel del mar: los mare\u00f3metros (Brasil cuenta con una red compuesta por unos 330 de estos aparatos a lo largo de sus costas) y los sat\u00e9lites artificiales, como el Copernicus Sentinel-6, de la Agencia Espacial Europea (ESA).<\/p>\n<p>El grupo de la UFPR se ha valido de areniscas, verm\u00e9tidos y corales para demostrar que hace entre 6.000 y 5.000 a\u00f1os el nivel del mar habr\u00eda estado casi 3 m m\u00e1s alto que en la actualidad en el archipi\u00e9lago de Abrolhos y 4,5 m m\u00e1s en el atol\u00f3n de las Rocas, ambos en la costa brasile\u00f1a. Los resultados han sido descritos en art\u00edculos publicados en mayo y agosto de 2022 en la revista <em>Marine Geology<\/em>.<\/p>\n<div id=\"attachment_546719\" style=\"max-width: 1150px\" class=\"wp-caption aligncenter\"><img loading=\"lazy\" decoding=\"async\" class=\"wp-image-546719 size-full\" src=\"https:\/\/revistapesquisa.fapesp.br\/wp-content\/uploads\/2025\/03\/RPF-nivel-do-mar-Muro-Alto-2024-08-1140-1.jpg\" alt=\"\" width=\"1140\" height=\"748\" srcset=\"https:\/\/revistapesquisa.fapesp.br\/wp-content\/uploads\/2025\/03\/RPF-nivel-do-mar-Muro-Alto-2024-08-1140-1.jpg 1140w, https:\/\/revistapesquisa.fapesp.br\/wp-content\/uploads\/2025\/03\/RPF-nivel-do-mar-Muro-Alto-2024-08-1140-1-250x164.jpg 250w, https:\/\/revistapesquisa.fapesp.br\/wp-content\/uploads\/2025\/03\/RPF-nivel-do-mar-Muro-Alto-2024-08-1140-1-700x459.jpg 700w, https:\/\/revistapesquisa.fapesp.br\/wp-content\/uploads\/2025\/03\/RPF-nivel-do-mar-Muro-Alto-2024-08-1140-1-120x79.jpg 120w\" sizes=\"auto, (max-width: 1140px) 100vw, 1140px\" \/><p class=\"wp-caption-text\"><span class=\"media-credits-inline\">Antonio Vicente Ferreira Junior\u2009\/\u2009UFPE<\/span>Playa de Muro Alto, en Ipojuca (Pernambuco), con una franja de arenisca superficial que se extiende por 4,7 km<span class=\"media-credits\">Antonio Vicente Ferreira Junior\u2009\/\u2009UFPE<\/span><\/p><\/div>\n<p>En conjunto, estos estudios revelan las transformaciones del litoral brasile\u00f1o. \u201cHace 120.000 a\u00f1os, la plataforma continental de Pernambuco formaba parte del continente\u201d, comenta Ferreira. El aporte de Landim contribuye a enriquecer el paisaje milenario: \u201cHace 20.000 a\u00f1os, las bah\u00edas de Todos os Santos [Bah\u00eda] y de Guanabara [R\u00edo de Janeiro] no exist\u00edan, ni tampoco la laguna Lagoa dos Patos [Rio Grande do Sul]. Todo eso estaba cubierto por vegetaci\u00f3n, hasta que el nivel del mar subi\u00f3 y lo cubri\u00f3 todo\u201d.<\/p>\n<p>Tras su retroceso, posterior subida y estabilizaci\u00f3n, el nivel del mar muestra una clara tendencia a aumentar su volumen en todo el mundo. \u201cEs incuestionable que el mar ha estado ascendiendo en las \u00faltimas d\u00e9cadas\u201d, dice Angulo.<\/p>\n<p>Seg\u00fan datos de la Nasa, la agencia espacial estadounidense, el nivel promedio mundial de los oc\u00e9anos ha crecido unos 9,4 cent\u00edmetros (cm) desde 1993; entre 2022 y 2023, el incremento ha sido de 0,7 cm, debido al calentamiento global y a la intensidad del fen\u00f3meno de El Ni\u00f1o. \u201cEn teor\u00eda, deber\u00eda estar inici\u00e1ndose un per\u00edodo geol\u00f3gico de enfriamiento, con un descenso de la l\u00ednea de la costa\u201d, dice Vital. \u201cPero no es eso lo que estamos observando.\u201d<\/p>\n<p>En su p\u00e1gina web Sea Level, la Nasa proyecta un incremento del nivel del mar de 10 cm para 2030 en Bel\u00e9m, Recife, R\u00edo de Janeiro y Canan\u00e9ia, esta \u00faltima en la costa de S\u00e3o Paulo. Un grupo de la Universidad Federal de R\u00edo de Janeiro (UFRJ) tambi\u00e9n anticipa para 2100 una subida de 70 cm en Ilha Fiscal, al borde del centro hist\u00f3rico de la capital fluminense, como sostienen en un art\u00edculo publicado en marzo en la revista <em>Natural Hazards<\/em>. Eso bastar\u00eda para causar la p\u00e9rdida de los manglares remanentes en la zona, un aumento de las inundaciones marinas y el deterioro de lugares tur\u00edsticos de la ciudad de R\u00edo de Janeiro. La perspectiva de da\u00f1os severos ha llevado a que los municipios costeros de Brasil planifiquen medidas de prevenci\u00f3n contra el ascenso del nivel del mar (<a href=\"https:\/\/revistapesquisa.fapesp.br\/es\/la-prevencion-vale-la-pena\/\" target=\"_blank\" rel=\"noopener\"><em>lea en <\/em>Pesquisa FAPESP<em>, edici\u00f3n n\u00ba 238<\/em><\/a>).<\/p>\n<p>\u201cPara definir cu\u00e1les son las \u00e1reas m\u00e1s vulnerables a la elevaci\u00f3n del nivel del mar, necesitamos elaborar mapeos precisos, a escala de cent\u00edmetros\u201d, dice Landim. Mediante el empleo de una tecnolog\u00eda de escaneado l\u00e1ser denominada l\u00eddar (<em>Light Detection and Ranging<\/em>), el investigador pudo comprobar que, en el municipio de Belmonte, en sur del estado de Bah\u00eda, las \u00e1reas m\u00e1s sensibles tienen pocos residentes. \u201cLas playas urbanas angostas, comprimidas entre las avenidas y el mar, tienden a desaparecer, a no ser que se aporte arena, un proceso costoso\u201d (<a href=\"https:\/\/revistapesquisa.fapesp.br\/es\/las-obras-de-proteccion-costera-no-siempre-evitan-la-erosion-marina\/\" target=\"_blank\" rel=\"noopener\"><em>lea en <\/em>Pesquisa FAPESP<em>, edici\u00f3n n\u00ba 338<\/em><\/a>).<\/p>\n<p>El avance del mar sobre las islas y el continente est\u00e1 lejos de ser una posibilidad remota. En junio, debido al ascenso del nivel del mar, el gobierno de Panam\u00e1, en Centroam\u00e9rica, solicit\u00f3 a unos 1.000 habitantes de la isla Gardi Sugdub, una de las 50 ocupadas por ind\u00edgenas de la etnia Guna, que se mudaran a una ciudad construida recientemente en el continente con casas prefabricadas. Seg\u00fan un informe de la agencia de noticias CNN, las viviendas todav\u00eda no dispon\u00edan de acceso al agua potable ni servicios sanitarios. No obstante, la mudanza es necesaria. \u201cEn un plazo de entre 40 y 80 a\u00f1os \u2012dependiendo de la altura de las islas y del ritmo de ascenso del nivel del mar\u2012, la mayor\u00eda, si no todas las islas habitadas de la regi\u00f3n, quedar\u00e1n sumergidas\u201d, advirti\u00f3 para CNN Steven Paton, director del programa de monitoreo f\u00edsico del Instituto Smithsoniano en Panam\u00e1.<\/p>\n<p class=\"bibliografia separador-bibliografia\"><strong>Art\u00edculos cient\u00edficos<br \/>\n<\/strong>ANGULO, R. J. <em>et al<\/em>. <a href=\"https:\/\/www.sciencedirect.com\/science\/article\/abs\/pii\/S0025322722001128\" target=\"_blank\" rel=\"noopener\">Mid-to Late Holocene sealevel changes at Abrolhos archipelago and Bank, southwestern Atlantic, Brazil<\/a>. <strong>Marine Geology<\/strong>. v. 450, 106841. ago. 2022.<br \/>\nANGULO, R. J. <em>et al<\/em>. <a href=\"https:\/\/www.sciencedirect.com\/science\/article\/abs\/pii\/S0025322722000512\" target=\"_blank\" rel=\"noopener\">Paleo-sea levels, Late-Holocene evolution, and a new interpretation of the boulders at the Rocas Atoll, southwestern Equatorial Atlantic<\/a>. <strong>Marine Geology<\/strong>. v. 447, 106780. may. 2022.<br \/>\nCALDAS, L. H. de O. <em>et al<\/em>. <a href=\"https:\/\/www.sciencedirect.com\/science\/article\/pii\/S0025322705003981\" target=\"_blank\" rel=\"noopener\">Holocene sea level history: Evidence from coastal sediments of the northern Rio Grande do Norte coast, NE Brazil<\/a>. <strong>Marine<\/strong> <strong>Geology<\/strong>. v. 228, n. 1-4, p. 39-53. 30 abr. 2006.<br \/>\nFERREIRA J\u00daNIOR, A. V. <em>et al<\/em>. <a href=\"http:\/\/doi.org\/10.1590\/2675-2824072.23018\" target=\"_blank\" rel=\"noopener\">Beachrocks of the northeast of Brazil: Local effects of sea level fluctuations in a far-field during in Holocene<\/a>. <strong>Ocean and Coastal Research<\/strong>. 2024, v. 72, e24022. 12 abr. 2024.<br \/>\nSUGUIO, K. <em>et al<\/em>. <a href=\"https:\/\/repositorio.usp.br\/directbitstream\/349b6b06-f198-47b0-a873-d2c6c9f05d21\/0755596.pdf\" target=\"_blank\" rel=\"noopener\">Flutua\u00e7\u00f5es do n\u00edvel relativo do mar durante o quatern\u00e1rio superior ao longo do litoral brasileiro e suas implica\u00e7\u00f5es na sedimenta\u00e7\u00e3o costeira<\/a>. <strong>Revista Brasileira de Geoci\u00eancias<\/strong>. v. 15, n. 4, p. 273-86. ago. 1985.<br \/>\nTOSTE, R. <em>et al<\/em>. <a href=\"https:\/\/link.springer.com\/article\/10.1007\/s11069-024-06556-7\" target=\"_blank\" rel=\"noopener\">Dynamically downscaled coastal flooding in Brazil&#8217;s Guanabara Bay under a future climate change scenario<\/a>. <strong>Natural Hazards.<\/strong> <em>Online<\/em>. 26 mar. 2024.<\/p>\n","protected":false},"excerpt":{"rendered":"Marcas en las rocas revelan la variaci\u00f3n de la altura del mar en la costa brasile\u00f1a","protected":false},"author":17,"featured_media":546703,"comment_status":"closed","ping_status":"closed","sticky":false,"template":"","format":"standard","meta":{"_acf_changed":false,"_exactmetrics_skip_tracking":false,"_exactmetrics_sitenote_active":false,"_exactmetrics_sitenote_note":"","_exactmetrics_sitenote_category":0,"footnotes":""},"categories":[181],"tags":[308,309,269,321],"coauthors":[5968],"class_list":["post-546702","post","type-post","status-publish","format-standard","has-post-thumbnail","hentry","category-ciencia-es","tag-geografia-es","tag-geologia-es","tag-ambiente-es","tag-oceanografia-es"],"acf":[],"_links":{"self":[{"href":"https:\/\/revistapesquisa.fapesp.br\/es\/wp-json\/wp\/v2\/posts\/546702","targetHints":{"allow":["GET"]}}],"collection":[{"href":"https:\/\/revistapesquisa.fapesp.br\/es\/wp-json\/wp\/v2\/posts"}],"about":[{"href":"https:\/\/revistapesquisa.fapesp.br\/es\/wp-json\/wp\/v2\/types\/post"}],"author":[{"embeddable":true,"href":"https:\/\/revistapesquisa.fapesp.br\/es\/wp-json\/wp\/v2\/users\/17"}],"replies":[{"embeddable":true,"href":"https:\/\/revistapesquisa.fapesp.br\/es\/wp-json\/wp\/v2\/comments?post=546702"}],"version-history":[{"count":4,"href":"https:\/\/revistapesquisa.fapesp.br\/es\/wp-json\/wp\/v2\/posts\/546702\/revisions"}],"predecessor-version":[{"id":548116,"href":"https:\/\/revistapesquisa.fapesp.br\/es\/wp-json\/wp\/v2\/posts\/546702\/revisions\/548116"}],"wp:featuredmedia":[{"embeddable":true,"href":"https:\/\/revistapesquisa.fapesp.br\/es\/wp-json\/wp\/v2\/media\/546703"}],"wp:attachment":[{"href":"https:\/\/revistapesquisa.fapesp.br\/es\/wp-json\/wp\/v2\/media?parent=546702"}],"wp:term":[{"taxonomy":"category","embeddable":true,"href":"https:\/\/revistapesquisa.fapesp.br\/es\/wp-json\/wp\/v2\/categories?post=546702"},{"taxonomy":"post_tag","embeddable":true,"href":"https:\/\/revistapesquisa.fapesp.br\/es\/wp-json\/wp\/v2\/tags?post=546702"},{"taxonomy":"author","embeddable":true,"href":"https:\/\/revistapesquisa.fapesp.br\/es\/wp-json\/wp\/v2\/coauthors?post=546702"}],"curies":[{"name":"wp","href":"https:\/\/api.w.org\/{rel}","templated":true}]}}