{"id":547177,"date":"2025-04-22T16:40:20","date_gmt":"2025-04-22T19:40:20","guid":{"rendered":"https:\/\/revistapesquisa.fapesp.br\/?p=547177"},"modified":"2025-04-22T16:40:20","modified_gmt":"2025-04-22T19:40:20","slug":"un-cactus-sin-espinas-que-vive-en-una-madriguera","status":"publish","type":"post","link":"https:\/\/revistapesquisa.fapesp.br\/es\/un-cactus-sin-espinas-que-vive-en-una-madriguera\/","title":{"rendered":"Un cactus sin espinas que vive en una madriguera"},"content":{"rendered":"<div id=\"attachment_547126\" style=\"max-width: 810px\" class=\"wp-caption alignright vertical\"><img loading=\"lazy\" decoding=\"async\" class=\"wp-image-547126 size-full\" src=\"https:\/\/revistapesquisa.fapesp.br\/wp-content\/uploads\/2025\/03\/RPF-nota-cacto-2024-09-800-1.jpg\" alt=\"\" width=\"800\" height=\"753\" srcset=\"https:\/\/revistapesquisa.fapesp.br\/wp-content\/uploads\/2025\/03\/RPF-nota-cacto-2024-09-800-1.jpg 800w, https:\/\/revistapesquisa.fapesp.br\/wp-content\/uploads\/2025\/03\/RPF-nota-cacto-2024-09-800-1-250x235.jpg 250w, https:\/\/revistapesquisa.fapesp.br\/wp-content\/uploads\/2025\/03\/RPF-nota-cacto-2024-09-800-1-700x659.jpg 700w, https:\/\/revistapesquisa.fapesp.br\/wp-content\/uploads\/2025\/03\/RPF-nota-cacto-2024-09-800-1-120x113.jpg 120w\" sizes=\"auto, (max-width: 800px) 100vw, 800px\" \/><p class=\"wp-caption-text\"><span class=\"media-credits-inline\">Fabiane Costa\u2009\/\u2009UFVJM<\/span>Encuentre el cactus: <em>Uebelmannia nuda<\/em> (<em>arriba<\/em>), dif\u00edcil de divisar entre el pedregullo de cuarzo<span class=\"media-credits\">Fabiane Costa\u2009\/\u2009UFVJM<\/span><\/p><\/div>\n<p>Semejante a una corona que emerge de un suelo arenoso cuarc\u00edtico, con una flor amarillenta en el centro que recuerda un dibujo infantil del Sol, con su n\u00facleo rodeado de rayos radiales. Se trata de un cactus sin espinas que crece bajo tierra y cabe en la palma de la mano: <em>Uebelmannia nuda<\/em>, exclusivo del Parque Nacional de Sempre-Vivas, en Serra do Espinha\u00e7o (Minas Gerais, Brasil). El g\u00e9nero <em>Uebelmannia<\/em> posee cuatro especies, una de las cuales coexiste con <em>U. nuda<\/em>, todas ellas muy espinosas y con tallos aparentes que crecen sobre el suelo, lo que realza la peculiaridad de este nuevo hallazgo. \u201cEsta singular especie es tan distinta que nuestro grupo de colaboradores pudo describirla r\u00e1pidamente, para que el ICMBio [Instituto Chico Mendes de Conservaci\u00f3n de la Biodiversidad] pueda elaborar planes de monitoreo y acciones de conservaci\u00f3n\u201d, dice la bot\u00e1nica Daniela Zappi, de la Universidad de Brasilia (UnB). Cercana al municipio de Diamantina, en el norte del estado brasile\u00f1o de Minas Gerais, la zona es de dif\u00edcil acceso: la expedici\u00f3n que encontr\u00f3 la nueva especie debi\u00f3 trasladarse en helic\u00f3ptero. As\u00ed y todo, su h\u00e1bitat est\u00e1 amenazado, a causa de los garimpeiros que buscan extraer cristales (cuarzo y piedras semipreciosas). Esta situaci\u00f3n pone a <em>U. nuda <\/em>en peligro de extinci\u00f3n, dado que se han localizado menos de 100 ejemplares en un \u00e1rea de unos 4 kil\u00f3metros cuadrados (<em>Taxon<\/em>, 29 de mayo).<\/p>\n","protected":false},"excerpt":{"rendered":"Una nueva especie de cactus carece de espinas y vive enterrada entre cuarzos","protected":false},"author":476,"featured_media":0,"comment_status":"closed","ping_status":"closed","sticky":false,"template":"","format":"standard","meta":{"_acf_changed":false,"_exactmetrics_skip_tracking":false,"_exactmetrics_sitenote_active":false,"_exactmetrics_sitenote_note":"","_exactmetrics_sitenote_category":0,"footnotes":""},"categories":[1670],"tags":[278,282,293],"coauthors":[786],"class_list":["post-547177","post","type-post","status-publish","format-standard","hentry","category-notas-es","tag-biologia-es","tag-botanica-es","tag-ecologia-es"],"acf":[],"_links":{"self":[{"href":"https:\/\/revistapesquisa.fapesp.br\/es\/wp-json\/wp\/v2\/posts\/547177","targetHints":{"allow":["GET"]}}],"collection":[{"href":"https:\/\/revistapesquisa.fapesp.br\/es\/wp-json\/wp\/v2\/posts"}],"about":[{"href":"https:\/\/revistapesquisa.fapesp.br\/es\/wp-json\/wp\/v2\/types\/post"}],"author":[{"embeddable":true,"href":"https:\/\/revistapesquisa.fapesp.br\/es\/wp-json\/wp\/v2\/users\/476"}],"replies":[{"embeddable":true,"href":"https:\/\/revistapesquisa.fapesp.br\/es\/wp-json\/wp\/v2\/comments?post=547177"}],"version-history":[{"count":1,"href":"https:\/\/revistapesquisa.fapesp.br\/es\/wp-json\/wp\/v2\/posts\/547177\/revisions"}],"predecessor-version":[{"id":547190,"href":"https:\/\/revistapesquisa.fapesp.br\/es\/wp-json\/wp\/v2\/posts\/547177\/revisions\/547190"}],"wp:attachment":[{"href":"https:\/\/revistapesquisa.fapesp.br\/es\/wp-json\/wp\/v2\/media?parent=547177"}],"wp:term":[{"taxonomy":"category","embeddable":true,"href":"https:\/\/revistapesquisa.fapesp.br\/es\/wp-json\/wp\/v2\/categories?post=547177"},{"taxonomy":"post_tag","embeddable":true,"href":"https:\/\/revistapesquisa.fapesp.br\/es\/wp-json\/wp\/v2\/tags?post=547177"},{"taxonomy":"author","embeddable":true,"href":"https:\/\/revistapesquisa.fapesp.br\/es\/wp-json\/wp\/v2\/coauthors?post=547177"}],"curies":[{"name":"wp","href":"https:\/\/api.w.org\/{rel}","templated":true}]}}