{"id":547266,"date":"2025-04-22T16:38:21","date_gmt":"2025-04-22T19:38:21","guid":{"rendered":"https:\/\/revistapesquisa.fapesp.br\/?p=547266"},"modified":"2025-04-22T16:38:21","modified_gmt":"2025-04-22T19:38:21","slug":"la-amenaza-que-entrana-el-oceano-para-la-isla-de-marajo","status":"publish","type":"post","link":"https:\/\/revistapesquisa.fapesp.br\/es\/la-amenaza-que-entrana-el-oceano-para-la-isla-de-marajo\/","title":{"rendered":"La amenaza que entra\u00f1a el oc\u00e9ano para la isla de Maraj\u00f3"},"content":{"rendered":"<div id=\"attachment_547134\" style=\"max-width: 1150px\" class=\"wp-caption alignright vertical\"><img loading=\"lazy\" decoding=\"async\" class=\"wp-image-547134 size-full\" src=\"https:\/\/revistapesquisa.fapesp.br\/wp-content\/uploads\/2025\/03\/RPF-nota-marajo-2024-09-1140-1.jpg\" alt=\"\" width=\"1140\" height=\"605\" srcset=\"https:\/\/revistapesquisa.fapesp.br\/wp-content\/uploads\/2025\/03\/RPF-nota-marajo-2024-09-1140-1.jpg 1140w, https:\/\/revistapesquisa.fapesp.br\/wp-content\/uploads\/2025\/03\/RPF-nota-marajo-2024-09-1140-1-250x133.jpg 250w, https:\/\/revistapesquisa.fapesp.br\/wp-content\/uploads\/2025\/03\/RPF-nota-marajo-2024-09-1140-1-700x371.jpg 700w, https:\/\/revistapesquisa.fapesp.br\/wp-content\/uploads\/2025\/03\/RPF-nota-marajo-2024-09-1140-1-120x64.jpg 120w\" sizes=\"auto, (max-width: 1140px) 100vw, 1140px\" \/><p class=\"wp-caption-text\"><span class=\"media-credits-inline\">Marina de Brasil <\/span>Faro de Soure, en el nordeste del archipi\u00e9lago: hace 10.000 a\u00f1os el mar ya estuvo 3 m por encima del nivel actual<span class=\"media-credits\">Marina de Brasil <\/span><\/p><\/div>\n<p>Bastante plana, con una superficie equivalente a casi la mitad de Irlanda, la isla de Maraj\u00f3, en el estado brasile\u00f1o de Par\u00e1, se ha mostrado bastante sensible a la elevaci\u00f3n del nivel del mar en un estudio que llevaron a cabo investigadores de las universidades federales de Minas Gerais (UFMG), Vi\u00e7osa (UFV) y Par\u00e1 (UFPA). Si el mar subiera 2 metros (m) hacia finales de este siglo \u2012un escenario considerado alarmante seg\u00fan las proyecciones del Grupo Intergubernamental de Expertos sobre el Cambio Clim\u00e1tico (IPCC, por sus siglas en ingl\u00e9s)\u2012 podr\u00eda cubrir gran parte de los municipios orientales de la isla, como Cachoeira do Arari, que en la actualidad alberga aproximadamente 23.000 habitantes, y Soure, con 25.000; en los 18 municipios de la isla viven unas 500.000 personas. Al analizar las diferencias de color y composici\u00f3n qu\u00edmica de los suelos de Maraj\u00f3, una de las autoras de este trabajo, la ge\u00f3grafa Renata Jordan Henriques, de la UFMG, hall\u00f3 indicios del avance del mar, que hace 10.000 a\u00f1os podr\u00eda haber estado 3 m por encima del nivel actual. \u201cLas playas del sur de la isla han sufrido una intensa erosi\u00f3n marina en los \u00faltimos 40 a\u00f1os, lo que indica un aumento del nivel del mar en la zona\u201d, dice.<\/p>\n","protected":false},"excerpt":{"rendered":"Hace 10.000 a\u00f1os, el mar se ubicaba 3 metros por encima de su actual nivel en la isla de Maraj\u00f3, en el norte de Brasil","protected":false},"author":476,"featured_media":0,"comment_status":"closed","ping_status":"closed","sticky":false,"template":"","format":"standard","meta":{"_acf_changed":false,"_exactmetrics_skip_tracking":false,"_exactmetrics_sitenote_active":false,"_exactmetrics_sitenote_note":"","_exactmetrics_sitenote_category":0,"footnotes":""},"categories":[1670],"tags":[308,321],"coauthors":[786],"class_list":["post-547266","post","type-post","status-publish","format-standard","hentry","category-notas-es","tag-geografia-es","tag-oceanografia-es"],"acf":[],"_links":{"self":[{"href":"https:\/\/revistapesquisa.fapesp.br\/es\/wp-json\/wp\/v2\/posts\/547266","targetHints":{"allow":["GET"]}}],"collection":[{"href":"https:\/\/revistapesquisa.fapesp.br\/es\/wp-json\/wp\/v2\/posts"}],"about":[{"href":"https:\/\/revistapesquisa.fapesp.br\/es\/wp-json\/wp\/v2\/types\/post"}],"author":[{"embeddable":true,"href":"https:\/\/revistapesquisa.fapesp.br\/es\/wp-json\/wp\/v2\/users\/476"}],"replies":[{"embeddable":true,"href":"https:\/\/revistapesquisa.fapesp.br\/es\/wp-json\/wp\/v2\/comments?post=547266"}],"version-history":[{"count":1,"href":"https:\/\/revistapesquisa.fapesp.br\/es\/wp-json\/wp\/v2\/posts\/547266\/revisions"}],"predecessor-version":[{"id":547304,"href":"https:\/\/revistapesquisa.fapesp.br\/es\/wp-json\/wp\/v2\/posts\/547266\/revisions\/547304"}],"wp:attachment":[{"href":"https:\/\/revistapesquisa.fapesp.br\/es\/wp-json\/wp\/v2\/media?parent=547266"}],"wp:term":[{"taxonomy":"category","embeddable":true,"href":"https:\/\/revistapesquisa.fapesp.br\/es\/wp-json\/wp\/v2\/categories?post=547266"},{"taxonomy":"post_tag","embeddable":true,"href":"https:\/\/revistapesquisa.fapesp.br\/es\/wp-json\/wp\/v2\/tags?post=547266"},{"taxonomy":"author","embeddable":true,"href":"https:\/\/revistapesquisa.fapesp.br\/es\/wp-json\/wp\/v2\/coauthors?post=547266"}],"curies":[{"name":"wp","href":"https:\/\/api.w.org\/{rel}","templated":true}]}}