{"id":558755,"date":"2025-08-19T17:06:22","date_gmt":"2025-08-19T20:06:22","guid":{"rendered":"https:\/\/revistapesquisa.fapesp.br\/?p=558755"},"modified":"2025-08-21T17:29:55","modified_gmt":"2025-08-21T20:29:55","slug":"la-enfermedad-de-alzheimer-es-mas-comun-entre-personas-blancas-mientras-que-la-demencia-vascular-afecta-mas-a-las-personas-negras","status":"publish","type":"post","link":"https:\/\/revistapesquisa.fapesp.br\/es\/la-enfermedad-de-alzheimer-es-mas-comun-entre-personas-blancas-mientras-que-la-demencia-vascular-afecta-mas-a-las-personas-negras\/","title":{"rendered":"El alzh\u00e9imer es m\u00e1s com\u00fan entre personas blancas, mientras que la demencia vascular afecta m\u00e1s a las personas negras"},"content":{"rendered":"<p>Las dos formas principales de demencia \u2012la enfermedad de Alzheimer y la demencia vascular\u2012 no afectan por igual a blancos y negros en Brasil. En ambos grupos, el mal de Alzheimer es la enfermedad que con mayor frecuencia causa deterioro cognitivo con el avance de la edad. Sin embrago, afecta proporcionalmente a una cantidad mayor de blancos que de negros. En tanto, la demencia vascular, el segundo tipo m\u00e1s com\u00fan, acomete a un porcentaje mayor de negros que de blancos, seg\u00fan surge de un estudio dirigido por la geriatra Claudia Suemoto, de la Universidad de S\u00e3o Paulo (USP).<\/p>\n<p>En dicho trabajo, publicado en julio en la revista <em>JAMA Open Network<\/em>, Suemoto y sus colaboradores examinaron muestras de 16 \u00e1reas del cerebro y otras estructuras del enc\u00e9falo de 1.815 personas con una edad promedio de 74 a\u00f1os fallecidas en la ciudad de S\u00e3o Paulo que donaron el material al Biobanco para Estudios del Envejecimiento de la USP, uno de las mayores colecciones de cerebros del mundo. Dos tercios de los donantes eran blancos y un tercio negros, grupo que inclu\u00eda a negros y pardos. Al examinar las muestras con el microscopio, los investigadores observaron que el 28 % de los blancos presentaba placas neur\u00edticas en el tejido cerebral, lesiones iniciales t\u00edpicas de la enfermedad de Alzheimer, tambi\u00e9n presentes en el 21 % de las personas negras. En tanto, los da\u00f1os caracter\u00edsticos de la demencia vascular, causada por la obstrucci\u00f3n o la rotura de peque\u00f1os vasos sangu\u00edneos, se observaron en un 30\u00a0% de los negros y un 22 % de los blancos.<\/p>\n<p>Entre los 1.815 casos evaluados, 747 presentaban lesiones en cantidades compatibles con un diagn\u00f3stico de demencia. Las m\u00e1s comunes eran alzh\u00e9imer (el 37 % de los casos), demencia vascular (el 26 %) y una combinaci\u00f3n de ambas (el 12 %). El 39 % de los blancos con demencia padec\u00eda alzh\u00e9imer, as\u00ed como el 33 % de los negros. En cambio, el deterioro cognitivo de origen vascular afectaba al 24 % de los blancos y al 32 % de los negros. No se hallaron diferencias en la frecuencia de otros tipos de demencia entre los dos grupos.<\/p>\n<p>\u201cNo sabemos si los factores gen\u00e9ticos pueden contribuir a explicar la diferencia en las tasas de prevalencia de estas formas de demencia, ya que no hemos realizado pruebas gen\u00e9ticas\u201d, dice la geriatra de la USP. \u201cLo m\u00e1s probable es que los negros tengan m\u00e1s demencia vascular por tener menos acceso a los servicios sanitarios y un control inadecuado de los factores de riesgo cardiovascular\u201d, sostiene. Los negros eran m\u00e1s j\u00f3venes y ten\u00edan menos a\u00f1os de educaci\u00f3n formal que los blancos. Adem\u00e1s, un mayor porcentaje de negros correspond\u00eda a fumadores que consum\u00edan altas cantidades de bebidas alcoh\u00f3licas y eran hipertensos.<\/p>\n<p>Lo que Suemoto y sus colaboradores han observado en una muestra de la poblaci\u00f3n brasile\u00f1a solo hab\u00eda sido constatado antes en Estados Unidos. En un estudio publicado en 1989 en la revista <em>Journal of the National Medical Association<\/em>, la pat\u00f3loga Suzanne de La Monte, de la Escuela de Medicina de Harvard, y sus colegas Grover Hutchins (1933-2010) y G. William Moore, de la Universidad Johns Hopkins, realizaron 144 autopsias de personas con demencia y comprobaron que la enfermedad de Alzheimer era 2,6 veces m\u00e1s frecuente en blancos que en negros. Con la demencia vascular ocurr\u00eda lo opuesto.<\/p>\n<p>En un estudio m\u00e1s reciente, la epidemi\u00f3loga Teresa Filshtein, de la Universidad de California (UC) en San Francisco, y la pat\u00f3loga Brittany Dugger, de la UC en Davis, evaluaron 435 casos de demencia en tres grupos \u00e9tnicos: negros, hispanos y blancos no hispanos. Seg\u00fan mostraron los resultados, publicados en 2019 en la revista <em>Journal of Alzheimer\u2019s Disease<\/em>, la frecuencia de la demencia vascular era mayor en negros (el 40 % ten\u00eda este problema) que en blancos (el 28 %) y a\u00fan m\u00e1s alta entre los hispanos (el 54 %). Pero hacen falta m\u00e1s estudios para explicar esta alta incidencia de demencia vascular entre los hispanos.<\/p>\n<p>M\u00e1s all\u00e1 de corroborar los datos de la poblaci\u00f3n estadounidense, el estudio brasile\u00f1o es importante al menos por tres motivos. El primero es que, con el aumento de la poblaci\u00f3n y de la esperanza de vida mundial, se espera un alza importante de los casos de demencia, principalmente en los pa\u00edses de ingresos medianos y bajos, donde la prevenci\u00f3n y el acceso al diagn\u00f3stico y tratamiento son m\u00e1s limitados.<\/p>\n<p>Una proyecci\u00f3n publicada en 2022 en la revista <em>The Lancet Public Health<\/em> prev\u00e9 que el total de personas con demencia en el mundo aumentar\u00e1 2,6 veces de aqu\u00ed a 2050, pasando de los 57 millones actuales a 153 millones. En Brasil, las estimaciones del grupo de la psiquiatra y epidemi\u00f3loga Cleusa Ferri, de la Universidad Federal de S\u00e3o Paulo (Unifesp), publicadas en 2023 en <em>The Journals of Gerontology \u2013 Series A<\/em>, sugieren un aumento proporcionalmente mayor de los casos, de 3,3 veces en los pr\u00f3ximos 15 a\u00f1os, pasando de 1,8 a 5,5 millones. Recientemente, el \u201cInforme nacional sobre la demencia\u201d, presentado en septiembre, revis\u00f3 el alza de estas cifras. Fruto de una colaboraci\u00f3n entre la Unifesp y el Ministerio de Salud y del consenso de los expertos en la materia, el documento indica que la cantidad total de casos habr\u00eda sido de 2,5 millones en 2019 y ascender\u00eda a 8,7 millones en 2050.<\/p>\n<p>El segundo motivo es que la demencia vascular parece ser m\u00e1s com\u00fan en Brasil que en otros pa\u00edses. En un estudio publicado en 2017 en la revista <em>PLOS Medicine<\/em>, Suemoto y sus colaboradores analizaron muestras de tejido cerebral de 1.092 individuos y constataron que, del total de casos de demencia, al menos un 35 % era de origen vascular. En otros pa\u00edses, la media es del 20 %.<\/p>\n<p>La tercera raz\u00f3n radica en que, seg\u00fan algunos especialistas, los casos de demencia vascular en gran parte se pueden prevenir, incluso m\u00e1s que otras formas del problema, que incluyen la demencia frontotemporal, la demencia con cuerpos de Lewy y la demencia por enfermedad de Parkinson (<a href=\"https:\/\/revistapesquisa.fapesp.br\/es\/al-menos-1-760-000-personas-padecen-alguna-forma-de-demencia-en-brasil\/\" target=\"_blank\" rel=\"noopener\"><em>lea en <\/em>Pesquisa FAPESP<em>, edici\u00f3n n\u00ba 329<\/em><\/a>). Para ello, es necesario efectuar un control adecuado de los problemas que afectan la salud de los vasos sangu\u00edneos, entre ellos la diabetes, la obesidad, la hipercolesterolemia y la hipertensi\u00f3n.<\/p>\n<p>Un control apropiado de la salud cardiovascular contribuye a retrasar el deterioro cognitivo, es decir, la p\u00e9rdida de la memoria, de la capacidad de concentraci\u00f3n y de la agilidad mental, exacerbadas en la demencia. En un estudio coordinado por Suemoto, investigadores de S\u00e3o Paulo, Minas Gerais y Rio Grande do Sul evaluaron cuatro h\u00e1bitos de salud (dieta, actividad f\u00edsica, tabaquismo y calidad del sue\u00f1o) y cuatro indicadores de salud (\u00edndice de masa corporal, niveles de colesterol y glucosa y presi\u00f3n sangu\u00ednea) de 11.390 brasile\u00f1os. Se llev\u00f3 a cabo un seguimiento de los participantes durante ocho a\u00f1os y luego se los agrup\u00f3 seg\u00fan una clasificaci\u00f3n de salud cardiovascular. Los que obtuvieron un puntaje m\u00e1s alto (entre 80 y 100) en esta clasificaci\u00f3n mostraban una mengua en la memoria, la fluidez verbal y la capacidad de razonamiento un 42 % m\u00e1s lenta que los que obtuvieron un puntaje m\u00e1s bajo (entre 0 y 49 puntos), que en su mayor\u00eda eran negros y pardos (un 55 %). Seg\u00fan los resultados, publicados en noviembre de 2023 en la revista <em>European Journal of Neurology<\/em>, el efecto beneficioso obedec\u00eda principalmente al control de los niveles de az\u00facar (glucosa) en sangre y de la presi\u00f3n arterial.<\/p>\n<p>El control de la hipertensi\u00f3n y de la diabetes no son los dos \u00fanicos factores que pueden proteger contra la demencia. En su informe m\u00e1s reciente, publicado en agosto en la revista <em>The Lancet<\/em>, la Comisi\u00f3n de Prevenci\u00f3n, Intervenci\u00f3n y Cuidados de la Demencia de la revista, de la que Ferri, de la Unifesp, es miembro, enumera otros 12 factores de riesgo que pueden modificarse y que, de control\u00e1rselos por completo, evitar\u00edan el 45 % de los casos de demencia (<em>v\u00e9ase la infograf\u00eda abajo<\/em>). En su tercera edici\u00f3n, el documento, elaborado bajo la coordinaci\u00f3n de la psiquiatra Gill Livingston, de la University College London (UCL), del Reino Unido, incorpora dos novedades respecto a las anteriores: la disminuci\u00f3n de la agudeza visual y el colesterol alto. Los 14 factores de riesgo identificados pueden tener incidencia en distintas etapas de la vida, desde la infancia hasta la vejez.<\/p>\n<picture data-tablet=\"\/wp-content\/uploads\/2025\/07\/RPF-alzheimer-2024-12-info1-ESP-DESK.png\" data-tablet_size=\"1140x1651\" alt=\"\">\n    <source srcset=\"\/wp-content\/uploads\/2025\/07\/RPF-alzheimer-2024-12-info1-ESP-DESK.png\" media=\"(min-width: 1920px)\" \/>\n    <source srcset=\"\/wp-content\/uploads\/2025\/07\/RPF-alzheimer-2024-12-info1-ESP-DESK.png\" media=\"(min-width: 1140px)\" \/>\n    <img decoding=\"async\" class=\"responsive-img\" src=\"\/wp-content\/uploads\/2025\/07\/RPF-alzheimer-2024-12-info1-ESP-MOBILE.png\" \/>\n  <\/picture><span class=\"embed media-credits-inline\">Alexandre Affonso \/ Revista Pesquisa FAPESP<\/span>\n<p>En los primeros a\u00f1os de vida, el factor que puede modificarse y ayudar a proteger contra la demencia d\u00e9cadas m\u00e1s tarde es la educaci\u00f3n formal, que contribuye a la formaci\u00f3n de lo que se conoce como reserva cognitiva, la capacidad del cerebro de lidiar con las lesiones a lo largo de la vida, posiblemente porque sus c\u00e9lulas establecen m\u00e1s conexiones entre s\u00ed y su funcionamiento general se ve menos perjudicado por la p\u00e9rdida de una parte de estas conexiones.<\/p>\n<p>Los factores \u201210 en total\u2012 en su mayor\u00eda suelen manifestarse o tener repercusiones en la edad adulta. Se trata de problemas tales como la p\u00e9rdida de audici\u00f3n, la depresi\u00f3n, la hipercolesterolemia, la hipertensi\u00f3n y el tabaquismo, entre otros. En la vejez, el cerebro es m\u00e1s susceptible a los efectos de la disminuci\u00f3n de la capacidad visual, la contaminaci\u00f3n atmosf\u00e9rica y el aislamiento social.<\/p>\n<p>\u201cAunque el cambio sea dif\u00edcil y algunas asociaciones podr\u00edan ser tan solo parcialmente causales, nuestra nueva recopilaci\u00f3n de evidencias muestra c\u00f3mo pueden reducir los individuos el riesgo de padecer demencia\u201d, escribieron los autores del informe publicado en <em>The Lancet<\/em>. Seg\u00fan ellos, este potencial de reducci\u00f3n del riesgo es mayor en los pa\u00edses de medianos y bajos ingresos \u2012y entre las minor\u00edas y los grupos socioecon\u00f3micos m\u00e1s bajos\u2012 que en los pa\u00edses de altos ingresos.<\/p>\n<p>\u201cEn Am\u00e9rica Latina, por ejemplo, la demencia no solo es m\u00e1s prevalente, sino que comienza antes que en otros pa\u00edses\u201d, dice el neur\u00f3logo Paulo Caramelli, de la Universidad Federal de Minas Gerais (UFMG), coautor de un estudio dirigido por el neur\u00f3logo Ricardo Nitrini, de la USP, donde se analizaron investigaciones realizadas en seis pa\u00edses latinoamericanos, Brasil inclusive. El trabajo, publicado en 2009 en la revista <em>International Psychogeriatrics<\/em>, revel\u00f3 que, aunque la prevalencia de la demencia en la regi\u00f3n era similar a la de los pa\u00edses desarrollados (el 7,1 % de las personas mayores de 65 a\u00f1os ten\u00eda este problema), el porcentaje de casos era m\u00e1s alto al comienzo de la vejez. En la franja etaria de los 65 a los 69 a\u00f1os, el 2,4 % de los latinoamericanos padec\u00eda demencia, mientras que el promedio a nivel mundial era de un 1,2 %. \u201cCreemos que esto est\u00e1 relacionado con la falta de diagn\u00f3stico o de un tratamiento y un control adecuados de los problemas cardiovasculares, como as\u00ed tambi\u00e9n con una escasa escolaridad, que desgraciadamente es una de las caracter\u00edsticas de nuestra poblaci\u00f3n\u201d, explica el investigador de la UFMG.<\/p>\n<p>En 2022, Caramelli, Suemoto, Ferri, Livingston y Nitrini recalcularon para la realidad brasile\u00f1a el impacto de controlar los 12 factores de riesgo presentados en las primeras ediciones del informe de <em>The Lancet<\/em>. Si fuese posible eliminar estos factores, los casos de demencia se reducir\u00edan un 48,2 %. La merma ser\u00eda de hasta un 54\u00a0% en las regiones m\u00e1s pobres del pa\u00eds. En el sur y el sudeste de Brasil, por ejemplo, la baja escolaridad se asocia al 7,7 % de los casos, mientras que en el norte, nordeste y centro-oeste, a un 9,6 %. Aunque la fracci\u00f3n evitable sea casi la misma para blancos y negros (el 47,9 % y el 46,9 % de los casos, respectivamente), la incidencia de cada factor es diferente en estas dos poblaciones (<em>v\u00e9ase la infograf\u00eda abajo<\/em>) seg\u00fan muestran los datos, que forman parte del informe del Ministerio de Salud y fueron publicados en noviembre de 2022 en la revista <em>Alzheimer\u2019s &amp; Dementia<\/em>.<\/p>\n<picture data-tablet=\"\/wp-content\/uploads\/2025\/07\/RPF-alzheimer-2024-12-info2-ESP-DESK.png\" data-tablet_size=\"1140x1651\" alt=\"\">\n    <source srcset=\"\/wp-content\/uploads\/2025\/07\/RPF-alzheimer-2024-12-info2-ESP-DESK.png\" media=\"(min-width: 1920px)\" \/>\n    <source srcset=\"\/wp-content\/uploads\/2025\/07\/RPF-alzheimer-2024-12-info2-ESP-DESK.png\" media=\"(min-width: 1140px)\" \/>\n    <img decoding=\"async\" class=\"responsive-img\" src=\"\/wp-content\/uploads\/2025\/07\/RPF-alzheimer-2024-12-info2-ESP-MOBILE.png\" \/>\n  <\/picture><span class=\"embed media-credits-inline\">Alexandre Affonso \/ Revista Pesquisa FAPESP<\/span>\n<p>El documento del ministerio, que consta de dos tomos, contiene informaci\u00f3n sobre los estigmas asociados a la demencia, as\u00ed como de la carga econ\u00f3mica y psicol\u00f3gica a la que se enfrentan los cuidadores. Tambi\u00e9n incluye estimaciones relativas al subdiagn\u00f3stico, que es de un 50 % en Europa, un 60 % en Am\u00e9rica del Norte, y de un 80 % a un 90 % en Brasil. \u201cAqu\u00ed, adem\u00e1s del subdiagn\u00f3stico, los diagn\u00f3sticos suelen ser demasiado tard\u00edos\u201d, dice Ferri. \u201cEl conocimiento de la realidad es esencial para poder diagramar estrategias de acci\u00f3n\u201d.<\/p>\n<p>Estos y otros datos del informe servir\u00e1n de orientaci\u00f3n para la implementaci\u00f3n de la Pol\u00edtica Nacional de Cuidado Integral de las Personas con Enfermedad de Alzheimer y Otros tipos de Demencia, promulgada en junio por el presidente Luiz In\u00e1cio Lula da Silva. Creada en consonancia con el Plan de Acci\u00f3n Global para las Demencias 2017-2025 de la Organizaci\u00f3n Mundial de la Salud (OMS), dicha pol\u00edtica establece 10 directrices, que abarcan temas tales como el fortalecimiento de la atenci\u00f3n primaria en salud y la capacitaci\u00f3n de los profesionales que prestan estos servicios, la creaci\u00f3n de una l\u00ednea de atenci\u00f3n de las demencias en los programas y servicios de salud existentes, la promoci\u00f3n de h\u00e1bitos de vida saludables orientados a la prevenci\u00f3n del problema y garantizar el uso de tecnolog\u00edas de diagn\u00f3stico, tratamiento y seguimiento de los pacientes. \u201cHay varios motivos por los que el tema de la demencia ha concitado una mayor atenci\u00f3n en los \u00faltimos a\u00f1os. Ahora necesitamos dise\u00f1ar estrategias que tengan en cuenta las particularidades de cada regi\u00f3n del pa\u00eds y de sus distintas poblaciones, haciendo uso de los recursos disponibles e incorporando nuevos, para poder llevar a cabo la prevenci\u00f3n, diagn\u00f3stico y atenci\u00f3n, tanto de las personas con demencia como de sus cuidadores\u201d, subraya Ferri.<\/p>\n<p class=\"bibliografia separador-bibliografia\">Este art\u00edculo sali\u00f3 publicado con el t\u00edtulo \u201c<strong>Los matices de la demencia<\/strong>\u201d en la edici\u00f3n impresa n\u00b0 346 de diciembre de 2024. <\/p>\n<p class=\"bibliografia\"><strong>Proyectos<br \/>\n1.<\/strong> El papel de las \u00f3xido n\u00edtrico sintasas en la enfermedad de Alzheimer (<a href=\"https:\/\/bv.fapesp.br\/pt\/processo\/21\/14171-8\" target=\"_blank\" rel=\"noopener\">n\u00ba 21\/14171-8<\/a>); <strong>Modalidad <\/strong>Beca de posdoctorado; <strong>Investigadora responsable<\/strong> Claudia Kimie Suemoto (USP); <strong>Becario<\/strong> Alberto Fernando Oliveira Justo; <strong>Inversi\u00f3n<\/strong> R$ 256.435,75.<br \/>\n<strong>2.<\/strong> El diagn\u00f3stico nosol\u00f3gico de demencia en la poblaci\u00f3n brasile\u00f1a (<a href=\"https:\/\/bv.fapesp.br\/pt\/auxilios\/22505\/diagnostico-nosologico-de-demencia-em-populacao-brasileira\/\" target=\"_blank\" rel=\"noopener\">n\u00ba 06\/55318-1<\/a>); <strong>Modalidad<\/strong> Ayuda de Investigaci\u00f3n \u2013 Regular; <strong>Investigador responsable<\/strong> Ricardo Nitrini (USP); <strong>Inversi\u00f3n<\/strong> R$ 123.173,15.<br \/>\n<strong>3.<\/strong> La reserva cognitiva en una poblaci\u00f3n con escolaridad reducida (<a href=\"https:\/\/bv.fapesp.br\/pt\/auxilios\/25729\/a-reserva-cognitiva-em-uma-populacao-com-escolaridade-reduzida\/?q=09\/09134-4\" target=\"_blank\" rel=\"noopener\">n\u00ba 09\/09134-4<\/a>); <strong>Modalidad <\/strong>Ayuda de Investigaci\u00f3n \u2013 Regular<strong>; Investigador responsable <\/strong>Wilson Jacob Filho (USP);<strong> Inversi\u00f3n <\/strong>R$ 61.876,80.<br \/>\n<strong>4.<\/strong> La enfermedad de los granos argir\u00f3filos (<a href=\"https:\/\/bv.fapesp.br\/pt\/bolsas\/136529\/doenca-por-graos-argirofilicos\/?q=12\/07526-5\" target=\"_blank\" rel=\"noopener\">n\u00ba 12\/07526-5<\/a>);<strong> Modalidad <\/strong>Beca de doctorado directo; <strong>Investigadora responsable <\/strong>L\u00e9a Tenenholz Grinberg (USP);<strong> Becaria <\/strong>Roberta Diehl Rodriguez;<strong> Inversi\u00f3n <\/strong>R$ 46.896,43.<\/p>\n<p class=\"bibliografia\"><strong>Art\u00edculos cient\u00edficos<br \/>\n<\/strong>SUEMOTO, C. K. <em>et al<\/em>. <a href=\"https:\/\/jamanetwork.com\/journals\/jamanetworkopen\/fullarticle\/2821487\" target=\"_blank\" rel=\"noopener\">Neuropathological lesions and cognitive abilities in black and white older adults in Brazil<\/a>. <strong>JAMA Network Open<\/strong>. 25 jul. 2024.<br \/>\nDE LA MONTE, S. M. <em>et al<\/em>. <a href=\"https:\/\/pmc.ncbi.nlm.nih.gov\/articles\/PMC2625810\/pdf\/jnma00901-0028.pdf\" target=\"_blank\" rel=\"noopener\">Racial differences in the etiology of dementia and frequency of Alzheimer lesions in the brain<\/a>. <strong>Journal of the National Medical Association<\/strong>. jun. 1989.<br \/>\nFILSHTEIN, T. J. <em>et al<\/em>. <a href=\"https:\/\/content.iospress.com\/articles\/journal-of-alzheimers-disease\/jad180992\" target=\"_blank\" rel=\"noopener\">Neuropathological diagnoses of demented Hispanic, Black and non-Hispanica White decedent\u2019s seen at an Alzheimer\u2019s disease center<\/a>. <strong>Journal of Alzheimer\u2019s Disease<\/strong>. 12 mar. 2019.<br \/>\nGBD 2019 DEMENTIA FORECASTING COLLABORATORS. <a href=\"https:\/\/www.thelancet.com\/journals\/lanpub\/article\/PIIS2468-2667(21)00249-8\/fulltext#%20\" target=\"_blank\" rel=\"noopener\">Estimation of the global prevalence of dementia in 2019 and forecasted prevalence in 2050: An analysis for the Global Burden of Disease Study 2019<\/a>.\u00a0<strong>The Lancet Public Health.<\/strong>\u00a0v. 7, n. 2, e105-25. feb. 2022.<br \/>\nBERTOLA, L. <em>et al<\/em>. <a href=\"https:\/\/academic.oup.com\/biomedgerontology\/article\/78\/6\/1060\/6995432?login=false#google_vignette\" target=\"_blank\" rel=\"noopener\">Prevalence of dementia and cognitive impairment no dementia in a large and diverse nationally representative sample: The ELSI-Brazil study<\/a>. <strong>The Journals of Gerontology \u2013 Series A<\/strong>. jun. 2023.<br \/>\nSUEMOTO, C. K. <em>et al<\/em>. <a href=\"https:\/\/journals.plos.org\/plosmedicine\/article?id=10.1371\/journal.pmed.1002267\" target=\"_blank\" rel=\"noopener\">Neuropathological diagnoses and clinical correlates in older adults in Brazil: A cross-sectional study<\/a>. <strong>PLOS Medicine<\/strong>. 28 mar. 2017.<br \/>\nFERREIRA, N. V. <em>et al<\/em>. <a href=\"https:\/\/onlinelibrary.wiley.com\/doi\/10.1111\/ene.16139\" target=\"_blank\" rel=\"noopener\">Optimal cardiovascular health is associated with slower cognitive decline<\/a>. <strong>European Journal of Neurology<\/strong>. 28 nov. 2023.<br \/>\nLIVINGSTON, G. <em>et al<\/em>. <a href=\"https:\/\/www.thelancet.com\/journals\/lancet\/article\/PIIS0140-6736(24)01296-0\/fulltext\" target=\"_blank\" rel=\"noopener\">Dementia prevention, intervention, and care: 2024 report of the Lancet standing commission<\/a>. <strong>The Lancet<\/strong>. 10 ago. 2024.<br \/>\nSUEMOTO, C. K.\u00a0<em>et al<\/em>.\u00a0<a href=\"https:\/\/alz-journals.onlinelibrary.wiley.com\/doi\/10.1002\/alz.12820\" target=\"_blank\" rel=\"noopener\">Risk factors for dementia in Brazil: Differences by region and race<\/a>.\u00a0<strong>Alzheimer\u2019s &amp; Dementia<\/strong>. v. 19, n. 5, p. 1849-57. 3 nov. 2022.<br \/>\nMinisterio de Salud de Brasil. <a href=\"http:\/\/bvsms.saude.gov.br\/bvs\/publicacoes\/relatorio_nacional_demencia_brasil.pdf\" target=\"_blank\" rel=\"noopener\">Relat\u00f3rio nacional sobre a dem\u00eancia: Epidemiologia, (re)conhecimento e proje\u00e7\u00f5es futuras<\/a>. 2024.<\/p>\n","protected":false},"excerpt":{"rendered":"\u00c9sta es la conclusi\u00f3n que surge de un estudio en el que analizaron 16 \u00e1reas del cerebro de 1.815 individuos fallecidos en la ciudad de S\u00e3o Paulo","protected":false},"author":765,"featured_media":558756,"comment_status":"closed","ping_status":"closed","sticky":false,"template":"","format":"standard","meta":{"_acf_changed":false,"_exactmetrics_skip_tracking":false,"_exactmetrics_sitenote_active":false,"_exactmetrics_sitenote_note":"","_exactmetrics_sitenote_category":0,"footnotes":""},"categories":[181],"tags":[316,319,329],"coauthors":[5170],"class_list":["post-558755","post","type-post","status-publish","format-standard","has-post-thumbnail","hentry","category-ciencia-es","tag-medicina-es","tag-neurociencia-es","tag-salud-publica"],"acf":[],"_links":{"self":[{"href":"https:\/\/revistapesquisa.fapesp.br\/es\/wp-json\/wp\/v2\/posts\/558755","targetHints":{"allow":["GET"]}}],"collection":[{"href":"https:\/\/revistapesquisa.fapesp.br\/es\/wp-json\/wp\/v2\/posts"}],"about":[{"href":"https:\/\/revistapesquisa.fapesp.br\/es\/wp-json\/wp\/v2\/types\/post"}],"author":[{"embeddable":true,"href":"https:\/\/revistapesquisa.fapesp.br\/es\/wp-json\/wp\/v2\/users\/765"}],"replies":[{"embeddable":true,"href":"https:\/\/revistapesquisa.fapesp.br\/es\/wp-json\/wp\/v2\/comments?post=558755"}],"version-history":[{"count":5,"href":"https:\/\/revistapesquisa.fapesp.br\/es\/wp-json\/wp\/v2\/posts\/558755\/revisions"}],"predecessor-version":[{"id":560727,"href":"https:\/\/revistapesquisa.fapesp.br\/es\/wp-json\/wp\/v2\/posts\/558755\/revisions\/560727"}],"wp:featuredmedia":[{"embeddable":true,"href":"https:\/\/revistapesquisa.fapesp.br\/es\/wp-json\/wp\/v2\/media\/558756"}],"wp:attachment":[{"href":"https:\/\/revistapesquisa.fapesp.br\/es\/wp-json\/wp\/v2\/media?parent=558755"}],"wp:term":[{"taxonomy":"category","embeddable":true,"href":"https:\/\/revistapesquisa.fapesp.br\/es\/wp-json\/wp\/v2\/categories?post=558755"},{"taxonomy":"post_tag","embeddable":true,"href":"https:\/\/revistapesquisa.fapesp.br\/es\/wp-json\/wp\/v2\/tags?post=558755"},{"taxonomy":"author","embeddable":true,"href":"https:\/\/revistapesquisa.fapesp.br\/es\/wp-json\/wp\/v2\/coauthors?post=558755"}],"curies":[{"name":"wp","href":"https:\/\/api.w.org\/{rel}","templated":true}]}}