{"id":562081,"date":"2025-09-19T16:21:54","date_gmt":"2025-09-19T19:21:54","guid":{"rendered":"https:\/\/revistapesquisa.fapesp.br\/?p=562081"},"modified":"2025-10-09T14:19:14","modified_gmt":"2025-10-09T17:19:14","slug":"particulas-y-procesos","status":"publish","type":"post","link":"https:\/\/revistapesquisa.fapesp.br\/es\/particulas-y-procesos\/","title":{"rendered":"Part\u00edculas y procesos"},"content":{"rendered":"<p>No es de ahora que convivimos con las im\u00e1genes de los residuos pl\u00e1sticos, fundamentalmente en escenas marinas tales como las de islas flotantes y playas sucias, y en el registro de una tortuga con una pajita en la nariz. Y no es de extra\u00f1arse que este material omnipresente, cuyos beneficios terminan quedando ocultos debido a su uso excesivo, aparezca tambi\u00e9n en todo el cuerpo humano, incluso en el cerebro.<\/p>\n<p>El relato sobre c\u00f3mo se hallaron part\u00edculas de dicho material en uno de los \u00f3rganos m\u00e1s protegidos del cuerpo es casi tan interesante como su descubrimiento en s\u00ed mismo. Al fin y al cabo, \u00bfc\u00f3mo cerciorarse de que las muestras no estuviesen contaminadas si hay pl\u00e1stico por todas partes, incluso en los laboratorios? El editor de Ciencias Biom\u00e9dicas, Ricardo Zorzetto, narra lo (poco) que hasta ahora se sabe <a href=\"https:\/\/revistapesquisa.fapesp.br\/es\/un-equipo-de-la-universidad-de-sao-paulo-usp-detecta-microplasticos-en-el-cerebro-humano\/\" target=\"_blank\" rel=\"noopener\">al respecto de la presencia y el impacto de los micro y los nanopl\u00e1sticos en el cuerpo humano.<\/a><\/p>\n<p>Otras part\u00edculas, los aerosoles, ejercen un papel determinante en la formaci\u00f3n de las nubes. Existe una enorme acumulaci\u00f3n de aerosoles kil\u00f3metros arriba de la selva amaz\u00f3nica, aunque no se sab\u00eda por qu\u00e9. Pero nuevos estudios muestran que el isopreno, un gas que emiten los \u00e1rboles de dicha regi\u00f3n como mecanismo de regulaci\u00f3n t\u00e9rmica, acelera la formaci\u00f3n de tales part\u00edculas, las cuales a su turno aumentan de tama\u00f1o, pueden viajar a trav\u00e9s de cientos o miles de kil\u00f3metros y luego transformarse en n\u00facleos de condensaci\u00f3n, los embriones de nubes.<\/p>\n<p>Esta edici\u00f3n contiene tambi\u00e9n el m\u00e1s reciente aporte de nuestra reportera independiente Renata Fontanetto, quien fue a Bak\u00fa, la capital de Azerbaiy\u00e1n, para cubrir la Conferencia del Clima con el apoyo de la Earth Journalism Network, la Internews y el Stanley Center for Peace and Security. Fontanetto entrevist\u00f3 <a href=\"https:\/\/revistapesquisa.fapesp.br\/es\/anaclaudia-rossbach-en-pos-de-ciudades-mas-resilientes\/\" target=\"_blank\" rel=\"noopener\">a la economista brasile\u00f1a Anacl\u00e1udia Rossbach<\/a>, quien asumi\u00f3 en 2024 la direcci\u00f3n ejecutiva del Programa de las Naciones Unidas para los Asentamientos Humanos.<\/p>\n<p>La psiquiatr\u00eda es una consistente \u00e1rea de estudios, ejercicio y ense\u00f1anza en Brasil desde el siglo XIX. En su historia aparecen nombres importantes como el Juliano Moreira y el de Nise da Silveira. <a href=\"https:\/\/revistapesquisa.fapesp.br\/es\/austregesilo-lima-a-la-sombra-de-freud\/\" target=\"_blank\" rel=\"noopener\">El menos conocido neur\u00f3logo y psiquiatra Austreg\u00e9silo Lima (1876-1960) abogaba por la educaci\u00f3n sexual<\/a>, al tiempo que era un defensor de la funci\u00f3n disciplinante y moralizadora de la psiquiatr\u00eda. Se dedic\u00f3 a refinar el diagn\u00f3stico de la denominada histeria, una categor\u00eda de trastorno asociada fundamentalmente a las mujeres y una definici\u00f3n paraguas para una variedad de problemas f\u00edsicos y ps\u00edquicos.<\/p>\n<p>Cerca de un siglo despu\u00e9s, el diagn\u00f3stico de la bipolaridad moviliza a los psiquiatras brasile\u00f1os. El m\u00e9dico Fl\u00e1vio Kapczinski integra el grupo internacional de investigadores que procura definir los estadios de agravamiento del trastorno bipolar. Este sistema clasificatorio apunta a ayudar a los m\u00e9dicos a decidir sobre los tratamientos m\u00e1s adecuados. En una entrevista que le concedi\u00f3 a esta revista, <a href=\"https:\/\/revistapesquisa.fapesp.br\/es\/si-no-se-lo-trata-el-trastorno-bipolar-es-una-enfermedad-progresiva-afirma-el-psiquiatra-flavio-kapczinski\/\" target=\"_blank\" rel=\"noopener\">Kapczinski se refiere tambi\u00e9n a la preparaci\u00f3n del primer estudio con miras a determinar la prevalencia de las enfermedades mentales m\u00e1s graves en la poblaci\u00f3n brasile\u00f1a.<\/a><\/p>\n<p>Los estudios literarios privilegian a los autores y sus obras, y pocas veces dirigen su atenci\u00f3n hacia aquellos que les permiten a sus lectores gozar de producciones en idiomas que no dominan. <a href=\"https:\/\/revistapesquisa.fapesp.br\/es\/las-trayectorias-de-traductores-e-interpretes-salen-de-las-bambalinas\/\" target=\"_blank\" rel=\"noopener\">Los traductores son los intermediarios entre diferentes culturas, y as\u00ed construyen los puentes que nos permiten el acceso a ese mundo<\/a>. Sus trayectorias y sus procesos de trabajo son elementos que aportan a la comprensi\u00f3n del universo literario. Al leer ese reportaje, imposible no recordar a Heloisa Jahn (1947-2022), traductora de m\u00e1s de un centenar de obras escritas en diversas lenguas, y la madre de nuestra editora de Ciencias Biol\u00f3gicas, Maria Guimar\u00e3es. Su grandeza profesional y personal qued\u00f3 evidenciada en la velada literaria en su homenaje realizada en la Biblioteca M\u00e1rio de Andrade, en el centro de S\u00e3o Paulo, inmediatamente despu\u00e9s de su prematura partida.<\/p>\n","protected":false},"excerpt":{"rendered":"No es de ahora que convivimos con las im\u00e1genes de los residuos pl\u00e1sticos, fundamentalmente en escenas marinas tales como las de islas flotantes y playas sucias, y en el registro de una tortuga con una pajita en la nariz. Y no es de extra\u00f1arse que este material omnipresente, cuyos beneficios terminan quedando ocultos debido a&#8230; <a class=\"view-article\" href=\"https:\/\/revistapesquisa.fapesp.br\/es\/particulas-y-procesos\/\">Ver art\u00edculo<\/a>","protected":false},"author":595,"featured_media":0,"comment_status":"closed","ping_status":"closed","sticky":false,"template":"","format":"standard","meta":{"_acf_changed":false,"_exactmetrics_skip_tracking":false,"_exactmetrics_sitenote_active":false,"_exactmetrics_sitenote_note":"","_exactmetrics_sitenote_category":0,"footnotes":""},"categories":[180],"tags":[],"coauthors":[1582],"class_list":["post-562081","post","type-post","status-publish","format-standard","hentry","category-editorial-es"],"acf":[],"_links":{"self":[{"href":"https:\/\/revistapesquisa.fapesp.br\/es\/wp-json\/wp\/v2\/posts\/562081","targetHints":{"allow":["GET"]}}],"collection":[{"href":"https:\/\/revistapesquisa.fapesp.br\/es\/wp-json\/wp\/v2\/posts"}],"about":[{"href":"https:\/\/revistapesquisa.fapesp.br\/es\/wp-json\/wp\/v2\/types\/post"}],"author":[{"embeddable":true,"href":"https:\/\/revistapesquisa.fapesp.br\/es\/wp-json\/wp\/v2\/users\/595"}],"replies":[{"embeddable":true,"href":"https:\/\/revistapesquisa.fapesp.br\/es\/wp-json\/wp\/v2\/comments?post=562081"}],"version-history":[{"count":3,"href":"https:\/\/revistapesquisa.fapesp.br\/es\/wp-json\/wp\/v2\/posts\/562081\/revisions"}],"predecessor-version":[{"id":564505,"href":"https:\/\/revistapesquisa.fapesp.br\/es\/wp-json\/wp\/v2\/posts\/562081\/revisions\/564505"}],"wp:attachment":[{"href":"https:\/\/revistapesquisa.fapesp.br\/es\/wp-json\/wp\/v2\/media?parent=562081"}],"wp:term":[{"taxonomy":"category","embeddable":true,"href":"https:\/\/revistapesquisa.fapesp.br\/es\/wp-json\/wp\/v2\/categories?post=562081"},{"taxonomy":"post_tag","embeddable":true,"href":"https:\/\/revistapesquisa.fapesp.br\/es\/wp-json\/wp\/v2\/tags?post=562081"},{"taxonomy":"author","embeddable":true,"href":"https:\/\/revistapesquisa.fapesp.br\/es\/wp-json\/wp\/v2\/coauthors?post=562081"}],"curies":[{"name":"wp","href":"https:\/\/api.w.org\/{rel}","templated":true}]}}