{"id":564506,"date":"2025-10-23T09:25:18","date_gmt":"2025-10-23T12:25:18","guid":{"rendered":"https:\/\/revistapesquisa.fapesp.br\/?p=564506"},"modified":"2025-12-04T09:45:28","modified_gmt":"2025-12-04T12:45:28","slug":"un-aprendizaje-con-pocos-parametros","status":"publish","type":"post","link":"https:\/\/revistapesquisa.fapesp.br\/es\/un-aprendizaje-con-pocos-parametros\/","title":{"rendered":"Un aprendizaje con pocos par\u00e1metros"},"content":{"rendered":"<p>Cualquiera que haya sido ni\u00f1o y lector de historietas en el lejano siglo XX probablemente recuerde los anuncios de los cursos por correspondencia. En aquella primera generaci\u00f3n de la educaci\u00f3n a distancia (EaD), el material para los programas t\u00e9cnicos, de formaci\u00f3n para el trabajo y complementarios llegaba v\u00eda correo. Entonces pod\u00eda completarse lo que se conoc\u00eda como primer y segundo nivel, calificarse como tornero mec\u00e1nico o bien, mi preferido, convertirse en detective privado.<\/p>\n<p>Presente en Brasil desde 1939 y prevista legalmente en la Ley de Directrices y Bases de 1996, la EaD se ha beneficiado sobremanera con la difusi\u00f3n de internet y otros avances tecnol\u00f3gicos recientes. Como herramienta, los ambientes virtuales de aprendizaje hacen posible que la ense\u00f1anza llegue a lugares remotos y la ampliaci\u00f3n del acceso a la educaci\u00f3n para las personas con discapacidades.<\/p>\n<p>La modalidad, potenciada por la pandemia de covid-19, ya experimentaba un intenso crecimiento en el pa\u00eds tras la desregulaci\u00f3n implementada en 2017. El \u00faltimo Censo de la Educaci\u00f3n Superior en Brasil revela que, en 2023, por cada estudiante de una carrera de grado presencial hab\u00eda otro inscrito en un curso de EaD. Este crecimiento acelerado \u2012y tambi\u00e9n desordenado\u2012 pone en evidencia la necesidad de contar con par\u00e1metros que aseguren la calidad de la oferta formativa, <a href=\"https:\/\/revistapesquisa.fapesp.br\/es\/en-brasil-la-educacion-a-distancia-avanza-en-el-sector-privado-y-predomina-en-los-profesorados\/\" target=\"_blank\" rel=\"noopener\">tal como se lo muestra en el art\u00edculo estampado en la portada de esta edici\u00f3n.<\/a><\/p>\n<p><a href=\"https:\/\/revistapesquisa.fapesp.br\/es\/la-violencia-sexual-infantil-se-incremento-a-un-ritmo-de-un-68-anual-entre-2013-y-2022-en-brasil\/\" target=\"_blank\" rel=\"noopener\">La violencia sexual infantil, un problema social poco abordado, es el tema de un art\u00edculo<\/a>. Un an\u00e1lisis profundo de los datos oficiales brasile\u00f1os muestra que los casos han venido creciendo a raz\u00f3n de un 7 % anual. Entre 2013 y 2023 se denunciaron 40.000 incidentes perpetrados contra ni\u00f1os y adolescentes del sexo masculino. Dos de cada tres de los casos reportados ocurren en el hogar de la v\u00edctima.<\/p>\n<p>El reportaje est\u00e1 acompa\u00f1ado de una delicada ilustraci\u00f3n realizada por Natalia Gregorini para <em>Pesquisa FAPESP<\/em>. Al preparar el dise\u00f1o gr\u00e1fico de cada contenido, la editora de Arte, Claudia Warrak, y el editor responsable deciden si es necesario encargar una ilustraci\u00f3n. Se realiza una preselecci\u00f3n de nombres, teniendo en cuenta el tema y el estilo de los artistas. Una tomada la decisi\u00f3n, el equipo le env\u00eda el texto period\u00edstico y la maquetaci\u00f3n propuesta y, en respuesta, reciben los bocetos que dan lugar al arte final. En 2024, la revista formul\u00f3 27 encargos a 17 artistas, que realizaron 68 trabajos, entre ilustraciones de portadas, im\u00e1genes principales y otras menores.<\/p>\n<p>La violencia sexual no es un hecho infrecuente en la vida de las personas trans y los grupos excluidos, <a href=\"https:\/\/revistapesquisa.fapesp.br\/es\/maria-amelia-veras-una-mirada-sensible-a-las-diferencias\/\" target=\"_blank\" rel=\"noopener\">un sector de la poblaci\u00f3n sobre el que la m\u00e9dica Maria Am\u00e9lia Veras<\/a> ha concentrado sus investigaciones y desarrolla actividades desde hace 40 a\u00f1os. Docente del hospital Santa Casa de S\u00e3o Paulo y directora del Centro de Estudios en Derechos Humanos y Salud de la Poblaci\u00f3n LGBTQIA+, Veras viaj\u00f3 recientemente al interior del estado brasile\u00f1o de Par\u00e1 para ayudar a un equipo a analizar las infecciones de transmisi\u00f3n sexual en explotaciones mineras realizadas por garimpeiros, vali\u00e9ndose de su experiencia en el dise\u00f1o de estudios para las poblaciones de dif\u00edcil acceso.<\/p>\n<p>Nominada al Oscar, la pel\u00edcula <em>A\u00fan estoy aqu\u00ed<\/em>, del director carioca Walter Salles, protagonizada por Fernanda Torres, narra la violencia infligida a la familia Paiva durante la dictadura militar. Otras producciones cinematogr\u00e1ficas realizadas durante el per\u00edodo de la represi\u00f3n tambi\u00e9n han tenido recientemente la oportunidad de exhibirse, como <em>A\u00e7\u00facar, \u00e1gua e sal <\/em>[Az\u00facar, agua y sal], realizada por presos pol\u00edticos en el marco de una huelga de hambre en 1979. Nuestro colaborador Ricardo Balthazar <a href=\"https:\/\/revistapesquisa.fapesp.br\/es\/investigadores-recuperan-peliculas-perdidas-referentes-a-la-dictadura-militar-brasilena\/\" target=\"_blank\" rel=\"noopener\">narra la b\u00fasqueda de pel\u00edculas perdidas que revisitan la historia de la dictadura militar brasile\u00f1a<\/a>. Temas duros, pero necesarios.<\/p>\n","protected":false},"excerpt":{"rendered":"Cualquiera que haya sido ni\u00f1o y lector de historietas en el lejano siglo XX probablemente recuerde los anuncios de los cursos por correspondencia. En aquella primera generaci\u00f3n de la educaci\u00f3n a distancia (EaD), el material para los programas t\u00e9cnicos, de formaci\u00f3n para el trabajo y complementarios llegaba v\u00eda correo. Entonces pod\u00eda completarse lo que se&#8230; <a class=\"view-article\" href=\"https:\/\/revistapesquisa.fapesp.br\/es\/un-aprendizaje-con-pocos-parametros\/\">Ver art\u00edculo<\/a>","protected":false},"author":595,"featured_media":0,"comment_status":"closed","ping_status":"closed","sticky":false,"template":"","format":"standard","meta":{"_acf_changed":false,"_exactmetrics_skip_tracking":false,"_exactmetrics_sitenote_active":false,"_exactmetrics_sitenote_note":"","_exactmetrics_sitenote_category":0,"footnotes":""},"categories":[180],"tags":[],"coauthors":[1582],"class_list":["post-564506","post","type-post","status-publish","format-standard","hentry","category-editorial-es"],"acf":[],"_links":{"self":[{"href":"https:\/\/revistapesquisa.fapesp.br\/es\/wp-json\/wp\/v2\/posts\/564506","targetHints":{"allow":["GET"]}}],"collection":[{"href":"https:\/\/revistapesquisa.fapesp.br\/es\/wp-json\/wp\/v2\/posts"}],"about":[{"href":"https:\/\/revistapesquisa.fapesp.br\/es\/wp-json\/wp\/v2\/types\/post"}],"author":[{"embeddable":true,"href":"https:\/\/revistapesquisa.fapesp.br\/es\/wp-json\/wp\/v2\/users\/595"}],"replies":[{"embeddable":true,"href":"https:\/\/revistapesquisa.fapesp.br\/es\/wp-json\/wp\/v2\/comments?post=564506"}],"version-history":[{"count":3,"href":"https:\/\/revistapesquisa.fapesp.br\/es\/wp-json\/wp\/v2\/posts\/564506\/revisions"}],"predecessor-version":[{"id":572021,"href":"https:\/\/revistapesquisa.fapesp.br\/es\/wp-json\/wp\/v2\/posts\/564506\/revisions\/572021"}],"wp:attachment":[{"href":"https:\/\/revistapesquisa.fapesp.br\/es\/wp-json\/wp\/v2\/media?parent=564506"}],"wp:term":[{"taxonomy":"category","embeddable":true,"href":"https:\/\/revistapesquisa.fapesp.br\/es\/wp-json\/wp\/v2\/categories?post=564506"},{"taxonomy":"post_tag","embeddable":true,"href":"https:\/\/revistapesquisa.fapesp.br\/es\/wp-json\/wp\/v2\/tags?post=564506"},{"taxonomy":"author","embeddable":true,"href":"https:\/\/revistapesquisa.fapesp.br\/es\/wp-json\/wp\/v2\/coauthors?post=564506"}],"curies":[{"name":"wp","href":"https:\/\/api.w.org\/{rel}","templated":true}]}}