{"id":586619,"date":"2026-06-05T19:12:09","date_gmt":"2026-06-05T22:12:09","guid":{"rendered":"https:\/\/revistapesquisa.fapesp.br\/?p=586619"},"modified":"2026-06-05T19:12:59","modified_gmt":"2026-06-05T22:12:59","slug":"cop30-en-busca-de-metas-globales-mas-ambiciosas-para-disminuir-las-emisiones-y-frenar-el-calentamiento","status":"publish","type":"post","link":"https:\/\/revistapesquisa.fapesp.br\/es\/cop30-en-busca-de-metas-globales-mas-ambiciosas-para-disminuir-las-emisiones-y-frenar-el-calentamiento\/","title":{"rendered":"COP30: en busca de metas globales m\u00e1s ambiciosas para disminuir las emisiones y frenar el calentamiento"},"content":{"rendered":"<p>Dos grandes temas interrelacionados son los que orientar\u00e1n los debates y las negociaciones en lo concerniente a c\u00f3mo frenar los cambios clim\u00e1ticos y adaptarse a sus impactos durante la Trig\u00e9sima Conferencia de las Partes (COP30) de la Convenci\u00f3n Marco de las Naciones Unidas sobre el Cambio Clim\u00e1tico, que se desarrollar\u00e1 en Bel\u00e9m, capital del estado brasile\u00f1o de Par\u00e1, entre el 10 y el 21 de noviembre. Se trata de las nuevas metas de emisiones de gases de efecto invernadero (GEI), que calientan el planeta, y el aumento de los fondos destinados a la financiaci\u00f3n clim\u00e1tica dirigida a los pa\u00edses en desarrollo.<\/p>\n<p>El primero de estos \u00edtems se refiere al punto central del Acuerdo de Par\u00eds, el principal tratado internacional que procura limitar el calentamiento global a un m\u00e1ximo de 2 grados Celsius (\u00baC), preferiblemente a 1,5 \u00baC, en comparaci\u00f3n con los niveles de la sociedad preindustrial de la segunda mitad del siglo XIX. Hasta mediados del mes de octubre, tan solo 62 pa\u00edses, menos de la tercera parte de los signatarios del acuerdo (entre ellos Brasil), hab\u00edan presentado oficialmente nuevas metas voluntarias para reducir, de aqu\u00ed al a\u00f1o 2035, sus emisiones de gases de efecto invernadero (GEI). Tales metas se denominan Contribuciones Determinadas a Nivel Nacional (NDC, por sus siglas en ingl\u00e9s).<\/p>\n<div class=\"box-lateral\"><strong>Lee tambi\u00e9n:<\/strong><br \/>\n&#8211; <a href=\"https:\/\/revistapesquisa.fapesp.br\/es\/al-cabo-de-30-anos-la-cop-se-ha-convertido-en-la-mayor-conferencia-anual-de-las-naciones-unidas\/\" target=\"_blank\" rel=\"noopener\">Al cabo de 30 a\u00f1os, la COP se ha convertido en la mayor conferencia anual de las Naciones Unidas<\/a><\/div>\n<p>Aunque Estados Unidos, el mayor emisor hist\u00f3rico de GEI, present\u00f3 su NDC actualizada en 2024, a\u00fan durante la presidencia de Joe Biden, es dudoso que representantes de ese pa\u00eds asistan al encuentro en Bel\u00e9m. El presidente actual, Donald Trump, defensor de una econom\u00eda basada en los combustibles f\u00f3siles, anunci\u00f3 este a\u00f1o que el pa\u00eds abandonaba el Acuerdo de Par\u00eds.<\/p>\n<p>Alrededor de un 70 % de las emisiones de GEI que causan el calentamiento global proviene del uso de combustibles f\u00f3siles como el petr\u00f3leo, el gas natural y el carb\u00f3n mineral. Las actividades agropecuarias y los cambios en el uso de la tierra, como la tala de bosques para abrir espacio a campos de pasturas y cultivos agr\u00edcolas, son responsables de aproximadamente un 20 % del total de los gases que calientan la atm\u00f3sfera. En Brasil, la ecuaci\u00f3n se invierte: cerca de un 70 % de las emisiones se asocia al cambio en el uso del suelo y las actividades agropecuarias.<\/p>\n<blockquote><p>1,3 billones de d\u00f3lares por a\u00f1o es la cifra que solicitan los pa\u00edses en desarrollo para la financiaci\u00f3n clim\u00e1tica<\/p><\/blockquote>\n<p>Sin el compromiso de la mayor econom\u00eda del planeta, la situaci\u00f3n actual se vuelve a\u00fan m\u00e1s desafiante. Un informe de octubre de la Organizaci\u00f3n de las Naciones Unidas del a\u00f1o pasado estima que las emisiones mundiales de aqu\u00ed a 2030 deber\u00edan disminuir un 42 % en relaci\u00f3n con el nivel de 2019 para que el calentamiento planetario no supere el guarismo de 1,5 \u00baC. Si el plazo de referencia se ampliara hasta 2035, la reducci\u00f3n tendr\u00eda que ser de un 57 %. Incluso antes de la apertura de la COP30 se publicar\u00e1n nuevos an\u00e1lisis sobre el estado de las \u00faltimas NDC.<\/p>\n<p>\u201cNosotros empezamos en 1992 [durante la Cumbre de la Tierra, celebrada en R\u00edo de Janeiro] diciendo que era necesario pensar globalmente y actuar localmente. Eso ahora ya no es posible\u201d, dijo Marina Silva, ministra de Medio Ambiente y Cambio Clim\u00e1tico de Brasil, en una rueda de prensa posterior a un evento en Brasilia preparatorio para la COP30. \u201cLos extremos clim\u00e1ticos ya exigen que los gobiernos y todos nosotros tengamos que actuar a nivel local y global, tanto en recursos como en tecnolog\u00eda y solidaridad. El cambio clim\u00e1tico no tiene fronteras\u201d.<\/p>\n<div id=\"attachment_586624\" style=\"max-width: 1150px\" class=\"wp-caption aligncenter\"><img loading=\"lazy\" decoding=\"async\" class=\"wp-image-586624 size-full\" src=\"https:\/\/revistapesquisa.fapesp.br\/wp-content\/uploads\/2026\/06\/RPF-cop-belem-industrias-2025-11-1140.jpg\" alt=\"\" width=\"1140\" height=\"724\" srcset=\"https:\/\/revistapesquisa.fapesp.br\/wp-content\/uploads\/2026\/06\/RPF-cop-belem-industrias-2025-11-1140.jpg 1140w, https:\/\/revistapesquisa.fapesp.br\/wp-content\/uploads\/2026\/06\/RPF-cop-belem-industrias-2025-11-1140-250x159.jpg 250w, https:\/\/revistapesquisa.fapesp.br\/wp-content\/uploads\/2026\/06\/RPF-cop-belem-industrias-2025-11-1140-700x445.jpg 700w, https:\/\/revistapesquisa.fapesp.br\/wp-content\/uploads\/2026\/06\/RPF-cop-belem-industrias-2025-11-1140-120x76.jpg 120w\" sizes=\"auto, (max-width: 1140px) 100vw, 1140px\" \/><p class=\"wp-caption-text\"><span class=\"media-credits-inline\">Yuan Hongyan\u2009\/\u2009VCG via Getty Images<\/span>Las actividades industriales liberan contaminantes que calientan la atm\u00f3sfera<span class=\"media-credits\">Yuan Hongyan\u2009\/\u2009VCG via Getty Images<\/span><\/p><\/div>\n<p>La segunda cuesti\u00f3n de fondo que se tratar\u00e1 en la COP30 es el volumen insuficiente de financiaci\u00f3n internacional disponible para ayudar a los pa\u00edses en desarrollo a costear su transici\u00f3n hacia una econom\u00eda de bajas emisiones de carbono, con un bajo nivel de emisiones de GEI y la adopci\u00f3n de fuentes de energ\u00eda limpia, y a adaptarse a los cambios clim\u00e1ticos. Durante el pasado mes de noviembre, al t\u00e9rmino de la COP29 que se llev\u00f3 a cabo en Bak\u00fa, Azerbaiy\u00e1n, se arrib\u00f3 a un acuerdo que aument\u00f3 el valor de las transferencias anuales de los pa\u00edses desarrollados a aquellos en desarrollo a 300.000 millones de d\u00f3lares, el triple de lo que estaba previsto hasta entonces. No obstante, esta cifra todav\u00eda est\u00e1 lejos de los 1,3 billones de d\u00f3lares por a\u00f1o que reclaman las naciones m\u00e1s pobres.<\/p>\n<p>El presidente de la COP30, el embajador Andr\u00e9 Corr\u00eaa do Lago, admiti\u00f3 a mediados de octubre, en una entrevista concedida a CNN Brasil, que ese nivel de financiamiento no se alcanzar\u00e1 en Bel\u00e9m. Dijo que es dif\u00edcil, pero es posible que los bancos multilaterales aumenten dos o tres veces su capacidad de otorgar pr\u00e9stamos con esta finalidad y que el sector privado multiplique 25 veces sus inversiones clim\u00e1ticas en los pa\u00edses en desarrollo.<\/p>\n<p>A finales de septiembre, Brasil puso sobre la mesa la idea de crear un fondo de inversi\u00f3n destinado a financiar la preservaci\u00f3n de los bosques tropicales, el Fondo Bosques Tropicales para Siempre (TFFF, por sus siglas en ingl\u00e9s), que, entre otros, incluye a la Amazonia y el Bosque Atl\u00e1ntico en Sudam\u00e9rica, y las densas formaciones boscosas del Congo y del sudeste asi\u00e1tico. El pa\u00eds se comprometi\u00f3 a depositar 1.000 millones de d\u00f3lares en el TFFF y tiene la ambici\u00f3n de recaudar 25.000 millones de d\u00f3lares para el fondo en los pr\u00f3ximos a\u00f1os. Una quinta parte del dinero recaudado a trav\u00e9s de este mecanismo se destinar\u00eda a las poblaciones ind\u00edgenas y comunidades locales que viven en las selvas, de acuerdo con la propuesta.<\/p>\n<p>Ning\u00fan dato concreto indica que, a corto plazo, las emisiones vayan a reducirse a la mitad, como preconizan diversos estudios. Al contrario. Son raros los a\u00f1os, como durante el apogeo de la pandemia de covid-19, en 2020, en que la econom\u00eda mundial no bati\u00f3 r\u00e9cords de emisiones de di\u00f3xido de carbono (CO<sub>2<\/sub>), metano (CH<sub>4<\/sub>) y \u00f3xido nitroso (N<sub>2<\/sub>H), la tr\u00edada de compuestos que constituye casi la totalidad de los gases de efecto invernadero (<em>v\u00e9ase el gr\u00e1fico abajo<\/em>).<\/p>\n<picture data-tablet=\"\/wp-content\/uploads\/2026\/06\/RPF-cop30belem-2025-11-info1-ESP-DESK.png\" data-tablet_size=\"1140x817\" alt=\"\">\n    <source srcset=\"\/wp-content\/uploads\/2026\/06\/RPF-cop30belem-2025-11-info1-ESP-DESK.png\" media=\"(min-width: 1920px)\" \/>\n    <source srcset=\"\/wp-content\/uploads\/2026\/06\/RPF-cop30belem-2025-11-info1-ESP-DESK.png\" media=\"(min-width: 1140px)\" \/>\n    <img decoding=\"async\" class=\"responsive-img\" src=\"\/wp-content\/uploads\/2026\/06\/RPF-cop30belem-2025-11-info1-ESP-MOBILE.png\" \/>\n  <\/picture><span class=\"embed media-credits-inline\">Alexandre Affonso\/Revista Pesquisa FAPESP<\/span>\n<p>Un bolet\u00edn publicado en octubre de 2025 por la Organizaci\u00f3n Meteorol\u00f3gica Mundial (WMO) se\u00f1ala que este tr\u00edo de gases alcanz\u00f3 el a\u00f1o pasado niveles sin precedentes en la atm\u00f3sfera. La concentraci\u00f3n de CO<sub>2<\/sub>, que tiene un peso mayor sobre el calentamiento global en comparaci\u00f3n con los otros dos gases, lleg\u00f3 a ser de 423,9 partes por mill\u00f3n (ppm), un 51 % m\u00e1s que en la era preindustrial. Su velocidad de crecimiento fue de 3,5 ppm entre 2023 y 2024, la mayor desde 1957, cuando empezaron a realizarse los registros modernos de los gases de efecto invernadero.<\/p>\n<p>\u201cEn el mejor de los casos, es posible que haya una disminuci\u00f3n del 3\u00a0% de las emisiones para 2030\u201d, estima el climat\u00f3logo Carlos Nobre, investigador s\u00e9nior del Instituto de Estudios Avanzados de la Universidad de S\u00e3o Paulo (IEA-USP), quien ya ha participado en siete COP y una vez m\u00e1s estar\u00e1 presente en el encuentro en la capital del estado de Par\u00e1, en el mes de noviembre. \u201cSin embargo, al paso que vamos, llegaremos a 1,5 \u00baC de calentamiento permanente dentro de cinco o diez a\u00f1os\u201d. En 2024, el a\u00f1o m\u00e1s caluroso de la historia reciente, la temperatura media del planeta super\u00f3 por primera vez ese l\u00edmite. Por ahora, en 2025, el calentamiento global se sit\u00faa en torno de los 1,4 \u00baC, seg\u00fan datos del Servicio de Cambio Clim\u00e1tico de Cop\u00e9rnicus (C3S), de la Uni\u00f3n Europea.<\/p>\n<p>Nunca antes se hab\u00eda celebrado una COP en Brasil. Las anteriores ediciones de la conferencia en Latinoam\u00e9rica se organizaron en Argentina (en dos oportunidades), Per\u00fa y M\u00e9xico. Creada en 1995, la COP es la principal instancia anual de debate y, sobre todo, de negociaci\u00f3n de la Convenci\u00f3n Marco de las Naciones Unidas sobre el Cambio Clim\u00e1tico (CMNUCC), el tratado internacional m\u00e1s amplio en materia clim\u00e1tica en el que se inscriben el Acuerdo de Paris y su predecesor, el Protocolo de Kioto. Las partes a las que hace alusi\u00f3n el nombre formal de la COP son los pa\u00edses (197), m\u00e1s el bloque de la Uni\u00f3n Europea, que tienen derecho a un asiento y voz en las negociaciones (<em>v\u00e9ase el glosario<\/em>).<\/p>\n<\/div><div class='overflow-responsive-img' style='text-align:center'><picture data-tablet=\"\/wp-content\/uploads\/2026\/06\/RPF-cop30belem-2025-11-info3-ESP-DESK.png\" data-tablet_size=\"1939x1316\" alt=\"\">\n    <source srcset=\"\/wp-content\/uploads\/2026\/06\/RPF-cop30belem-2025-11-info3-ESP-DESK.png\" media=\"(min-width: 1920px)\" \/>\n    <source srcset=\"\/wp-content\/uploads\/2026\/06\/RPF-cop30belem-2025-11-info3-ESP-DESK.png\" media=\"(min-width: 1140px)\" \/>\n    <img decoding=\"async\" class=\"responsive-img\" src=\"\/wp-content\/uploads\/2026\/06\/RPF-cop30belem-2025-11-info3-ESP-MOBILE-scaled.png\" \/>\n  <\/picture><span class=\"embed media-credits-inline\">Alexandre Affonso\/Revista Pesquisa FAPESP<\/span><\/div><div class=\"post-content sequence\">\n<p>La COP de Bel\u00e9m tambi\u00e9n es la primera que se lleva a cabo en tierras amaz\u00f3nicas, que albergan la mayor selva tropical del planeta. Al menos en t\u00e9rminos simb\u00f3licos, esto marca un contrapunto con respecto a las dos ediciones anteriores de la conferencia, que se celebraron en pa\u00edses cuya econom\u00eda depende en gran medida de la producci\u00f3n de petr\u00f3leo y gas natural. Antes de la COP29, en Bak\u00fa, Azerbaiy\u00e1n, en 2023 se realiz\u00f3 la COP28 en Dub\u00e1i, Emiratos \u00c1rabes Unidos.<\/p>\n<p>Las instalaciones f\u00edsicas en donde tienen lugar las COP, como el Parque da Cidade, en Bel\u00e9m, se dividen en dos \u00e1reas principales: las zonas azul y verde. La primera es de acceso restringido, y solo se permite la entrada a las delegaciones oficiales, jefes de Estado, observadores y la prensa acreditada. La zona verde est\u00e1 administrada por el pa\u00eds anfitri\u00f3n y alberga diferentes tipos de eventos y actividades organizadas por sectores de la sociedad civil, empresas u otras entidades, tales como los pabellones de distintos pa\u00edses o tem\u00e1ticos, exhibiciones y debates cient\u00edficos. Tambi\u00e9n habr\u00e1 eventos paralelos en otros puntos de la capital de Par\u00e1, denominados informalmente zonas amarillas. Tambi\u00e9n estar\u00e1n en Bel\u00e9m representantes de la FAPESP, que participar\u00e1n en eventos organizados por la Fundaci\u00f3n o colaboradores en las tres zonas. El Ministerio de Ciencia, Tecnolog\u00eda e Innovaci\u00f3n (MCTI) de Brasil estar\u00e1 promocionando la Casa de la Ciencia en el Museo Paraense Em\u00edlio Goeldi, donde se presentar\u00e1n los resultados de investigaciones sobre el cambio clim\u00e1tico.<\/p>\n<blockquote><p>El 70 % de la producci\u00f3n mundial de gases de efecto invernadero es producto de la quema de petr\u00f3leo, gas natural y carb\u00f3n<\/p><\/blockquote>\n<p>Las resoluciones que surgen de las COP se obtienen por consenso entre los representantes de los pa\u00edses miembros. No hay votaciones en las que una mayor\u00eda imponga su punto de vista sobre un tema. \u201cSe trata en cambio de un proceso lento pero necesario, que se nutre del multilateralismo y est\u00e1 sujeto a negociaciones\u201d, dice el ingeniero agr\u00f3nomo Jean Ometto, del Instituto Nacional de Investigaciones Espaciales (Inpe), vicecoordinador de la Red Brasile\u00f1a de Investigaciones sobre Cambios Clim\u00e1ticos Globales (Rede Clima). \u201cLos cambios clim\u00e1ticos constituyen un problema mundial. No basta con que uno o dos pa\u00edses tomen medidas contra el calentamiento global. Todos tienen que hacer su parte\u201d.<\/p>\n<p>El climat\u00f3logo Jos\u00e9 Marengo, coordinador general de investigaci\u00f3n y desarrollo del Centro Nacional de Monitoreo y Alerta de Desastres Naturales (Cemaden) y miembro del consejo de adaptaci\u00f3n que le brinda apoyo a la presidencia de la COP30, define a la conferencia de una manera peculiar. \u201cNo es un encuentro en donde se hable del clima\u201d, dice. \u201cEs una conferencia de negociaci\u00f3n, que puede desarrollarse no solamente en el marco de las reuniones formales, sino tambi\u00e9n en las pausas para un cafecito y prolongarse hasta entrada la madrugada\u201d.<\/p>\n<div id=\"attachment_586644\" style=\"max-width: 1150px\" class=\"wp-caption aligncenter\"><img loading=\"lazy\" decoding=\"async\" class=\"wp-image-586644 size-full\" src=\"https:\/\/revistapesquisa.fapesp.br\/wp-content\/uploads\/2026\/06\/RPF-cop-belem-paineis-solares-2025-11-1140.jpg\" alt=\"\" width=\"1140\" height=\"680\" srcset=\"https:\/\/revistapesquisa.fapesp.br\/wp-content\/uploads\/2026\/06\/RPF-cop-belem-paineis-solares-2025-11-1140.jpg 1140w, https:\/\/revistapesquisa.fapesp.br\/wp-content\/uploads\/2026\/06\/RPF-cop-belem-paineis-solares-2025-11-1140-250x149.jpg 250w, https:\/\/revistapesquisa.fapesp.br\/wp-content\/uploads\/2026\/06\/RPF-cop-belem-paineis-solares-2025-11-1140-700x418.jpg 700w, https:\/\/revistapesquisa.fapesp.br\/wp-content\/uploads\/2026\/06\/RPF-cop-belem-paineis-solares-2025-11-1140-120x72.jpg 120w\" sizes=\"auto, (max-width: 1140px) 100vw, 1140px\" \/><p class=\"wp-caption-text\"><span class=\"media-credits-inline\">Jens B\u00fcttner\u2009\/\u2009picture alliance via Getty Images<\/span>Un mar de paneles solares en Yinchuan, China, pa\u00eds que impulsa el crecimiento de este tipo de energ\u00eda en todo el mundo<span class=\"media-credits\">Jens B\u00fcttner\u2009\/\u2009picture alliance via Getty Images<\/span><\/p><\/div>\n<p>A mediados de octubre de 2025, en una rueda de prensa que ofreci\u00f3 en Brasilia durante el evento denominado pre-COP, el embajador Corr\u00eaa do Lago coment\u00f3 que solamente en los \u00faltimos d\u00edas de la conferencia en la capital de Par\u00e1 se sabr\u00e1 qu\u00e9 consensos se habr\u00e1n alcanzado efectivamente entre los negociadores. \u201cLas COP tienen esa din\u00e1mica de suspenso\u201d, dijo. En la del a\u00f1o pasado en Bak\u00fa, por ejemplo, el acuerdo para aumentar el valor de la financiaci\u00f3n clim\u00e1tica anual a 300.000 millones de d\u00f3lares solo se logr\u00f3 despu\u00e9s de la medianoche del 24 de noviembre, m\u00e1s de 24 horas despu\u00e9s de la fecha l\u00edmite oficialmente establecida para el cierre de la conferencia.<\/p>\n<p>\u201cEn las COP, hay toda una heterogeneidad de opiniones en lo que respecta a la velocidad de la transici\u00f3n energ\u00e9tica y la financiaci\u00f3n con miras a la adaptaci\u00f3n\u201d, comenta la matem\u00e1tica Thelma Krug, coordinadora del Consejo Cient\u00edfico de la COP30 e integrante del Consejo Superior de la FAPESP. \u201cSabemos que mientras exista demanda de petr\u00f3leo, los pa\u00edses productores y exportadores van a continuar extray\u00e9ndolo. Es muy dif\u00edcil alcanzar ciertos consensos\u201d.<\/p>\n<\/div><div class='overflow-responsive-img' style='text-align:center'><picture data-tablet=\"\/wp-content\/uploads\/2026\/06\/RPF-cop30belem-2025-11-info2_ESP-DESK.png\" data-tablet_size=\"1939x749\" alt=\"\">\n    <source srcset=\"\/wp-content\/uploads\/2026\/06\/RPF-cop30belem-2025-11-info2_ESP-DESK.png\" media=\"(min-width: 1920px)\" \/>\n    <source srcset=\"\/wp-content\/uploads\/2026\/06\/RPF-cop30belem-2025-11-info2_ESP-DESK.png\" media=\"(min-width: 1140px)\" \/>\n    <img decoding=\"async\" class=\"responsive-img\" src=\"\/wp-content\/uploads\/2026\/06\/RPF-cop30belem-2025-11-info2_ESP-MOBILE.png\" \/>\n  <\/picture><span class=\"embed media-credits-inline\">Alexandre Affonso\/Revista Pesquisa FAPESP<\/span><\/div><div class=\"post-content sequence\">\n<p>Un ejemplo de este tipo de reto, el de concertar compromisos internacionales sin disensos, se plasm\u00f3 reci\u00e9n en 2023, en Dubai, cuando un documento de consenso elaborado durante una COP admiti\u00f3 que los cambios clim\u00e1ticos eran causados por el uso de combustibles f\u00f3siles. La ciencia ya hab\u00eda arribado a esta conclusi\u00f3n mucho antes. Tambi\u00e9n fue en esa misma oportunidad, en el encuentro en los Emiratos \u00c1rabes Unidos, donde se abog\u00f3, por primera vez, por la necesidad de iniciar una transici\u00f3n, con la adopci\u00f3n de m\u00e1s fuentes de energ\u00eda renovables. Sin embargo, no se fijaron plazos para abandonar el uso del petr\u00f3leo, el gas y el carb\u00f3n.<\/p>\n<p>Varios investigadores ponen de relieve que la cuesti\u00f3n de la adaptaci\u00f3n a los cambios clim\u00e1ticos constituye un tema que ha cobrado centralidad en las COP m\u00e1s recientes. \u201cHasta hace algunos a\u00f1os, el principal foco de los debates era la mitigaci\u00f3n: qu\u00e9 deber\u00eda hacerse para reducir las emisiones de gases de efecto invernadero\u201d, comenta la ocean\u00f3grafa Regina Rodrigues, de la Universidad Federal de Santa Catarina (UFSC), quien se hizo presente en las \u00faltimas cuatro conferencias. \u201cAhora, tanto la mitigaci\u00f3n como la adaptaci\u00f3n al cambio clim\u00e1tico forman parte de la agenda de negociaciones\u201d.<\/p>\n<p>Seg\u00fan explica Rodrigues, ciertos grupos eran renuentes a poner el \u00e9nfasis en el debate sobre las medidas destinadas a reducir los impactos del cambio clim\u00e1tico, sobre todo en los pa\u00edses en desarrollo, que son los m\u00e1s vulnerables a sus efectos. Esa postura podr\u00eda interpretarse como un abandono de la meta central del Acuerdo de Par\u00eds, que preconiza la reducci\u00f3n de las emisiones de GEI, causantes del calentamiento global. Sin embargo, a medida que los efectos de los fen\u00f3menos clim\u00e1ticos extremos se fueron haciendo m\u00e1s palpables durante esta d\u00e9cada, las medidas de mitigaci\u00f3n y adaptaci\u00f3n han pasado a considerarse necesarias y complementarias.<\/p>\n<div id=\"attachment_586656\" style=\"max-width: 1150px\" class=\"wp-caption aligncenter\"><img loading=\"lazy\" decoding=\"async\" class=\"wp-image-586656 size-full\" src=\"https:\/\/revistapesquisa.fapesp.br\/wp-content\/uploads\/2026\/06\/RPF-cop-belem-indigenas-2025-11-1140.jpg\" alt=\"\" width=\"1140\" height=\"760\" srcset=\"https:\/\/revistapesquisa.fapesp.br\/wp-content\/uploads\/2026\/06\/RPF-cop-belem-indigenas-2025-11-1140.jpg 1140w, https:\/\/revistapesquisa.fapesp.br\/wp-content\/uploads\/2026\/06\/RPF-cop-belem-indigenas-2025-11-1140-250x167.jpg 250w, https:\/\/revistapesquisa.fapesp.br\/wp-content\/uploads\/2026\/06\/RPF-cop-belem-indigenas-2025-11-1140-700x467.jpg 700w, https:\/\/revistapesquisa.fapesp.br\/wp-content\/uploads\/2026\/06\/RPF-cop-belem-indigenas-2025-11-1140-120x80.jpg 120w\" sizes=\"auto, (max-width: 1140px) 100vw, 1140px\" \/><p class=\"wp-caption-text\"><span class=\"media-credits-inline\">Mauro Pimentel\u2009\/\u2009AFP via Getty Images<\/span>Ni\u00f1os ind\u00edgenas de la Amazonia: las comunidades locales tendr\u00e1n voz en la conferencia del clima<span class=\"media-credits\">Mauro Pimentel\u2009\/\u2009AFP via Getty Images<\/span><\/p><\/div>\n<p>Para Miriam Garcia, gerente s\u00e9nior de acci\u00f3n por el clima de WRI Brasil, una entidad de investigaci\u00f3n de la sociedad civil con sede en Estados Unidos, se espera que en la COP30 finalmente se definan los 100 indicadores de la Meta Global de Adaptaci\u00f3n (GGA, por sus siglas en ingl\u00e9s). Estos par\u00e1metros deber\u00e1n servir de referencia para las acciones internacionales (y la financiaci\u00f3n) con el prop\u00f3sito de mejorar la capacidad de adaptaci\u00f3n y resiliencia de los pa\u00edses, especialmente los m\u00e1s vulnerables, a los cambios clim\u00e1ticos. Entre las medidas impulsadas en la GGA, por ahora con car\u00e1cter gen\u00e9rico, figura la elaboraci\u00f3n de planes nacionales de adaptaci\u00f3n hasta 2030 y medidas para asegurarle a las poblaciones el acceso a la salud, al agua y a los alimentos.<\/p>\n<p>Prevista desde la firma del Acuerdo de Par\u00eds, en 2015, a\u00fan no se ha fijado una agenda m\u00e1s detallada en el marco de la GGA. \u201cLa diplomacia brasile\u00f1a es muy buena y esperamos que en Bel\u00e9m se alcance un consenso capaz de definir esos indicadores\u201d, comenta Garcia, mag\u00edster y doctora en relaciones internacionales con \u00e9nfasis en la cuesti\u00f3n clim\u00e1tica, quien ya particip\u00f3 como observadora en seis COP.<\/p>\n<p>Una noticia alentadora para los negociadores de la conferencia de Bel\u00e9m indica que, aunque a\u00fan no hay una fecha fijada para el fin de la explotaci\u00f3n de los combustibles f\u00f3siles, la transici\u00f3n energ\u00e9tica avanza en todo el mundo. En 2024, se a\u00f1adieron 582 gigavatios [GW] de energ\u00eda renovable, lo que representa un incremento del 15 % con respecto al a\u00f1o anterior. Esta cifra marca un r\u00e9cord de crecimiento, seg\u00fan el informe conjunto de la presidencia de la COP30, la Agencia Internacional de Energ\u00edas Renovables (Irena) y la Alianza Global de Energ\u00edas Renovables (GRA). El detalle no tan positivo es que, para poder alcanzar la meta acordada en la COP28, de 2023, el sector tendr\u00eda que a\u00f1adir 1.122 GW por a\u00f1o entre 2025 y 2030.<\/p>\n<p class=\"bibliografia separador-bibliografia\">Este art\u00edculo sali\u00f3 publicado con el t\u00edtulo \u201c<strong>El desaf\u00edo de Bel\u00e9m<\/strong>\u201d en la edici\u00f3n impresa n\u00b0 357 de Noviembre de 2025. <\/p>\n","protected":false},"excerpt":{"rendered":"En la ciudad amaz\u00f3nica de Bel\u00e9m, en Brasil, la conferencia tambi\u00e9n apunta a elevar el volumen anual de la financiaci\u00f3n clim\u00e1tica a 1,3 billones de d\u00f3lares","protected":false},"author":13,"featured_media":586620,"comment_status":"closed","ping_status":"closed","sticky":false,"template":"","format":"standard","meta":{"_acf_changed":false,"_exactmetrics_skip_tracking":false,"_exactmetrics_sitenote_active":false,"_exactmetrics_sitenote_note":"","_exactmetrics_sitenote_category":0,"footnotes":""},"categories":[181,179],"tags":[269],"coauthors":[101],"class_list":["post-586619","post","type-post","status-publish","format-standard","has-post-thumbnail","hentry","category-ciencia-es","category-tapa","tag-ambiente-es","position_at_home-sumario"],"acf":[],"_links":{"self":[{"href":"https:\/\/revistapesquisa.fapesp.br\/es\/wp-json\/wp\/v2\/posts\/586619","targetHints":{"allow":["GET"]}}],"collection":[{"href":"https:\/\/revistapesquisa.fapesp.br\/es\/wp-json\/wp\/v2\/posts"}],"about":[{"href":"https:\/\/revistapesquisa.fapesp.br\/es\/wp-json\/wp\/v2\/types\/post"}],"author":[{"embeddable":true,"href":"https:\/\/revistapesquisa.fapesp.br\/es\/wp-json\/wp\/v2\/users\/13"}],"replies":[{"embeddable":true,"href":"https:\/\/revistapesquisa.fapesp.br\/es\/wp-json\/wp\/v2\/comments?post=586619"}],"version-history":[{"count":4,"href":"https:\/\/revistapesquisa.fapesp.br\/es\/wp-json\/wp\/v2\/posts\/586619\/revisions"}],"predecessor-version":[{"id":586969,"href":"https:\/\/revistapesquisa.fapesp.br\/es\/wp-json\/wp\/v2\/posts\/586619\/revisions\/586969"}],"wp:featuredmedia":[{"embeddable":true,"href":"https:\/\/revistapesquisa.fapesp.br\/es\/wp-json\/wp\/v2\/media\/586620"}],"wp:attachment":[{"href":"https:\/\/revistapesquisa.fapesp.br\/es\/wp-json\/wp\/v2\/media?parent=586619"}],"wp:term":[{"taxonomy":"category","embeddable":true,"href":"https:\/\/revistapesquisa.fapesp.br\/es\/wp-json\/wp\/v2\/categories?post=586619"},{"taxonomy":"post_tag","embeddable":true,"href":"https:\/\/revistapesquisa.fapesp.br\/es\/wp-json\/wp\/v2\/tags?post=586619"},{"taxonomy":"author","embeddable":true,"href":"https:\/\/revistapesquisa.fapesp.br\/es\/wp-json\/wp\/v2\/coauthors?post=586619"}],"curies":[{"name":"wp","href":"https:\/\/api.w.org\/{rel}","templated":true}]}}