{"id":586662,"date":"2026-06-05T19:12:16","date_gmt":"2026-06-05T22:12:16","guid":{"rendered":"https:\/\/revistapesquisa.fapesp.br\/?p=586662"},"modified":"2026-06-05T19:13:00","modified_gmt":"2026-06-05T22:13:00","slug":"al-cabo-de-30-anos-la-cop-se-ha-convertido-en-la-mayor-conferencia-anual-de-las-naciones-unidas","status":"publish","type":"post","link":"https:\/\/revistapesquisa.fapesp.br\/es\/al-cabo-de-30-anos-la-cop-se-ha-convertido-en-la-mayor-conferencia-anual-de-las-naciones-unidas\/","title":{"rendered":"Al cabo de 30 a\u00f1os, la COP se ha convertido en la mayor conferencia anual de las Naciones Unidas"},"content":{"rendered":"<p>Aunque Bel\u00e9m, la capital del estado de Par\u00e1, es la primera ciudad de Brasil que es sede de una edici\u00f3n de la reuni\u00f3n anual de la Convenci\u00f3n Marco de las Naciones Unidas sobre el Cambio Clim\u00e1tico (CMNUCC), el pa\u00eds tiene un v\u00ednculo hist\u00f3rico indirecto con la creaci\u00f3n de la Conferencia de las Partes (COP). En 1992, la ciudad de R\u00edo de Janeiro fue el escenario de un gran evento internacional sobre medio ambiente y desarrollo sostenible, a veces denominado Cumbre de la Tierra, R\u00edo92 o Eco92. Ese encuentro, que se llev\u00f3 a cabo 20 a\u00f1os despu\u00e9s de la conferencia de Estocolmo, en Suecia, que fue el primer evento importante organizado por las Naciones Unidas para debatir sobre la relaci\u00f3n de la humanidad con la naturaleza, cont\u00f3 con la presencia de 103 jefes de Estado o de Gobierno. Al final de la reuni\u00f3n, se firmaron algunos documentos y compromisos.<\/p>\n<div class=\"box-lateral\"><strong>Lee tambi\u00e9n:<\/strong><br \/>\n&#8211; <a href=\"https:\/\/revistapesquisa.fapesp.br\/es\/cop30-en-busca-de-metas-globales-mas-ambiciosas-para-disminuir-las-emisiones-y-frenar-el-calentamiento\/\" target=\"_blank\" rel=\"noopener\">COP30: en busca de metas globales m\u00e1s ambiciosas para disminuir las emisiones y frenar el calentamiento<\/a><\/div>\n<p>Entre las resoluciones que se acordaron figuraba la creaci\u00f3n de tres convenciones o tratados multilaterales internacionales bajo el auspicio de las Naciones Unidas, vigentes hasta la fecha: el Convenio sobre la Diversidad Biol\u00f3gica (CDB), la Convenci\u00f3n de las Naciones Unidas de Lucha contra la Desertificaci\u00f3n (CNULD) y la referida CMNUCC, sobre el cambio clim\u00e1tico. En 1995, se realiz\u00f3 la primera conferencia anual de la convenci\u00f3n del clima, la COP1, en Berl\u00edn, Alemania. En aquella reuni\u00f3n participaron alrededor de 4.000 personas. La cuarta parte de los asistentes estaban all\u00ed en representaci\u00f3n de sus pa\u00edses, otra cuarta parte eran observadores de entidades de la sociedad civil y el resto, la mitad, eran periodistas acreditados para cubrir el encuentro.<\/p>\n<p>Desde entonces, la COP, que en noviembre celebrar\u00e1 su trig\u00e9sima edici\u00f3n en Bel\u00e9m, se convirti\u00f3 en el principal foro de debates y sobre todo de negociaciones entre las 198 partes (los 197 pa\u00edses miembros m\u00e1s el bloque de la Uni\u00f3n Europea), que han suscrito la convenci\u00f3n del clima. Su mayor legado ha sido el establecimiento de dos tratados internacionales con miras a reducir las emisiones de gases de efecto invernadero, que causan el calentamiento global.<\/p>\n<p>El primero fue el Protocolo de Kioto, creado en 1997 durante el desarrollo de la COP3 en la ciudad japonesa de la cual toma su nombre. Ese acuerdo establec\u00eda metas de reducci\u00f3n de las emisiones solamente para los pa\u00edses desarrollados, que son los grandes productores de gases de efecto invernadero, principalmente producto de la quema de combustibles f\u00f3siles. El segundo tratado es el Acuerdo de Par\u00eds, firmado en 2015 durante la COP21, seg\u00fan el cual todos los signatarios de la convenci\u00f3n del clima deben presentar cada cinco a\u00f1os metas voluntarias de reducci\u00f3n de sus emisiones, las llamadas Contribuciones Determinadas a Nivel Nacional (NDC, por sus siglas en ingl\u00e9s). En la pr\u00e1ctica, al ser m\u00e1s amplio, el Acuerdo de Par\u00eds acab\u00f3 sustituyendo al Protocolo de Kioto.<\/p>\n<div id=\"attachment_586667\" style=\"max-width: 810px\" class=\"wp-caption alignright\"><img loading=\"lazy\" decoding=\"async\" class=\"wp-image-586667 size-full\" src=\"https:\/\/revistapesquisa.fapesp.br\/wp-content\/uploads\/2026\/06\/RPF-cop-30-anos-lideres-2025-11-800.jpg\" alt=\"\" width=\"800\" height=\"940\" srcset=\"https:\/\/revistapesquisa.fapesp.br\/wp-content\/uploads\/2026\/06\/RPF-cop-30-anos-lideres-2025-11-800.jpg 800w, https:\/\/revistapesquisa.fapesp.br\/wp-content\/uploads\/2026\/06\/RPF-cop-30-anos-lideres-2025-11-800-250x294.jpg 250w, https:\/\/revistapesquisa.fapesp.br\/wp-content\/uploads\/2026\/06\/RPF-cop-30-anos-lideres-2025-11-800-700x823.jpg 700w, https:\/\/revistapesquisa.fapesp.br\/wp-content\/uploads\/2026\/06\/RPF-cop-30-anos-lideres-2025-11-800-120x141.jpg 120w\" sizes=\"auto, (max-width: 800px) 100vw, 800px\" \/><p class=\"wp-caption-text\"><span class=\"media-credits-inline\">Jorge Ara\u00fajo\/Folhapress | Wikimedia Commons<\/span>Manifestaci\u00f3n en Copacabana durante el encuentro de R\u00edo92; m\u00e1s abajo, la COP21, en la que se firm\u00f3 el Acuerdo de Par\u00eds<span class=\"media-credits\">Jorge Ara\u00fajo\/Folhapress | Wikimedia Commons<\/span><\/p><\/div>\n<p>\u201cLa creaci\u00f3n de la COP fue un hito importante para reducir el ritmo de crecimiento de las emisiones, aunque a\u00fan queda mucho por hacerse en este sector\u201d, dice el ingeniero agr\u00f3nomo Jean Ometto, del Instituto Nacional de Investigaciones Espaciales (Inpe) de Brasil. \u201cEn la d\u00e9cada de 1990, las emisiones aumentaban a raz\u00f3n de un 2\u00a0% anual y ahora son de alrededor de la mitad de este guarismo\u201d. Para controlar el calentamiento global, las emisiones deben disminuir en forma consistente, y no solamente atenuar su ritmo de crecimiento.<\/p>\n<p>En sus tres d\u00e9cadas de existencia, la COP ha crecido tanto que actualmente es la mayor conferencia anual organizada por las Naciones Unidas, un organismo internacional que promueve eventos que abarcan una diversidad de temas, que incluyen la econom\u00eda, la ciencia, la salud, las migraciones, los derechos humanos y la geopol\u00edtica. En 2023, en la COP28 celebrada en Dub\u00e1i, Emiratos \u00c1rabes Unidos, participaron 80.000 personas, en un hecho que marc\u00f3 un r\u00e9cord para este evento. La prensa internacional inform\u00f3 que entre los asistentes tambi\u00e9n hab\u00eda grupos de presi\u00f3n o lobistas de la industria del petr\u00f3leo. En la COP siguiente, realizada en Bak\u00fa, Azerbaiy\u00e1n, asistieron 54.000 personas.<\/p>\n<p>Para algunos investigadores, la COP ha crecido demasiado y, en ocasiones, se ha vuelto por dem\u00e1s llamativa. \u201cEl evento no deber\u00eda generar tanto revuelo ni cosas por el estilo. Eso es perjudicial para el proceso de la ONU\u201d, declar\u00f3 Benito M\u00fcller, experto en pol\u00edtica clim\u00e1tica de la Universidad de Oxford, en Inglaterra, al sitio web de la revista <em>Undark<\/em> una vez concluida la \u00faltima COP. \u201cVa a generar fatiga clim\u00e1tica\u201d. En Bel\u00e9m, se estima que unas 40.000 personas circular\u00e1n diariamente por el Parque da Cidade, que albergar\u00e1 la COP30.<\/p>\n<p>\u201cEl mensaje de la COP debe tomarse en serio\u201d, dice el climat\u00f3logo Carlos Nobre, del Instituto de Estudios Avanzados de la Universidad de S\u00e3o Paulo (IEA-USP). \u201cNecesitamos que las metas de reducci\u00f3n de las emisiones den paso a las acciones. El mundo dispone de dinero suficiente como para financiar la transici\u00f3n energ\u00e9tica y la adaptaci\u00f3n a los cambios clim\u00e1ticos en los pa\u00edses en desarrollo\u201d.<\/p>\n<p>La importancia de la COP ha aumentado a medida que, a lo largo de los a\u00f1os, innumerables estudios cient\u00edficos han ido acumulando evidencias robustas de que el calentamiento global, el motor de los cambios clim\u00e1ticos, es mayoritariamente resultado de las actividades humanas, principalmente de la quema de combustibles f\u00f3siles. La grandiosidad que rodea a la conferencia y la morosidad en el proceso de toma de decisiones en el marco de un foro multilateral que avanza por consensos ha generado cr\u00edticas a las COP m\u00e1s recientes.<\/p>\n<p>\u201cLa agenda clim\u00e1tica es muy importante y debe ir codo a codo con la de la biodiversidad\u201d, dice la ec\u00f3loga Ima Vieira, oriunda de Par\u00e1 y asesora de la presidencia de la Financiadora de Estudios y Proyectos (Finep) del gobierno federal de Brasil. \u201cPero actualmente ha ocupado casi todo el espacio de la agenda ambiental y esta cuesti\u00f3n debe ser m\u00e1s equilibrada\u201d. El tema del cambio clim\u00e1tico surgi\u00f3 del seno de la investigaci\u00f3n y el movimiento ambiental, que en la \u00e9poca de R\u00edo92 dedicaba m\u00e1s espacio a las discusiones sobre la necesidad de preservar la biodiversidad y asegurar la integridad de los territorios de los pueblos originarios que al calentamiento global en s\u00ed mismo.<\/p>\n<p>Frente a la amenaza existencial que el marcado aumento de la temperatura del planeta pas\u00f3 a representar en las \u00faltimas d\u00e9cadas para la humanidad, refrendada en cada nuevo informe del Grupo Intergubernamental de Expertos sobre el Cambio Clim\u00e1tico (IPCC), instituido por la Organizaci\u00f3n de las Naciones Unidas en 1988, las reivindicaciones en lo que concierne a la conservaci\u00f3n de la fauna y la flora aut\u00f3ctonas han ido perdiendo terreno.<\/p>\n<p class=\"bibliografia separador-bibliografia\">Este art\u00edculo sali\u00f3 publicado con el t\u00edtulo \u201c<strong>De Berl\u00edn a la Amazonia<\/strong>\u201d en la edici\u00f3n impresa n\u00b0 357 de Noviembre de 2025. <\/p>\n","protected":false},"excerpt":{"rendered":"La cantidad de participantes en el encuentro se ha incrementado diez veces desde la cita de Berl\u00edn, en 1995","protected":false},"author":13,"featured_media":586663,"comment_status":"closed","ping_status":"closed","sticky":false,"template":"","format":"standard","meta":{"_acf_changed":false,"_exactmetrics_skip_tracking":false,"_exactmetrics_sitenote_active":false,"_exactmetrics_sitenote_note":"","_exactmetrics_sitenote_category":0,"footnotes":""},"categories":[181,179],"tags":[275,269],"coauthors":[101],"class_list":["post-586662","post","type-post","status-publish","format-standard","has-post-thumbnail","hentry","category-ciencia-es","category-tapa","tag-biodiversidad","tag-ambiente-es"],"acf":[],"_links":{"self":[{"href":"https:\/\/revistapesquisa.fapesp.br\/es\/wp-json\/wp\/v2\/posts\/586662","targetHints":{"allow":["GET"]}}],"collection":[{"href":"https:\/\/revistapesquisa.fapesp.br\/es\/wp-json\/wp\/v2\/posts"}],"about":[{"href":"https:\/\/revistapesquisa.fapesp.br\/es\/wp-json\/wp\/v2\/types\/post"}],"author":[{"embeddable":true,"href":"https:\/\/revistapesquisa.fapesp.br\/es\/wp-json\/wp\/v2\/users\/13"}],"replies":[{"embeddable":true,"href":"https:\/\/revistapesquisa.fapesp.br\/es\/wp-json\/wp\/v2\/comments?post=586662"}],"version-history":[{"count":2,"href":"https:\/\/revistapesquisa.fapesp.br\/es\/wp-json\/wp\/v2\/posts\/586662\/revisions"}],"predecessor-version":[{"id":586968,"href":"https:\/\/revistapesquisa.fapesp.br\/es\/wp-json\/wp\/v2\/posts\/586662\/revisions\/586968"}],"wp:featuredmedia":[{"embeddable":true,"href":"https:\/\/revistapesquisa.fapesp.br\/es\/wp-json\/wp\/v2\/media\/586663"}],"wp:attachment":[{"href":"https:\/\/revistapesquisa.fapesp.br\/es\/wp-json\/wp\/v2\/media?parent=586662"}],"wp:term":[{"taxonomy":"category","embeddable":true,"href":"https:\/\/revistapesquisa.fapesp.br\/es\/wp-json\/wp\/v2\/categories?post=586662"},{"taxonomy":"post_tag","embeddable":true,"href":"https:\/\/revistapesquisa.fapesp.br\/es\/wp-json\/wp\/v2\/tags?post=586662"},{"taxonomy":"author","embeddable":true,"href":"https:\/\/revistapesquisa.fapesp.br\/es\/wp-json\/wp\/v2\/coauthors?post=586662"}],"curies":[{"name":"wp","href":"https:\/\/api.w.org\/{rel}","templated":true}]}}