{"id":72681,"date":"2012-11-21T17:51:49","date_gmt":"2012-11-21T19:51:49","guid":{"rendered":"http:\/\/revistapesquisa.fapesp.br\/?p=72681"},"modified":"2014-06-03T18:16:57","modified_gmt":"2014-06-03T21:16:57","slug":"tematicos-y-joven-investigador-recientes-3","status":"publish","type":"post","link":"https:\/\/revistapesquisa.fapesp.br\/es\/tematicos-y-joven-investigador-recientes-3\/","title":{"rendered":"Tem\u00e1ticos y Joven Investigador recientes"},"content":{"rendered":"<p class=\"FreeForm\" style=\"text-align: justify;\"><strong><span lang=\"ES\" style=\"font-family: 'Arial','sans-serif';\">Tem\u00e1ticos<br \/>\n<\/span><\/strong><strong><span lang=\"ES\" style=\"font-family: 'Arial','sans-serif';\">G\u00e9nesis y significado de la tecnociencia: de las relaciones entre ciencia, tecnolog\u00eda y sociedad<br \/>\n<\/span><\/strong><span lang=\"ES\" style=\"font-family: 'Arial','sans-serif'; letter-spacing: -0.25pt;\">Investigador responsable:<\/span><span lang=\"ES\" style=\"font-family: 'Arial','sans-serif'; letter-spacing: -0.25pt;\"> Pablo Mariconda<br \/>\n<\/span><span lang=\"ES\" style=\"font-family: 'Arial','sans-serif';\">Instituci\u00f3n:<\/span><span lang=\"ES\" style=\"font-family: 'Arial','sans-serif';\"> IEA\/ USP<br \/>\n<\/span><span lang=\"ES\" style=\"font-family: 'Arial','sans-serif';\">Proceso:<\/span><span lang=\"ES\" style=\"font-family: 'Arial','sans-serif';\"> 2011\/ 51614-3<br \/>\n<\/span><span lang=\"ES\" style=\"font-family: 'Arial','sans-serif';\">Vigencia:<\/span><span lang=\"ES\" style=\"font-family: 'Arial','sans-serif';\"> Del 01\/08\/2012 al 31\/07\/2016<\/span><\/p>\n<p class=\"FreeForm\" style=\"text-align: justify;\"><strong><span lang=\"ES\" style=\"font-family: 'Arial','sans-serif';\">La esquizofrenia y otros trastornos psic\u00f3ticos: determinantes sociales y biol\u00f3gicos<\/span><span lang=\"ES\" style=\"font-family: 'Arial','sans-serif'; letter-spacing: -0.35pt;\"><br \/>\n<\/span><\/strong><span lang=\"ES\" style=\"font-family: 'Arial','sans-serif'; letter-spacing: -0.35pt;\">Investigador responsable:<\/span><span lang=\"ES\" style=\"font-family: 'Arial','sans-serif'; letter-spacing: -0.35pt;\"> Paulo R. Menezes<\/span><span lang=\"ES\" style=\"font-family: 'Arial','sans-serif';\"><br \/>\nInstituci\u00f3n:<\/span><span lang=\"ES\" style=\"font-family: 'Arial','sans-serif';\"> FMRP\/ USP<\/span><span lang=\"ES\" style=\"font-family: 'Arial','sans-serif';\"><br \/>\nProceso:<\/span><span lang=\"ES\" style=\"font-family: 'Arial','sans-serif';\"> 2012\/ 05178-0<\/span><span lang=\"ES\" style=\"font-family: 'Arial','sans-serif';\"><br \/>\nVigencia:<\/span><span lang=\"ES\" style=\"font-family: 'Arial','sans-serif';\"> Del 01\/09\/2012 al 31\/08\/2016<\/span><\/p>\n<p class=\"FreeForm\" style=\"text-align: justify;\"><strong><span lang=\"ES\" style=\"font-family: 'Arial','sans-serif'; letter-spacing: -0.05pt;\">Investigaci\u00f3n de circuitos neuronales y marcadores biol\u00f3gicos involucrados en el trastorno obsesivo-compulsivo por medio de paradigmas comportamentales de miedo y ansiedad<\/span><span lang=\"ES\" style=\"font-family: 'Arial','sans-serif';\"><br \/>\n<\/span><\/strong><span lang=\"ES\" style=\"font-family: 'Arial','sans-serif';\">Investigador responsable:<\/span><span lang=\"ES\" style=\"font-family: 'Arial','sans-serif';\"> Euripedes Constantino Miguel Filho<\/span><span lang=\"ES\" style=\"font-family: 'Arial','sans-serif'; letter-spacing: -0.05pt;\"><br \/>\nInstituci\u00f3n:<\/span><span lang=\"ES\" style=\"font-family: 'Arial','sans-serif'; letter-spacing: -0.05pt;\"> FM\/ USP<\/span><span lang=\"ES\" style=\"font-family: 'Arial','sans-serif';\"><br \/>\nProceso:<\/span><span lang=\"ES\" style=\"font-family: 'Arial','sans-serif';\"> 2011\/ 21357-9<\/span><span lang=\"ES\" style=\"font-family: 'Arial','sans-serif';\"><br \/>\nVigencia:<\/span><span lang=\"ES\" style=\"font-family: 'Arial','sans-serif';\"> Del 01\/12\/2012 al 30\/11\/2017<\/span><\/p>\n<p class=\"FreeForm\" style=\"text-align: justify;\"><strong><span lang=\"ES\" style=\"font-family: 'Arial','sans-serif';\">Estructuraci\u00f3n y evoluci\u00f3n de la biota amaz\u00f3nica y su ambiente: un abordaje integrador (FAPESP-BIOTA-NSF DIMENSIONS)<\/span><\/strong><strong><span lang=\"ES\" style=\"font-family: 'Arial','sans-serif';\"><br \/>\n<\/span><\/strong><span lang=\"ES\" style=\"font-family: 'Arial','sans-serif';\">Investigadora responsable: <\/span><span lang=\"ES\" style=\"font-family: 'Arial','sans-serif';\">Lucia Garcez Lohmann<\/span><span lang=\"ES\" style=\"font-family: 'Arial','sans-serif'; letter-spacing: -0.1pt;\"><br \/>\nInstituci\u00f3n: <\/span><span lang=\"ES\" style=\"font-family: 'Arial','sans-serif'; letter-spacing: -0.1pt;\">IB\/ USP<\/span><span lang=\"ES\" style=\"font-family: 'Arial','sans-serif';\"><br \/>\nProceso:<\/span><span lang=\"ES\" style=\"font-family: 'Arial','sans-serif';\"> 2012\/ 50260-6<\/span><span lang=\"ES\" style=\"font-family: 'Arial','sans-serif';\"><br \/>\nVigencia:<\/span><span lang=\"ES\" style=\"font-family: 'Arial','sans-serif';\"> Del 01\/09\/2012 al 31\/08\/2017<\/span><\/p>\n<p class=\"FreeForm\" style=\"text-align: justify;\"><strong><span lang=\"ES\" style=\"font-family: 'Arial','sans-serif'; letter-spacing: -0.1pt;\">La lengua portuguesa en el tiempo y en el espacio: contacto ling\u00fc\u00edstico, gram\u00e1ticas en competencia y modificaci\u00f3n param\u00e9trica<\/span><\/strong><strong><span lang=\"ES\" style=\"font-family: 'Arial','sans-serif';\"><br \/>\n<\/span><\/strong><span lang=\"ES\" style=\"font-family: 'Arial','sans-serif';\">Investigadora responsable: <\/span><span lang=\"ES\" style=\"font-family: 'Arial','sans-serif';\">Charlotte Marie Chambelland Galves<\/span><span lang=\"ES\" style=\"font-family: 'Arial','sans-serif';\"><br \/>\nInstituci\u00f3n:<\/span><span lang=\"ES\" style=\"font-family: 'Arial','sans-serif';\"> IEL\/ Unicamp<\/span><span lang=\"ES\" style=\"font-family: 'Arial','sans-serif';\"><br \/>\nProceso:<\/span><span lang=\"ES\" style=\"font-family: 'Arial','sans-serif';\"> 2012\/ 06078-9<\/span><span lang=\"ES\" style=\"font-family: 'Arial','sans-serif';\"><br \/>\nVigencia: <\/span><span lang=\"ES\" style=\"font-family: 'Arial','sans-serif';\">Del 01\/10\/2012 al 30\/09\/2017<\/span><\/p>\n<p class=\"FreeForm\" style=\"text-align: justify;\"><strong><span lang=\"ES\" style=\"font-family: 'Arial','sans-serif'; letter-spacing: -0.1pt;\">Los desaf\u00edos en la visualizaci\u00f3n exploratoria de datos multidimensionales: nuevos paradigmas, escalabilidad y aplicaciones<\/span><\/strong><strong><span lang=\"ES\" style=\"font-family: 'Arial','sans-serif';\"><br \/>\n<\/span><\/strong><span lang=\"ES\" style=\"font-family: 'Arial','sans-serif';\">Investigador responsable:<\/span><span lang=\"ES\" style=\"font-family: 'Arial','sans-serif';\"> Luis Gustavo Nonato<\/span><span lang=\"ES\" style=\"font-family: 'Arial','sans-serif';\"><br \/>\nInstituci\u00f3n: <\/span><span lang=\"ES\" style=\"font-family: 'Arial','sans-serif';\">ICMC\/ USP S\u00e3o Carlos<\/span><span lang=\"ES\" style=\"font-family: 'Arial','sans-serif';\"><br \/>\nProceso: <\/span><span lang=\"ES\" style=\"font-family: 'Arial','sans-serif';\">2011\/ 22749-8<\/span><span lang=\"ES\" style=\"font-family: 'Arial','sans-serif';\"><br \/>\nVigencia: <\/span><span lang=\"ES\" style=\"font-family: 'Arial','sans-serif';\">Del 01\/09\/2012 al 31\/08\/2016<\/span><\/p>\n<p class=\"FreeForm\" style=\"text-align: justify;\"><strong><span lang=\"ES\" style=\"font-family: 'Arial','sans-serif';\">Biolog\u00eda de sistemas como estrategia experimental para el descubrimiento de nuevos productos naturales en la fauna de artr\u00f3podos <span style=\"letter-spacing: -0.1pt;\">ponzo\u00f1osos del estado de S\u00e3o Paulo<\/span><\/span><\/strong><strong><span lang=\"ES\" style=\"font-family: 'Arial','sans-serif';\"><br \/>\n<\/span><\/strong><span lang=\"ES\" style=\"font-family: 'Arial','sans-serif';\">Investigador responsable: <\/span><span lang=\"ES\" style=\"font-family: 'Arial','sans-serif';\">Mario Sergio Palma<\/span><span lang=\"ES\" style=\"font-family: 'Arial','sans-serif';\"><br \/>\nInstituci\u00f3n: <\/span><span lang=\"ES\" style=\"font-family: 'Arial','sans-serif';\">IB\/ Unesp Rio Claro<\/span><span lang=\"ES\" style=\"font-family: 'Arial','sans-serif';\"><br \/>\nProceso: <\/span><span lang=\"ES\" style=\"font-family: 'Arial','sans-serif';\">2011\/ 51684-1<\/span><span lang=\"ES\" style=\"font-family: 'Arial','sans-serif';\"><br \/>\nVigencia: <\/span><span lang=\"ES\" style=\"font-family: 'Arial','sans-serif';\">Del 01\/10\/2012 al 30\/09\/2016<\/span><\/p>\n<p class=\"FreeForm\" style=\"text-align: justify;\"><strong><span lang=\"ES\" style=\"font-family: 'Arial','sans-serif';\">Joven Investigador<br \/>\n<\/span><\/strong><strong><span lang=\"ES\" style=\"font-family: 'Arial','sans-serif'; letter-spacing: -0.1pt;\">Monitoreo de la integridad estructural en sistemas mec\u00e1nicos no lineales utilizando modelos de Volterra<br \/>\n<\/span><\/strong><span lang=\"ES\" style=\"font-family: 'Arial','sans-serif'; letter-spacing: -0.15pt;\">Investigador responsable: <\/span><span lang=\"ES\" style=\"font-family: 'Arial','sans-serif'; letter-spacing: -0.15pt;\">Samuel da Silva<br \/>\n<\/span><span lang=\"ES\" style=\"font-family: 'Arial','sans-serif';\">Instituci\u00f3n: <\/span><span lang=\"ES\" style=\"font-family: 'Arial','sans-serif';\">FEIS\/ Unesp<br \/>\n<\/span><span lang=\"ES\" style=\"font-family: 'Arial','sans-serif';\">Proceso: <\/span><span lang=\"ES\" style=\"font-family: 'Arial','sans-serif';\">2012\/ 09135-3<br \/>\n<\/span><span lang=\"ES\" style=\"font-family: 'Arial','sans-serif';\">Vigencia:<\/span><span lang=\"ES\" style=\"font-family: 'Arial','sans-serif';\"> Del 01\/10\/2012 al 30\/09\/2016<\/span><\/p>\n<p class=\"FreeForm\" style=\"text-align: justify;\"><strong><span lang=\"ES\" style=\"font-family: 'Arial','sans-serif'; letter-spacing: -0.1pt;\">El rol de los \u00edndices de extinci\u00f3n y especiaci\u00f3n y el efecto de los diferentes niveles de organizaci\u00f3n biol\u00f3gica en el origen y el mantenimiento de la biodiversidad<\/span><\/strong><strong><span lang=\"ES\" style=\"font-family: 'Arial','sans-serif'; letter-spacing: -0.25pt;\"><br \/>\n<\/span><\/strong><span lang=\"ES\" style=\"font-family: 'Arial','sans-serif'; letter-spacing: -0.25pt;\">Investigador responsable:<\/span><span lang=\"ES\" style=\"font-family: 'Arial','sans-serif'; letter-spacing: -0.25pt;\"> Tiago B. Quental<\/span><span lang=\"ES\" style=\"font-family: 'Arial','sans-serif'; letter-spacing: -0.1pt;\"><br \/>\nInstituci\u00f3n: <\/span><span lang=\"ES\" style=\"font-family: 'Arial','sans-serif'; letter-spacing: -0.1pt;\">IB\/ USP<\/span><span lang=\"ES\" style=\"font-family: 'Arial','sans-serif';\"><br \/>\nProceso:<\/span><span lang=\"ES\" style=\"font-family: 'Arial','sans-serif';\"> 2012\/ 04072-3<\/span><span lang=\"ES\" style=\"font-family: 'Arial','sans-serif';\"><br \/>\nVigencia: <\/span><span lang=\"ES\" style=\"font-family: 'Arial','sans-serif';\">Del 01\/09\/2012 al 31\/08\/2016<\/span><\/p>\n<p class=\"FreeForm\" style=\"text-align: justify;\"><strong><span lang=\"ES\" style=\"font-family: 'Arial','sans-serif';\">RF MEMS en ondas milim\u00e9tricas utilizando proceso CMOS comercial<\/span><\/strong><strong><span lang=\"ES\" style=\"font-family: 'Arial','sans-serif'; letter-spacing: -0.35pt;\"><br \/>\n<\/span><\/strong><span lang=\"ES\" style=\"font-family: 'Arial','sans-serif'; letter-spacing: -0.35pt;\">Investigador responsable:<\/span><span lang=\"ES\" style=\"font-family: 'Arial','sans-serif'; letter-spacing: -0.35pt;\"> Gustavo P. Rehder<\/span><span lang=\"ES\" style=\"font-family: 'Arial','sans-serif';\"><br \/>\nInstituci\u00f3n:<\/span><span lang=\"ES\" style=\"font-family: 'Arial','sans-serif';\"> Escuela Polit\u00e9cnica\/ USP<\/span><span lang=\"ES\" style=\"font-family: 'Arial','sans-serif';\"><br \/>\nProceso: <\/span><span lang=\"ES\" style=\"font-family: 'Arial','sans-serif';\">2011\/ 18167-3<\/span><span lang=\"ES\" style=\"font-family: 'Arial','sans-serif';\"><br \/>\nVigencia: <\/span><span lang=\"ES\" style=\"font-family: 'Arial','sans-serif';\">Del 01\/10\/2012 al 30\/09\/2016<\/span><\/p>\n<p class=\"FreeForm\" style=\"text-align: justify;\"><strong><span lang=\"ES\" style=\"font-family: 'Arial','sans-serif';\">Meiosis en escorpiones (<em>Arachnida<\/em>): un modelo para comprender la evoluci\u00f3n en especies con cromosomas aquiasm\u00e1ticos<\/span><\/strong><strong><span lang=\"ES\" style=\"font-family: 'Arial','sans-serif';\"><br \/>\n<\/span><\/strong><span lang=\"ES\" style=\"font-family: 'Arial','sans-serif';\">Investigadora responsable:<\/span><span lang=\"ES\" style=\"font-family: 'Arial','sans-serif';\"> Marielle Cristina Schneider<\/span><span lang=\"ES\" style=\"font-family: 'Arial','sans-serif';\"><br \/>\nInstituci\u00f3n: <\/span><span lang=\"ES\" style=\"font-family: 'Arial','sans-serif';\">ICAQF\/ Unifesp<\/span><span lang=\"ES\" style=\"font-family: 'Arial','sans-serif';\"><br \/>\nProceso:<\/span><span lang=\"ES\" style=\"font-family: 'Arial','sans-serif';\"> 2011\/ 21643-1<\/span><span lang=\"ES\" style=\"font-family: 'Arial','sans-serif';\"><br \/>\nVigencia: <\/span><span lang=\"ES\" style=\"font-family: 'Arial','sans-serif';\">Del 01\/09\/2012 al 31\/08\/2016<\/span><\/p>\n<p class=\"FreeForm\" style=\"text-align: justify;\"><strong><span lang=\"ES\" style=\"font-family: 'Arial','sans-serif'; letter-spacing: -0.35pt;\">Bases moleculares de la herencia mitocondrial: el rol de la fusi\u00f3n mitocondrial<\/span><\/strong><strong><span lang=\"ES\" style=\"font-family: 'Arial','sans-serif';\"><br \/>\n<\/span><\/strong><span lang=\"ES\" style=\"font-family: 'Arial','sans-serif';\">Investigador responsable:<\/span><span lang=\"ES\" style=\"font-family: 'Arial','sans-serif';\"> Marcos Roberto Chiaratti<\/span><span lang=\"ES\" style=\"font-family: 'Arial','sans-serif';\"><br \/>\nInstituci\u00f3n:<\/span><span lang=\"ES\" style=\"font-family: 'Arial','sans-serif';\"> IQ\/ USP<\/span><span lang=\"ES\" style=\"font-family: 'Arial','sans-serif';\"><br \/>\nProceso:<\/span><span lang=\"ES\" style=\"font-family: 'Arial','sans-serif';\"> 2012\/ 50231-6<\/span><span lang=\"ES\" style=\"font-family: 'Arial','sans-serif';\"><br \/>\nVigencia:<\/span><span lang=\"ES\" style=\"font-family: 'Arial','sans-serif';\"> Del 01\/10\/12 al 30\/09\/16<\/span><\/p>\n<p class=\"FreeForm\" style=\"text-align: justify;\"><strong><span lang=\"ES\" style=\"font-family: 'Arial','sans-serif';\">Ense\u00f1anza y salud, entre lo p\u00fablico y lo privado: la experiencia del complejo HSP\/ SPDM\/ EPM-UNIFESP (1956-2010)<\/span><\/strong><strong><span lang=\"ES\" style=\"font-family: 'Arial','sans-serif';\"><br \/>\n<\/span><\/strong><span lang=\"ES\" style=\"font-family: 'Arial','sans-serif';\">Investigadora responsable:<\/span><span lang=\"ES\" style=\"font-family: 'Arial','sans-serif';\"> Ana Lucia Lana Lemi<\/span><span lang=\"ES\" style=\"font-family: 'Arial','sans-serif';\"><br \/>\nInstituci\u00f3n: <\/span><span lang=\"ES\" style=\"font-family: 'Arial','sans-serif';\">EFLCH\/ Unifesp<\/span><span lang=\"ES\" style=\"font-family: 'Arial','sans-serif';\"><br \/>\nProceso: <\/span><span lang=\"ES\" style=\"font-family: 'Arial','sans-serif';\">2011\/ 14275-6<\/span><span lang=\"ES\" style=\"font-family: 'Arial','sans-serif';\"><br \/>\nVigencia:<\/span><span lang=\"ES\" style=\"font-family: 'Arial','sans-serif';\"> Del 01\/10\/12 al 30\/09\/16<\/span><\/p>\n<p class=\"FreeForm\" style=\"text-align: justify;\"><strong><span lang=\"ES\" style=\"font-family: 'Arial','sans-serif';\">Resonancia magn\u00e9tica nuclear de nuevos materiales complejos y avanzados en f\u00edsica de la materia condensada<\/span><\/strong><strong><span lang=\"ES\" style=\"font-family: 'Arial','sans-serif';\"><br \/>\n<\/span><\/strong><span lang=\"ES\" style=\"font-family: 'Arial','sans-serif';\">Investigador responsable:<\/span><span lang=\"ES\" style=\"font-family: 'Arial','sans-serif';\"> Ricardo Rodrigues Urbano<\/span><span lang=\"ES\" style=\"font-family: 'Arial','sans-serif';\"><br \/>\nInstituci\u00f3n:<\/span><span lang=\"ES\" style=\"font-family: 'Arial','sans-serif';\"> IFGW\/ Unicamp<\/span><span lang=\"ES\" style=\"font-family: 'Arial','sans-serif';\"><br \/>\nProceso: <\/span><span lang=\"ES\" style=\"font-family: 'Arial','sans-serif';\">2012\/ 05903-6<\/span><span lang=\"ES\" style=\"font-family: 'Arial','sans-serif';\"><br \/>\nVigencia: <\/span><span lang=\"ES\" style=\"font-family: 'Arial','sans-serif';\">Del 01\/09\/2012 al 31\/08\/2016<\/span><\/p>\n<p class=\"FreeForm\" style=\"text-align: justify;\"><strong><span lang=\"ES\" style=\"font-family: 'Arial','sans-serif';\">\u00a0<\/span><\/strong><\/p>\n","protected":false},"excerpt":{"rendered":"Proyectos contratados entre septiembre y octubre de 2012","protected":false},"author":6,"featured_media":0,"comment_status":"open","ping_status":"open","sticky":false,"template":"","format":"standard","meta":{"_acf_changed":false,"_exactmetrics_skip_tracking":false,"_exactmetrics_sitenote_active":false,"_exactmetrics_sitenote_note":"","_exactmetrics_sitenote_category":0,"footnotes":""},"categories":[182],"tags":[295,303],"coauthors":[93],"class_list":["post-72681","post","type-post","status-publish","format-standard","hentry","category-proyectos","tag-educacion","tag-financiacion"],"acf":[],"_links":{"self":[{"href":"https:\/\/revistapesquisa.fapesp.br\/es\/wp-json\/wp\/v2\/posts\/72681","targetHints":{"allow":["GET"]}}],"collection":[{"href":"https:\/\/revistapesquisa.fapesp.br\/es\/wp-json\/wp\/v2\/posts"}],"about":[{"href":"https:\/\/revistapesquisa.fapesp.br\/es\/wp-json\/wp\/v2\/types\/post"}],"author":[{"embeddable":true,"href":"https:\/\/revistapesquisa.fapesp.br\/es\/wp-json\/wp\/v2\/users\/6"}],"replies":[{"embeddable":true,"href":"https:\/\/revistapesquisa.fapesp.br\/es\/wp-json\/wp\/v2\/comments?post=72681"}],"version-history":[{"count":0,"href":"https:\/\/revistapesquisa.fapesp.br\/es\/wp-json\/wp\/v2\/posts\/72681\/revisions"}],"wp:attachment":[{"href":"https:\/\/revistapesquisa.fapesp.br\/es\/wp-json\/wp\/v2\/media?parent=72681"}],"wp:term":[{"taxonomy":"category","embeddable":true,"href":"https:\/\/revistapesquisa.fapesp.br\/es\/wp-json\/wp\/v2\/categories?post=72681"},{"taxonomy":"post_tag","embeddable":true,"href":"https:\/\/revistapesquisa.fapesp.br\/es\/wp-json\/wp\/v2\/tags?post=72681"},{"taxonomy":"author","embeddable":true,"href":"https:\/\/revistapesquisa.fapesp.br\/es\/wp-json\/wp\/v2\/coauthors?post=72681"}],"curies":[{"name":"wp","href":"https:\/\/api.w.org\/{rel}","templated":true}]}}