{"id":72749,"date":"2012-11-21T18:27:09","date_gmt":"2012-11-21T20:27:09","guid":{"rendered":"http:\/\/revistapesquisa.fapesp.br\/?p=72749"},"modified":"2012-12-21T18:32:44","modified_gmt":"2012-12-21T20:32:44","slug":"la-presencia-de-paulo-em%c3%adlio-salles-gomes","status":"publish","type":"post","link":"https:\/\/revistapesquisa.fapesp.br\/es\/la-presencia-de-paulo-em%c3%adlio-salles-gomes\/","title":{"rendered":"La presencia de Paulo Em\u00edlio Salles Gomes"},"content":{"rendered":"<div id=\"attachment_72786\" style=\"max-width: 237px\" class=\"wp-caption alignright\"><img loading=\"lazy\" decoding=\"async\" class=\"size-medium wp-image-72786\" title=\"\" src=\"http:\/\/revistapesquisa.fapesp.br\/wp-content\/uploads\/2012\/12\/088-089_Artes_201-1-227x300.jpg\" alt=\"\" width=\"227\" height=\"300\" \/><span class=\"media-credits-inline\">Fotos\u2002Reproducci\u00f3n del libro Paulo Emilio Salles Gomes \u2013 O homem que amava o cinema e n\u00f3s que o am\u00e1vamos tanto<\/span><p class=\"wp-caption-text\">Salles Gomes en la sede de la Cinemateca Brasile\u00f1a, 1975, S\u00e3o Paulo<span class=\"media-credits\">Fotos\u2002Reproducci\u00f3n del libro Paulo Emilio Salles Gomes \u2013 O homem que amava o cinema e n\u00f3s que o am\u00e1vamos tanto<\/span><\/p><\/div>\n<p>Un especial inter\u00e9s en la figura de Paulo Em\u00edlio Salles Gomes, como cr\u00edtico, investigador y docente, notorio desde su fallecimiento en 1977, cobr\u00f3 singular expresi\u00f3n este a\u00f1o. El 45\u00ba Festival de Brasilia del Cine Brasile\u00f1o lo homenaje\u00f3 con un seminario que convoc\u00f3 a cr\u00edticos, cineastas, docentes y estudiantes para un debate sobre su legado; y en simult\u00e1neo al seminario se public\u00f3 el libro organizado por Maria do Ros\u00e1rio Caetano, <em>O homem que amava o cinema e n\u00f3s que o am\u00e1vamos tanto<\/em>, una colecci\u00f3n de art\u00edculos y testimonios que confirm\u00f3 su rol central en la cultura y en la formaci\u00f3n de nuevas generaciones a partir de finales de los a\u00f1os 1950, cuando su intervenci\u00f3n cr\u00edtica logr\u00f3 una enorme repercusi\u00f3n desde su columna en el Suplemento Literario de <em>O Estado de S. Paulo<\/em>.<\/p>\n<p>En el mes de septiembre, el grupo de investigaci\u00f3n Formaci\u00f3n del Brasil Moderno, coordinado por investigadores de la Universidad Federal de R\u00edo de Janeiro (UFRJ), discuti\u00f3 sobre las reflexiones de Salles Gomes sobre la trayectoria del cine brasile\u00f1o. En el seminario de estudios anual, el grupo instal\u00f3, de ese modo, la cuesti\u00f3n del cine en su campo de interrogantes centrado en la evaluaci\u00f3n y actualizaci\u00f3n de la problem\u00e1tica desarrollada por Antonio Candido en su cl\u00e1sico libro <em>Forma\u00e7\u00e3o da literatura brasileira<\/em>, de 1959.<\/p>\n<p>En Inglaterra, profesores del King\u2019s College (Universidad de Londres), coordinados por Maite Conde, preparan un libro con una selecci\u00f3n de textos de Salles Gomes. En Brasil, se encuentra en curso la edici\u00f3n de in\u00e9ditos y la reedici\u00f3n de sus textos publicados aqu\u00ed y en el exterior, mediante un proyecto coordinado por Carlos Augusto Calil para editorial Cosac Naify, con el apoyo de la Cinemateca Brasile\u00f1a.<\/p>\n<p>Estas iniciativas revelan la amplitud de la interlocuci\u00f3n que \u00e9l logr\u00f3, a partir de su intervenci\u00f3n en la prensa, su lucha por la Cinemateca y su actividad como docente investigador. Esta \u00faltima comenz\u00f3 all\u00e1 por los a\u00f1os 1960, un momento en que el cine, en muchos pa\u00edses, se hizo con lugar acad\u00e9mico como \u00e1rea de investigaci\u00f3n. Si bien era com\u00fan que las universidades incorporaran la experiencia de los cr\u00edticos y de los historiadores ligados a las cinematecas, en el caso de la USP ocurri\u00f3 una migraci\u00f3n de la cultura de la Cinemateca brasile\u00f1a, a trav\u00e9s de los primeros profesores de cine de la ECA, en 1967, tales como Paulo Emilio Salles Gomes, Rud\u00e1 de Andrade y Jean-Claude Bernadet.<\/p>\n<div id=\"attachment_72823\" style=\"max-width: 154px\" class=\"wp-caption alignleft\"><img loading=\"lazy\" decoding=\"async\" class=\"size-medium wp-image-72823\" title=\"\" src=\"http:\/\/revistapesquisa.fapesp.br\/wp-content\/uploads\/2012\/12\/088-089_Artes_201-3-144x300.jpg\" alt=\"\" width=\"144\" height=\"300\" \/><span class=\"media-credits-inline\">Fotos\u2002Reproducci\u00f3n del libro Paulo Emilio Salles Gomes \u2013 O homem que amava o cinema e n\u00f3s que o am\u00e1vamos tanto<\/span><p class=\"wp-caption-text\">La tapa de la revista Clima y la del libro de Ruy Coelho sobre el movimiento paulista<span class=\"media-credits\">Fotos\u2002Reproducci\u00f3n del libro Paulo Emilio Salles Gomes \u2013 O homem que amava o cinema e n\u00f3s que o am\u00e1vamos tanto<\/span><\/p><\/div>\n<p>Salles Gomes estudi\u00f3 filosof\u00eda en la USP al comienzo de los a\u00f1os 1940, instancia en la que fund\u00f3 el Club de Cine de Filosof\u00eda, una iniciativa simult\u00e1nea a la fundaci\u00f3n de la revista <em>Clima<\/em> a cargo del grupo de j\u00f3venes amigos que logr\u00f3 un gran impacto en la historia de la cr\u00edtica cultural en Brasil, integrado por Antonio Candido, D\u00e9cio de Almeida Prado, Paulo Emilio Salles Gomes, Gilda de Mello e Souza, Ruy Coelho y Lourival Gomes Machado. Fue la instancia en que se configuraron las indagaciones del grupo en el plano de la historia cultural, y su pregunta por el proceso de formaci\u00f3n dirigida a distintos sectores de la cultura brasile\u00f1a, su empe\u00f1o por consolidar, en el campo del ensayo y de la investigaci\u00f3n culta, un esp\u00edritu de actualizaci\u00f3n heredado del Modernismo. Tal esp\u00edritu se expres\u00f3 m\u00e1s tarde en la fundaci\u00f3n de la Cinemateca brasile\u00f1a, en 1954, liderada por un Salles Gomes sabedor de que un archivo de filmes era la condici\u00f3n para infundirle a los estudios de cine en Brasil ese nuevo soporte, posibilitando investigaciones y actuando como centro formador. En las universidades, su esfuerzo de organizaci\u00f3n del campo se consolida y su poder unificador da vida a la investigaci\u00f3n cinematogr\u00e1fica en la USP, luego de su experiencia docente en la Universidad de Brasilia en 1964-65.<\/p>\n<p>Junto con la fuerza de su escritura que nos encanta y esclarece, Salles Gomes es una presencia singular, pues marc\u00f3 en forma notable a aqu\u00e9llos que lo conocieron. Erudici\u00f3n, sensibilidad pol\u00edtica y una rara personalidad le permitieron al intelectual aplicado una cierta forma de prestar atenci\u00f3n a situaciones concretas de la cual surgieron las s\u00edntesis m\u00e1s sagaces de que disponemos. S\u00edntesis que, partiendo del cine, alumbraron aspectos de la cultura y de la constituci\u00f3n social brasile\u00f1a. En este sentido, lo que le debemos es la afirmaci\u00f3n de un esp\u00edritu de investigaci\u00f3n tan riguroso como exhaustivo, capaz de definir un proyecto de largo alcance que hizo confluir inclinaciones particulares hacia una investigaci\u00f3n comprensiva de la cultura, articulando diferentes aspectos del trabajo intelectual: historia, cr\u00edtica y teor\u00eda. En definitiva, un auspicioso resultado de su <em>pasi\u00f3n por lo concreto<\/em>, se\u00f1alada por Gilda de Mello e Souza como su rasgo por excelencia.<\/p>\n<p><strong>Principales libros de Salles Gomes sobre cine:<\/strong><br \/>\nJean Vigo [1957], Cosac Naify, Ediciones Sesc SP, 2009; Humberto Mauro, Cataguazes, Cinearte, Perspectiva, 1974; Cinema: trajet\u00f3ria no subdesenvolvimento, Paz e Terra, 1980; Cr\u00edtica de cinema no Suplemento Liter\u00e1rio, 2 v., Paz e Terra, 1982; Paulo Emilio: um intelectual na linha de frente, Carlos Calil e Teresa Machado (orgs.), Brasiliense-Embrafilme, 1986<\/p>\n<p><em>*El comentario de Gilda de Mello e Souza se encuentra en el art\u00edculo \u201cPaulo Emilio: la cr\u00edtica como pericia\u201d, en: O Baile das quatro artes \u2013 Exerc\u00edcios de leitura (S\u00e3o Paulo, Livraria Duas Cidades, 1980).<\/em><\/p>\n","protected":false},"excerpt":{"rendered":"Un seminario, un libro y proyectos de edici\u00f3n de textos del cr\u00edtico confirman su papel central en la cultura brasile\u00f1a","protected":false},"author":224,"featured_media":0,"comment_status":"open","ping_status":"open","sticky":false,"template":"","format":"standard","meta":{"_acf_changed":false,"_exactmetrics_skip_tracking":false,"_exactmetrics_sitenote_active":false,"_exactmetrics_sitenote_note":"","_exactmetrics_sitenote_category":0,"footnotes":""},"categories":[177],"tags":[],"coauthors":[536],"class_list":["post-72749","post","type-post","status-publish","format-standard","hentry","category-artes-es"],"acf":[],"_links":{"self":[{"href":"https:\/\/revistapesquisa.fapesp.br\/es\/wp-json\/wp\/v2\/posts\/72749","targetHints":{"allow":["GET"]}}],"collection":[{"href":"https:\/\/revistapesquisa.fapesp.br\/es\/wp-json\/wp\/v2\/posts"}],"about":[{"href":"https:\/\/revistapesquisa.fapesp.br\/es\/wp-json\/wp\/v2\/types\/post"}],"author":[{"embeddable":true,"href":"https:\/\/revistapesquisa.fapesp.br\/es\/wp-json\/wp\/v2\/users\/224"}],"replies":[{"embeddable":true,"href":"https:\/\/revistapesquisa.fapesp.br\/es\/wp-json\/wp\/v2\/comments?post=72749"}],"version-history":[{"count":0,"href":"https:\/\/revistapesquisa.fapesp.br\/es\/wp-json\/wp\/v2\/posts\/72749\/revisions"}],"wp:attachment":[{"href":"https:\/\/revistapesquisa.fapesp.br\/es\/wp-json\/wp\/v2\/media?parent=72749"}],"wp:term":[{"taxonomy":"category","embeddable":true,"href":"https:\/\/revistapesquisa.fapesp.br\/es\/wp-json\/wp\/v2\/categories?post=72749"},{"taxonomy":"post_tag","embeddable":true,"href":"https:\/\/revistapesquisa.fapesp.br\/es\/wp-json\/wp\/v2\/tags?post=72749"},{"taxonomy":"author","embeddable":true,"href":"https:\/\/revistapesquisa.fapesp.br\/es\/wp-json\/wp\/v2\/coauthors?post=72749"}],"curies":[{"name":"wp","href":"https:\/\/api.w.org\/{rel}","templated":true}]}}