{"id":72995,"date":"2001-07-01T00:00:00","date_gmt":"2001-07-01T00:00:00","guid":{"rendered":"http:\/\/revistapesquisa.fapesp.br\/2001\/07\/01\/un-llamado-a-la-capacidad\/"},"modified":"2015-02-25T14:40:21","modified_gmt":"2015-02-25T17:40:21","slug":"un-llamado-a-la-capacidad","status":"publish","type":"post","link":"https:\/\/revistapesquisa.fapesp.br\/es\/un-llamado-a-la-capacidad\/","title":{"rendered":"Un llamado a la capacidad"},"content":{"rendered":"<p>Con la coordinaci\u00f3n del Ministerio de Ciencia y Tecnolog\u00eda (MCT) y de la Academia Brasile\u00f1a de Ciencias (ABC), se desarrollar\u00e1 desde ahora y hasta el mes de diciembre un amplio debate que aportar\u00e1 fundamentos consistentes para que el gobierno brasile\u00f1o trace directrices y estrategias para el sector de ciencia y tecnolog\u00eda con un horizonte de diez a\u00f1os, necesarias para un proyecto nacional de desarrollo econ\u00f3mico, social y cultural. El momento central de este debate ser\u00e1 la Conferencia Nacional de Ciencia, Tecnolog\u00eda e Innovaci\u00f3n, prevista para realizarse entre los d\u00edas 18 y 21 de septiembre en el Distrito Federal (Brasilia), con la solemne apertura en el Congreso Nacional y las dem\u00e1s sesiones en la Academia de Tenis de Brasilia.<\/p>\n<p>La conferencia ser\u00e1 precedida por seis encuentros preparatorios, las llamadas reuniones regionales, todas realizadas durante los d\u00edas 16 y 17 de agosto. En rigor, una de esas reuniones, la de S\u00e3o Paulo, tiene alcance estadual, en raz\u00f3n de la peculiar situaci\u00f3n del estado, es decir, su peso econ\u00f3mico y se grado de participaci\u00f3n en la producci\u00f3n cient\u00edfica y tecnol\u00f3gica nacional. De acuerdo con los organizadores, de los encuentros preparatorios surgir\u00edan propuestas que ser\u00edan incorporadas a los temas de la Conferencia Nacional, &#8220;basadas en las discusiones de las experiencias locales y de la diversidad de ambientes regionales y culturales que caracterizan al pa\u00eds&#8221;. Existe una fuerte expectativa en el sentido de que los debates involucren a varios segmentos: la comunidad cient\u00edfica, los empresarios, pol\u00edticos, representantes de instituciones de ense\u00f1anza e investigaci\u00f3n, de asociaciones sectoriales y del tercer sector, para que de hecho reflejen los intereses de la sociedad.<\/p>\n<p>Los grandes temas de debate son cinco. El primero de ellos, En Marcha hacia el Futuro, enfoca, de acuerdo con la divulgaci\u00f3n de MCT, la educaci\u00f3n para la ciencia, la tecnolog\u00eda y la innovaci\u00f3n, difusi\u00f3n del conocimiento, incentivo a los j\u00f3venes talentos, formaci\u00f3n de investigadores y avance del conocimiento por medio de la investigaci\u00f3n. Otro tema, Calidad de Vida, abarca las propuestas y debates sobre las contribuciones de la ciencia y la tecnolog\u00eda nacional para el aumento de la calidad de vida del ciudadano brasile\u00f1o y para el uso apropiado del patrimonio natural y cultural del pa\u00eds. El tercer tema, Desarrollo Econ\u00f3mico, comprende la generaci\u00f3n y distribuci\u00f3n de la riqueza, el crecimiento econ\u00f3mico y la superaci\u00f3n de los desequilibrios regionales apoyados en los avances de la ciencia, la tecnolog\u00eda y la innovaci\u00f3n.<\/p>\n<p>El cuarto tema, Desaf\u00edos Estrat\u00e9gicos, aborda las acciones en ciencia y tecnolog\u00eda tendientes a conocer, integrar y explorar las fronteras que a\u00fan se constituyen en obst\u00e1culos para el desarrollo y para la defensa nacional: Territorio, Amazonia, Semi\u00e1rido, Mar y Espacio Exterior, adem\u00e1s de las iniciativas de largo alcance tales como Tecnolog\u00eda de la Informaci\u00f3n, Comunicaci\u00f3n y Biotecnolog\u00eda, que tendr\u00e1ncreciente importancia durante la pr\u00f3xima d\u00e9cada. Finalmente, el tema Desaf\u00edo Institucional abarca las discusiones sobre marcos legales, acomodamientos institucionales, modelos de gesti\u00f3n y cooperaci\u00f3n e instrumentos de financiaci\u00f3n orientados al desarrollo de la investigaci\u00f3n y la innovaci\u00f3n y a la articulaci\u00f3n Estado\/Sociedad.<\/p>\n<p><strong>La contribuci\u00f3n paulista<br \/>\n<\/strong>La conferencia de S\u00e3o Paulo, seg\u00fan el presidente de la FAPESP, Carlos Henrique de Brito Cruz, que participa de la coordinaci\u00f3n del comit\u00e9 regional de la Conferencia, est\u00e1 siendo orientada a analizar todos los temas desde el punto de vista paulista. Pero tres de ellos, En Marcha hacia el Futuro, Calidad de Vida y Desarrollo Econ\u00f3mico, que son particularmente importantes en el estado, producto de la calidad de su investigaci\u00f3n acad\u00e9mica, su nivel de desarrollo y su industrializaci\u00f3n.<\/p>\n<p>Por eso mismo, S\u00e3o Paulo ofrecer\u00e1 contribuciones significativas para el debate nacional en dichas \u00e1reas. Brito Cruz agrega que &#8220;otro tema muy caro a S\u00e3o Paulo es la necesidad que el estado tiene de recibir m\u00e1s apoyo por parte del gobierno federal para la ense\u00f1anza superior&#8221;. En ese nivel, la situaci\u00f3n paulista es peculiar, pues se trata del \u00fanico estado de Brasil en el cual el gobierno estadual es el gran soporte de la ense\u00f1anza. &#8220;Necesitamos una participaci\u00f3n mayor de los recursos federales&#8221;, dice Brito Cruz.<\/p>\n<p>La conferencia de S\u00e3o Paulo se realizar\u00e1 en la Asamblea Legislativa del Estado, un local m\u00e1s que apropiado para un debate en que se manifestar\u00e1n diferentes segmentos sociales. A prop\u00f3sito de esto, la participaci\u00f3n de los empresarios, tanto en las discusiones regionales como en el evento nacional, es considerada crucial para dar solidez a las estrategias y directrices que saldr\u00e1n de la Conferencia Nacional. Es natural: el lugar por excelencia de la generaci\u00f3n de tecnolog\u00eda e innovaci\u00f3n -que en Brasil a\u00fan sigue en descomp\u00e1s con el desarrollo cient\u00edfico- es la empresa. En otras palabras, de las empresas depende la transformaci\u00f3n del conocimiento en PBI.<\/p>\n<p>Justamente con esta visi\u00f3n, el ministro de Ciencia y Tecnolog\u00eda, Ronaldo Sardenberg, reuni\u00f3 el 26 de julio a un grupo de 30 empresarios en S\u00e3o Paulo, en un desayuno en la Secretar\u00eda de Ciencia, Tecnolog\u00eda y Desarrollo Econ\u00f3mico, comandada desde junio \u00faltimo por el secretario Ruy Altenfelder. Sardenberg convoc\u00f3 a los empresarios, entre ellos al presidente de la Federaci\u00f3n de Industrias del Estado de S\u00e3o Paulo (Fiesp), Hor\u00e1cio Lafer Piva, al presidente de la Federaci\u00f3n Brasile\u00f1a de Bancos (Febraban), Gabriel Jorge Ferreira, y al presidente de la Asociaci\u00f3n Brasile\u00f1a de la Industria Electroelectr\u00f3nica (Abinee), Carlos Paiva, a participar en los debates de la Conferencia, contribuyendo con ideas y posiciones para la definici\u00f3n del documento final de un plano de desarrollo del sector de CeT para la pr\u00f3xima d\u00e9cada.<\/p>\n<p>Simult\u00e1neamente a los debates, en la Asamblea paulista, y durante los d\u00edas 16 y 17, los participantes de la conferencia regional y el p\u00fablico en general podr\u00e1n ver ejemplos concretos acerca de c\u00f3mo la investigaci\u00f3n cient\u00edfica y tecnol\u00f3gica se transforma en productos y servicios para la sociedad. Una muestra de los proyectos de los programas de Investigaci\u00f3n en Pol\u00edticas P\u00fablicas, de Ense\u00f1anza P\u00fablica y de Innovaci\u00f3n Tecnol\u00f3gica, financiados por la FAPESP, que tiene como funci\u00f3n presentar esto de la manera m\u00e1s did\u00e1ctica posible.<\/p>\n<p><strong>Del verde al blanco<br \/>\n<\/strong>La \u00faltima gran conferencia nacional sobre ciencia y tecnolog\u00eda en Brasil serealiz\u00f3 hace 16 a\u00f1os, cuando el pa\u00eds atravesaba el comienzo del proceso de redemocratizaci\u00f3n y, entre los cambios institucionales que se produjeron, surg\u00eda la creaci\u00f3n del Ministerio de Ciencia y Tecnolog\u00eda. Desde entonces, profundas transformaciones ocurrieron en el sector en el mundo entero, ya sea en t\u00e9rminos de avance del conocimiento cient\u00edfico, de las innovaciones tecnol\u00f3gicas o de la organizaci\u00f3n de la producci\u00f3n cient\u00edfica y de su inserci\u00f3n en los procesos de desarrollo econ\u00f3mico.<\/p>\n<p>Se produjeron grandes cambios tambi\u00e9n en Brasil, revelando mejor los puntos fuertes y las grandes fragilidades (por ejemplo, la insuficiencia de la transferencia del conocimiento para la sociedad) del sistema nacional de CeT. Esto justifica la necesidad de un nuevo y gran debate nacional sobre el sector, que el Ministerio de Ciencia y Tecnolog\u00eda y la Academia Brasile\u00f1a de Ciencias juntos resolvieron proponer, contando con un instrumento previo para las reflexiones: el\u00a0<em>Libro Verde<\/em>, un extenso documento de 264 p\u00e1ginas, disponible en Internet en el sitio del MCT desde mediados de julio (www.mct.gov.br).<\/p>\n<p>Si ese documento, coordinado por los investigadores Cylon Gon\u00e7alves da Silva y L\u00facia Carvalho Pinto de Melo, con base en las colaboraciones de unas 300 personas de decenas de instituciones, ofrece un extenso diagn\u00f3stico de la situaci\u00f3n brasile\u00f1a en ciencia, tecnolog\u00eda e innovaci\u00f3n, un documento de otro color, con mayor n\u00famero de colaboradores, deber\u00e1 decir qu\u00e9 es lo que Brasil pretende hacer en este campo y c\u00f3mo lo har\u00e1 durante los pr\u00f3ximos diez a\u00f1os: el\u00a0<em>Libro Blanco de la Ciencia, la Tecnolog\u00eda y la Innovaci\u00f3n<\/em>.<\/p>\n","protected":false},"excerpt":{"rendered":"Brasil va a debatir un plan estrat\u00e9gico para ciencia, tecnolog\u00eda e innovaci\u00f3n","protected":false},"author":127,"featured_media":0,"comment_status":"closed","ping_status":"closed","sticky":false,"template":"","format":"standard","meta":{"_acf_changed":false,"_exactmetrics_skip_tracking":false,"_exactmetrics_sitenote_active":false,"_exactmetrics_sitenote_note":"","_exactmetrics_sitenote_category":0,"footnotes":""},"categories":[189],"tags":[],"coauthors":[437,785],"class_list":["post-72995","post","type-post","status-publish","format-standard","hentry","category-politica-ct"],"acf":[],"_links":{"self":[{"href":"https:\/\/revistapesquisa.fapesp.br\/es\/wp-json\/wp\/v2\/posts\/72995","targetHints":{"allow":["GET"]}}],"collection":[{"href":"https:\/\/revistapesquisa.fapesp.br\/es\/wp-json\/wp\/v2\/posts"}],"about":[{"href":"https:\/\/revistapesquisa.fapesp.br\/es\/wp-json\/wp\/v2\/types\/post"}],"author":[{"embeddable":true,"href":"https:\/\/revistapesquisa.fapesp.br\/es\/wp-json\/wp\/v2\/users\/127"}],"replies":[{"embeddable":true,"href":"https:\/\/revistapesquisa.fapesp.br\/es\/wp-json\/wp\/v2\/comments?post=72995"}],"version-history":[{"count":0,"href":"https:\/\/revistapesquisa.fapesp.br\/es\/wp-json\/wp\/v2\/posts\/72995\/revisions"}],"wp:attachment":[{"href":"https:\/\/revistapesquisa.fapesp.br\/es\/wp-json\/wp\/v2\/media?parent=72995"}],"wp:term":[{"taxonomy":"category","embeddable":true,"href":"https:\/\/revistapesquisa.fapesp.br\/es\/wp-json\/wp\/v2\/categories?post=72995"},{"taxonomy":"post_tag","embeddable":true,"href":"https:\/\/revistapesquisa.fapesp.br\/es\/wp-json\/wp\/v2\/tags?post=72995"},{"taxonomy":"author","embeddable":true,"href":"https:\/\/revistapesquisa.fapesp.br\/es\/wp-json\/wp\/v2\/coauthors?post=72995"}],"curies":[{"name":"wp","href":"https:\/\/api.w.org\/{rel}","templated":true}]}}