{"id":76433,"date":"2002-11-01T00:00:00","date_gmt":"2002-11-01T00:00:00","guid":{"rendered":"http:\/\/revistapesquisa.fapesp.br\/2002\/11\/01\/ojos-en-el-cielo-y-en-la-tierra\/"},"modified":"2015-04-23T14:25:31","modified_gmt":"2015-04-23T17:25:31","slug":"ojos-en-el-cielo-y-en-la-tierra","status":"publish","type":"post","link":"https:\/\/revistapesquisa.fapesp.br\/es\/ojos-en-el-cielo-y-en-la-tierra\/","title":{"rendered":"Ojos en el cielo y en la tierra"},"content":{"rendered":"<p>El Observatorio Nacional complet\u00f3 175 a\u00f1os el pasado d\u00eda 15 de octubre. Empero, podr\u00eda haber cumplido 272 a\u00f1os. Pese a que su creaci\u00f3n oficial data de 1827, v\u00eda un decreto imperial, ya en 1730 los jesuitas instalaron un observatorio en el Morro do Castelo, en la ciudad de R\u00edo de Janeiro. Cincuenta a\u00f1os despu\u00e9s, los astr\u00f3nomos portugueses Sanches Dorta y Oliveira Barbosa erigieron otro observatorio en el mismo lugar y realizaron observaciones regulares de astronom\u00eda, meteorolog\u00eda y magnetismo terrestre.<\/p>\n<p>Con la llegada de la familia real, en 1808, el acervo fue trasladado a la Academia Real Militar. El por entonces (en 1827) Observatorio Astron\u00f3mico, dependiente del Ministerio del Imperio, era una necesidad del emperador Pedro I -\u00e9ste necesitaba de manera perentoria informaciones sobre la localizaci\u00f3n exacta de las tierras brasile\u00f1as. Entre los trabajos que ser\u00edan realizados por el nuevo organismo figuraban tambi\u00e9n recabar datos astron\u00f3micos y meteorol\u00f3gicos y capacitar en esas tareas a los ingenieros militares. Instalado en el torre\u00f3n de la Escuela Militar, poco se avanz\u00f3 durante las dos d\u00e9cadas que se siguieron.<\/p>\n<p>Hasta que en 1845, el instituto adquiri\u00f3 el nombre de Imperial Observatorio de R\u00edo de Janeiro, siendo trasladado a la Fortaleza da Concei\u00e7\u00e3o. En 1850, fue nuevamente llevado a las antiguas instalaciones de una iglesia situada en el Morro do Castelo. En 1871, el cient\u00edfico franc\u00e9s Emmanuel Liais asumi\u00f3 la jefatura del observatorio y aboc\u00f3 sus esfuerzos exclusivamente a la investigaci\u00f3n y a la prestaci\u00f3n de servicios en meteorolog\u00eda, astronom\u00eda y geof\u00edsica, y en la medici\u00f3n del tiempo y la determinaci\u00f3n de la hora. El astr\u00f3nomo belga Luis Cruls sucedi\u00f3 a Liais en 1881, y ayud\u00f3 a establecer y demarcar parte de las fronteras brasile\u00f1as.<\/p>\n<p>En 1909, el Observatorio Nacional (ON), ya con ese nombre, fue trasladado del Morro do Castelo al Morro de S\u00e3o Janu\u00e1rio, ubicado en S\u00e3o Crist\u00f3v\u00e3o, en donde permanece hasta hoy. Los servicios prestados por el ON son numerosos. Realiz\u00f3 relevamientos geof\u00edsicos del territorio nacional, del campo magn\u00e9tico terrestre y, actualmente, adem\u00e1s de las investigaciones astron\u00f3micas, genera,mantiene y difunde la hora legal brasile\u00f1a. Dio origen al Instituto Nacional de Meteorolog\u00eda, al Laboratorio Nacional de Astrof\u00edsica y la Museo de Astronom\u00eda y Ciencias Afines (Mast).<\/p>\n<p>Desde 1973 cuenta con cursos de posgrado. En la actualidad, el ON mira hacia el futuro y se encuentra abocado a la estructuraci\u00f3n de estrategias tendientes a la total revitalizaci\u00f3n y expansi\u00f3n de sus actividades.<\/p>\n","protected":false},"excerpt":{"rendered":"El Observatorio Nacional cumple 175 a\u00f1os de servicio","protected":false},"author":15,"featured_media":0,"comment_status":"closed","ping_status":"closed","sticky":false,"template":"","format":"standard","meta":{"_acf_changed":false,"_exactmetrics_skip_tracking":false,"_exactmetrics_sitenote_active":false,"_exactmetrics_sitenote_note":"","_exactmetrics_sitenote_category":0,"footnotes":""},"categories":[188],"tags":[],"coauthors":[104],"class_list":["post-76433","post","type-post","status-publish","format-standard","hentry","category-memoria-es"],"acf":[],"_links":{"self":[{"href":"https:\/\/revistapesquisa.fapesp.br\/es\/wp-json\/wp\/v2\/posts\/76433","targetHints":{"allow":["GET"]}}],"collection":[{"href":"https:\/\/revistapesquisa.fapesp.br\/es\/wp-json\/wp\/v2\/posts"}],"about":[{"href":"https:\/\/revistapesquisa.fapesp.br\/es\/wp-json\/wp\/v2\/types\/post"}],"author":[{"embeddable":true,"href":"https:\/\/revistapesquisa.fapesp.br\/es\/wp-json\/wp\/v2\/users\/15"}],"replies":[{"embeddable":true,"href":"https:\/\/revistapesquisa.fapesp.br\/es\/wp-json\/wp\/v2\/comments?post=76433"}],"version-history":[{"count":0,"href":"https:\/\/revistapesquisa.fapesp.br\/es\/wp-json\/wp\/v2\/posts\/76433\/revisions"}],"wp:attachment":[{"href":"https:\/\/revistapesquisa.fapesp.br\/es\/wp-json\/wp\/v2\/media?parent=76433"}],"wp:term":[{"taxonomy":"category","embeddable":true,"href":"https:\/\/revistapesquisa.fapesp.br\/es\/wp-json\/wp\/v2\/categories?post=76433"},{"taxonomy":"post_tag","embeddable":true,"href":"https:\/\/revistapesquisa.fapesp.br\/es\/wp-json\/wp\/v2\/tags?post=76433"},{"taxonomy":"author","embeddable":true,"href":"https:\/\/revistapesquisa.fapesp.br\/es\/wp-json\/wp\/v2\/coauthors?post=76433"}],"curies":[{"name":"wp","href":"https:\/\/api.w.org\/{rel}","templated":true}]}}