{"id":76622,"date":"2003-06-01T00:00:00","date_gmt":"2003-06-01T00:00:00","guid":{"rendered":"http:\/\/revistapesquisa.fapesp.br\/2003\/06\/01\/para-saciar-la-sed\/"},"modified":"2015-07-20T15:30:54","modified_gmt":"2015-07-20T18:30:54","slug":"para-saciar-la-sed","status":"publish","type":"post","link":"https:\/\/revistapesquisa.fapesp.br\/es\/para-saciar-la-sed\/","title":{"rendered":"Para saciar la sed"},"content":{"rendered":"<p>Jos\u00e9 Galizia Tundisi, el autor del libro\u00a0<em>\u00c1gua no S\u00e9culo XXI<\/em> , es una personalidad en la galer\u00eda de los mayores limn\u00f3logos del mundo. Se destacan tanto su rigor cient\u00edfico como profesional, y lo in\u00e9dito de su abordaje en el medio tropical y subtropical, principalmente. Como limn\u00f3logo, desarrolla investigaciones relacionadas con los mecanismos de funcionamiento de lagos, r\u00edos y azudes de\u00a0<em>as-sudd<\/em>, palabra esta \u00faltima de origen moro, que significa presa de agua especialmente. Al presentar los problemas cr\u00edticos resultantes de la acci\u00f3n humana sobre el ciclo hidrol\u00f3gico terrestre, el profesor Tundizi insiste en los alcances de \u00edndole ambiental, social y econ\u00f3mica de la gesti\u00f3n integrada y din\u00e1mica de las cuencas hidrogr\u00e1ficas, particularmente en Brasil.<\/p>\n<p>La riqueza de las informaciones puestas a disposici\u00f3n por parte del autor hace posible analizar la degradaci\u00f3n de la calidad del agua en nuestros r\u00edos, lagos, pantanos o azudes, consecuencia del vejatorio cuadro sanitario de nuestras ciudades, principalmente. Tundisi discute tambi\u00e9n los aspectos ambientales, econ\u00f3micos y sociales del uso m\u00faltiple de agua en el mundo en general, y en Brasil en particular. Presenta la armaz\u00f3n institucional y legal vigente en Brasil desde la Constituci\u00f3n de 1988, principalmente basado en la ley n\u00ba 9.433\/97 (conocida como Ley de Aguas), que organiz\u00f3 al sector de planificaci\u00f3n y gesti\u00f3n de los recursos h\u00eddricos a nivel nacional, introduciendo varios instrumentos de pol\u00edtica para el sector.<\/p>\n<p>Como hecho relevante y nuevo surgi\u00f3 la promulgaci\u00f3n de la ley federal n\u00ba 9.984\/00, que cre\u00f3 la Agencia Nacional de Aguas (ANA), el ente regulador de la utilizaci\u00f3n de las aguas de dominio federal. Tundisi, profesor titular del Departamento de Hidr\u00e1ulica y Saneamiento de la Escuela de Ingenier\u00eda de S\u00e3o Carlos de la Universidad de S\u00e3o Paulo (EESC\/USP), y presidente del Instituto Internacional de Ecolog\u00eda (IIE), enfoca temas ambientales en general, y de recursos h\u00eddricos en particular, resaltando la necesidad de un gerenciamiento integrado y din\u00e1mico de las aguas que fluyen por los r\u00edos (<em>blue water flow<\/em> ); de la aguas que se infiltran en los terrenos de la cuenca hidrogr\u00e1fica en estudio y brindan soporte para el desarrollo de la biomasa natural o cultivada (<em>green water flow<\/em> ); de las aguas subterr\u00e1neas, que alimentan las descargas de los r\u00edos durante los per\u00edodos carentes de lluvias (<em>gray water flow<\/em> ), y la reutilizaci\u00f3n del agua.<\/p>\n<p>Insiste sobre la necesidad de una organizaci\u00f3n institucional y gerencial de la oferta y del uso cada vez m\u00e1s eficiente de los espejosdel disponible, tanto en las ciudades como por parte de las industrias y en la agricultura, principalmente. El texto presentado permite por lo tanto tener una visi\u00f3n conjunta, actualizada y necesaria de la gesti\u00f3n integrada y din\u00e1mica de las aguas del mundo en general, y de Brasil en particular, y sin lugar a dudas, constituye una excelente contribuci\u00f3n para el conocimiento actualizado del tema.<\/p>\n<p>En Brasil en particular, este libro llega para llenar una gran laguna en el abordaje especializado sobre un tema antiguo, pero pol\u00e9mico, como lo es la gesti\u00f3n integrada y din\u00e1mica de las aguas, en pro del desarrollo sostenible. Este desarrollo abarca, l\u00f3gicamente, las limitaciones impuestas por el estadio actual de la tecnolog\u00eda y la organizaci\u00f3n de los tres principales sectores considerados en las \u00faltimas d\u00e9cadas en el mundo, en general: (i) el sistema pol\u00edtico o de gobierno, tambi\u00e9n denominado primer sector; (ii) las empresas, o el segundo sector, y (iii) la sociedad civil organizada, o tercer sector.<\/p>\n<p>Es evidente, por supuesto, que un mundo en el que la pobreza es end\u00e9mica estar\u00e1 siempre sujeto a cat\u00e1strofes ecol\u00f3gicas y crisis de agua, o de otra naturaleza. En Brasil en particular, aunque se ostente la mayor descarga del mundo de agua dulce en los r\u00edos, luchar por el uso cada vez m\u00e1s eficiente del agua disponible es luchar contra la pobreza, y por la vida, la salud y la comida para todos.<\/p>\n<p><em><strong>Aldo da C. Rebou\u00e7as<\/strong> es investigador del \u00c1rea de Ambiente y Recursos H\u00eddricos del Instituto de Estudios Avanzados de la Universidad de S\u00e3o Paulo (IEA\/USP)<\/em><\/p>\n<p><strong>\u00c1gua no S\u00e9culo XXI &#8211; Enfrentando a Escassez<\/strong><br \/>\nJos\u00e9 Galizia Tundisi<br \/>\nEditora RiMa \/ IIE<br \/>\n256 p\u00e1ginas<br \/>\nR$ 38,90<\/p>\n","protected":false},"excerpt":{"rendered":"Estudio resalta la necesidad de la gesti\u00f3n integrada de los r\u00edos brasile\u00f1os","protected":false},"author":174,"featured_media":0,"comment_status":"closed","ping_status":"closed","sticky":false,"template":"","format":"standard","meta":{"_acf_changed":false,"_exactmetrics_skip_tracking":false,"_exactmetrics_sitenote_active":false,"_exactmetrics_sitenote_note":"","_exactmetrics_sitenote_category":0,"footnotes":""},"categories":[190],"tags":[],"coauthors":[488],"class_list":["post-76622","post","type-post","status-publish","format-standard","hentry","category-resenas"],"acf":[],"_links":{"self":[{"href":"https:\/\/revistapesquisa.fapesp.br\/es\/wp-json\/wp\/v2\/posts\/76622","targetHints":{"allow":["GET"]}}],"collection":[{"href":"https:\/\/revistapesquisa.fapesp.br\/es\/wp-json\/wp\/v2\/posts"}],"about":[{"href":"https:\/\/revistapesquisa.fapesp.br\/es\/wp-json\/wp\/v2\/types\/post"}],"author":[{"embeddable":true,"href":"https:\/\/revistapesquisa.fapesp.br\/es\/wp-json\/wp\/v2\/users\/174"}],"replies":[{"embeddable":true,"href":"https:\/\/revistapesquisa.fapesp.br\/es\/wp-json\/wp\/v2\/comments?post=76622"}],"version-history":[{"count":0,"href":"https:\/\/revistapesquisa.fapesp.br\/es\/wp-json\/wp\/v2\/posts\/76622\/revisions"}],"wp:attachment":[{"href":"https:\/\/revistapesquisa.fapesp.br\/es\/wp-json\/wp\/v2\/media?parent=76622"}],"wp:term":[{"taxonomy":"category","embeddable":true,"href":"https:\/\/revistapesquisa.fapesp.br\/es\/wp-json\/wp\/v2\/categories?post=76622"},{"taxonomy":"post_tag","embeddable":true,"href":"https:\/\/revistapesquisa.fapesp.br\/es\/wp-json\/wp\/v2\/tags?post=76622"},{"taxonomy":"author","embeddable":true,"href":"https:\/\/revistapesquisa.fapesp.br\/es\/wp-json\/wp\/v2\/coauthors?post=76622"}],"curies":[{"name":"wp","href":"https:\/\/api.w.org\/{rel}","templated":true}]}}