{"id":76700,"date":"2003-09-01T00:00:00","date_gmt":"2003-09-01T00:00:00","guid":{"rendered":"http:\/\/revistapesquisa.fapesp.br\/2003\/09\/01\/memoria-de-lo-nuevo-2\/"},"modified":"2016-01-29T13:42:15","modified_gmt":"2016-01-29T15:42:15","slug":"memoria-de-lo-nuevo-2","status":"publish","type":"post","link":"https:\/\/revistapesquisa.fapesp.br\/es\/memoria-de-lo-nuevo-2\/","title":{"rendered":"Memoria de lo nuevo"},"content":{"rendered":"<p>Una tesis doctoral defendida en febrero en la Facultad de Arquitectura y Urbanismo de la Universidad de S\u00e3o Paulo (FAU\/ USP) reemplaza las conclusiones definitivas y potencialmente reductoras por referencias para una reflexi\u00f3n sobre la trayectoria de L\u00facio Costa. Defendida por Marcos Jos\u00e9 Carrilho, la tesis intitulada\u00a0<em>L\u00facio Costa &#8211; Patrimonio Hist\u00f3rico y Arquitectura Moderna<\/em> parte de una hip\u00f3tesis incluso conocida, que sustenta que la esencia de la arquitectura moderna brasile\u00f1a reside en la asociaci\u00f3n entre vanguardia y tradici\u00f3n, para ampliar las bases de an\u00e1lisis del legado del padre de la arquitectura moderna y del patrimonio hist\u00f3rico nacional.<\/p>\n<p>Carrilho fue dirigido por el profesor Nestor Goulart Reis Filho, tambi\u00e9n de la FAU, y particip\u00f3 en un proyecto de auxilio a la investigaci\u00f3n de Goulart sobre L\u00facio Costa.Graduado en arquitectura en Curitiba, Carrilho se mud\u00f3 a S\u00e3o Paulo en 1982, tras su aprobaci\u00f3n en un concurso del Consejo de Defensa del Patrimonio Hist\u00f3rico, Arqueol\u00f3gico, Art\u00edstico y Tur\u00edstico del Estado de S\u00e3o Paulo (Condephaat). Era inevitable depararse con la figura de L\u00facio Costa, fundador del Servicio del Patrimonio Hist\u00f3rico y Art\u00edstico Nacional (actual Iphan) junto a Rodrigo Mello de Franco Andrade, en los a\u00f1os 30. &#8220;Al margen de mi admiraci\u00f3n por L\u00facio Costa, de alguna manera yo me identificaba con \u00e9l, pues, como arquitecto, me divido entre las propuestas constructivas de la arquitectura contempor\u00e1nea y la preocupaci\u00f3n con el patrimonio hist\u00f3rico&#8221;, dice el investigador.<\/p>\n<p>Su investigaci\u00f3n aborda desde el surgimiento de la vocaci\u00f3n vanguardista brasile\u00f1a, con la Semana de Arte Moderno del 22, hasta el \u00e1pice expresivo de la arquitectura moderna, con el trazado original que L\u00facio Costa hizo para Brasilia. Carrilho resalta el car\u00e1cter parad\u00f3jico de los modernistas brasile\u00f1os, en el que tradici\u00f3n y ruptura se mezclan. Y apunta hacia la permanencia de esa paradoja en los a\u00f1os 30 y 40, cuando la producci\u00f3n intelectual brasile\u00f1a se dio bajo la tutela de un Estado conservador.<\/p>\n<p>De acuerdo con el investigador, las afinidades de L\u00facio Costa con el r\u00e9gimen de Get\u00falio Vargas lo llevaron a analizar vanguardias que tambi\u00e9n se aproximaron a ideas pol\u00edticas conservadoras: el Racionalismo Italiano y la Vanguardia Rusa. &#8220;Al compararnos con movimientos como esos, percibimos que no fue solamente el modernismo brasile\u00f1o el que trabaj\u00f3 en la b\u00fasqueda de una referencia hist\u00f3rica&#8221;, dice Carrilho.<\/p>\n<p>Precisamente en la investigaci\u00f3n del pasado L\u00facio Costa se bas\u00f3 para crear algo tan original para su tiempo. La tesis de Carrilho aborda tres aspectos del legado del arquitecto: la producci\u00f3n te\u00f3rica, el patrimonio hist\u00f3rico y su obra arquitect\u00f3nica propiamente dicha. &#8220;La obra de L\u00facio Costa es relativamente peque\u00f1a y ha sido bastante analizada, por eso procur\u00e9 encontrar caracter\u00edsticas que a\u00fan no hab\u00edan sido notadas&#8221;, afirma el investigador.Si en el terreno te\u00f3rico L\u00facio Costa contribuy\u00f3 mucho a la historia del arte brasile\u00f1o, en el de patrimonio hist\u00f3rico dej\u00f3 pensamientos claves para mucho de los que se piensa sobre conservaci\u00f3n hoy en d\u00eda. &#8220;Su inter\u00e9s por el patrimonio naci\u00f3 tempranamente. Un momento especial de ese proceso fue en 1926, cuando visit\u00f3 Diamantina&#8221;, comenta Carrilho. &#8220;Costa encontr\u00f3 una ciudad completamente intacta, y aquello fue muy importante para el trabajo de patrimonio que desarroll\u00f3 posteriormente.&#8221;<\/p>\n<p>Tambi\u00e9n los primeros proyectos arquitect\u00f3nicos eran a su modo basados en la investigaci\u00f3n del pasado colonial brasile\u00f1o. &#8220;Desde que se recibi\u00f3 en la Escuela Nacional de Bellas Artes de R\u00edo de Janeiro, Costa desarroll\u00f3 diversos proyectos de cu\u00f1o historicista, principalmente neocoloniales. Era la forma que \u00e9l encontraba para investigar&#8221;, dice Carrilho. &#8220;Algunos llegaron a ser premiados, como el de la Embajada de Argentina&#8221;.<\/p>\n<p>El momento de transformaci\u00f3n de todo ese rescate hacia aquello que se denominar\u00eda arquitectura moderna brasile\u00f1a, en la opini\u00f3n del investigador, puede ser atribuido, en el campo de las ideas, al per\u00edodo en el que L\u00facio Costa fue director de la Escuela Nacional de Bellas Artes, la misma instituci\u00f3n en la que se recibiera. &#8220;Costa impuls\u00f3 profundas alteraciones en la orientaci\u00f3n de la escuela, enfatizando el enfoque t\u00e9cnico y cient\u00edfico&#8221;, comenta. &#8220;Para Costa la ense\u00f1anza art\u00edstica deber\u00eda reforzar la armon\u00eda entre proyecto y construcci\u00f3n. La historia de la arquitectura deber\u00eda estudiarse cr\u00edticamente en lugar de aplic\u00e1rsela directamente en el proyecto.&#8221;<\/p>\n<p>En el terreno de la construcci\u00f3n, la mismo divisoria de aguas puede atribuirse al Palacio Gustavo Capanema, sede del antiguo Ministerio de Educaci\u00f3n y Salud P\u00fablica de R\u00edo, el cual en poco tiempo m\u00e1s puede convertirse en el primer edificio brasile\u00f1o en recibir el t\u00edtulo de Patrimonio de la Humanidad por parte de la Unesco. Costa incentiv\u00f3 al gobierno brasile\u00f1o a traer a Le Corbusier para desarrollar el proyecto. Aunque el maestro franco-suizo hizo el primer croquis, el proyecto ejecutado fue de autor\u00eda de un equipo brasile\u00f1o, del cual formaban parte Costa y Oscar Niemeyer.<\/p>\n<p>Para Marcos Carrilho, el Ministerio de Educaci\u00f3n fue la s\u00edntesis m\u00e1s madura de las concepciones de L\u00facio Costa, las cuales ya se hab\u00edan expresado en proyectos como el de Vila Monlevade, de 1934. En ese proyecto, realizado para un concurso organizado por Companhia Belgo-Mineira, pero nunca construido, L\u00facio Costa formul\u00f3 una de sus propuestas m\u00e1s audaces de la asociaci\u00f3n entre procedimientos constructivos tradicionales y f\u00f3rmulas de la arquitectura moderna: la construcci\u00f3n de una casa de madera (herencia de nuestro pasado colonial e interiorano) sobre una plataforma de concreto armado.<\/p>\n<p>&#8220;El proyecto habla por s\u00ed mismo, pero un an\u00e1lisis m\u00e1s atento del memorial descriptivo me hizo darme cuenta de que la ecuaci\u00f3n tradici\u00f3n-ruptura no era tan sencilla como todos siempre la evocaron, es decir: L\u00facio Costa con influencias de Le Corbusier y rescatando el pasado colonial brasile\u00f1o&#8221;, dice Carrilho. &#8220;Hay menciones a arquitectos de origen anglosaj\u00f3n, lo que nos muestra un repertorio bastante rico&#8221;, explica el investigador.<\/p>\n<p>La complejidad de la obra constructiva de L\u00facio Costa est\u00e1 tambi\u00e9n en el Museo de S\u00e3o Miguel das Miss\u00f5es, en el que el trabajo ecl\u00e9ctico del arquitecto junto con el profesional del patrimonio hist\u00f3rico se materializ\u00f3 en la construcci\u00f3n de columnas sobre resquicios de las antiguas misiones de R\u00edo Grande do Sul. Unidas por paredes de vidrios, \u00e9stas sugieren la construcci\u00f3n de un museo que, al mismo tiempo que conserva y alberga la memoria del local, no se impone como un elemento invasivo en la historia de las misiones.<\/p>\n<p>&#8220;Asimismo, el museo fue construido en un sitio que les permite a los que est\u00e1n en su interior reconstituir en su imaginaci\u00f3n el plano urban\u00edstico de las edificaciones originales&#8221;, comenta Carrilho. &#8220;L\u00facio Costa es un arquitecto que logra con un proyecto sugerir todo el trazado urban\u00edstico del entorno&#8221;. Fue as\u00ed que, en los a\u00f1os 40, Costa fue llamado por los herederos de Eduardo Guinle para construir un grupo de edificios en torno a su antigua mansi\u00f3n sin descaracterizarla. Esto en R\u00edo de Janeiro.<\/p>\n<p>El an\u00e1lisis de Carrilho sugiere diversas evocaciones del pasado nacional en la obra de L\u00facio Costa. &#8220;Incluso el trazado de Brasilia, posiblemente su dise\u00f1o m\u00e1s famoso, puede interpretarse como una remisi\u00f3n a la primera misa de los portugueses en suelo brasile\u00f1o, toda vez que dicho dise\u00f1o tiene forma de cruz.&#8221;<\/p>\n<p><strong>El Proyecto<\/strong><br \/>\nL\u00facio Costa y los Or\u00edgenes de la Arquitectura Moderna y del Patrimonio Hist\u00f3rico (<a href=\"http:\/\/www.bv.fapesp.br\/pt\/auxilios\/6064\/lucio-costa-e-as-origens-da-arquitetura-moderna-e-do-patrimonio-historico\/\" target=\"_blank\">n\u00ba 01\/06206-2<\/a>);\u00a0<strong>Modalidad\u00a0<\/strong>L\u00ednea regular de auxilio a la investigaci\u00f3n; <strong>Coordinador\u00a0<\/strong>Nestor Goulart Reis Filho &#8211; FAU\/USP;\u00a0<strong>Inversi\u00f3n\u00a0<\/strong>R$ 1.507,80<\/p>\n","protected":false},"excerpt":{"rendered":"Una tesis analiza los conceptos de patrimonio hist\u00f3rico de L\u00facio Costa","protected":false},"author":171,"featured_media":0,"comment_status":"closed","ping_status":"closed","sticky":false,"template":"","format":"standard","meta":{"_acf_changed":false,"_exactmetrics_skip_tracking":false,"_exactmetrics_sitenote_active":false,"_exactmetrics_sitenote_note":"","_exactmetrics_sitenote_category":0,"footnotes":""},"categories":[187],"tags":[],"coauthors":[486],"class_list":["post-76700","post","type-post","status-publish","format-standard","hentry","category-humanidades-es"],"acf":[],"_links":{"self":[{"href":"https:\/\/revistapesquisa.fapesp.br\/es\/wp-json\/wp\/v2\/posts\/76700","targetHints":{"allow":["GET"]}}],"collection":[{"href":"https:\/\/revistapesquisa.fapesp.br\/es\/wp-json\/wp\/v2\/posts"}],"about":[{"href":"https:\/\/revistapesquisa.fapesp.br\/es\/wp-json\/wp\/v2\/types\/post"}],"author":[{"embeddable":true,"href":"https:\/\/revistapesquisa.fapesp.br\/es\/wp-json\/wp\/v2\/users\/171"}],"replies":[{"embeddable":true,"href":"https:\/\/revistapesquisa.fapesp.br\/es\/wp-json\/wp\/v2\/comments?post=76700"}],"version-history":[{"count":0,"href":"https:\/\/revistapesquisa.fapesp.br\/es\/wp-json\/wp\/v2\/posts\/76700\/revisions"}],"wp:attachment":[{"href":"https:\/\/revistapesquisa.fapesp.br\/es\/wp-json\/wp\/v2\/media?parent=76700"}],"wp:term":[{"taxonomy":"category","embeddable":true,"href":"https:\/\/revistapesquisa.fapesp.br\/es\/wp-json\/wp\/v2\/categories?post=76700"},{"taxonomy":"post_tag","embeddable":true,"href":"https:\/\/revistapesquisa.fapesp.br\/es\/wp-json\/wp\/v2\/tags?post=76700"},{"taxonomy":"author","embeddable":true,"href":"https:\/\/revistapesquisa.fapesp.br\/es\/wp-json\/wp\/v2\/coauthors?post=76700"}],"curies":[{"name":"wp","href":"https:\/\/api.w.org\/{rel}","templated":true}]}}