{"id":78089,"date":"2004-07-01T00:00:00","date_gmt":"2004-07-01T00:00:00","guid":{"rendered":"http:\/\/revistapesquisa.fapesp.br\/2004\/07\/01\/la-luz-del-genio\/"},"modified":"2015-04-30T12:55:41","modified_gmt":"2015-04-30T15:55:41","slug":"la-luz-del-genio","status":"publish","type":"post","link":"https:\/\/revistapesquisa.fapesp.br\/es\/la-luz-del-genio\/","title":{"rendered":"La luz del genio"},"content":{"rendered":"<p>La fascinaci\u00f3n que la luz ha ejercido siempre sobre el hombre conquist\u00f3 su mejor traducci\u00f3n hace 300 a\u00f1os. El f\u00edsico ingl\u00e9s Isaac Newton (1642-1727) public\u00f3 en 1704 su\u00a0<em>\u00d3ptica: o un tratado de las reflexiones, refracciones, inflexiones y colores de la luz<\/em> (<em>Optiks: or, a treatise of the reflexions, refractions, inflexions and colours of light<\/em>, seg\u00fan su t\u00edtulo original en ingl\u00e9s). El libro fue un hito, una divisoria de aguas para la \u00f3ptica. &#8220;Tras su publicaci\u00f3n era posible encontrar una explicaci\u00f3n plausible para la mayor\u00eda de los fen\u00f3menos \u00f3pticos, e incluso aprender sobre fen\u00f3menos nunca antes comentados&#8221;, explica el f\u00edsico Vanderlei Bagnato, del Centro de Investigaci\u00f3n en \u00d3ptica y Fot\u00f3nica del Instituto de F\u00edsica de S\u00e3o Carlos de la Universidad de S\u00e3o Paulo (USP).<\/p>\n<p>Newton ya hab\u00eda publicado en 1687 una obra fundamental para la matem\u00e1tica:\u00a0<em>Principios matem\u00e1ticos de la filosof\u00eda natural<\/em>, conocida por su primer nombre en lat\u00edn,\u00a0<em>Principia<\/em>, plagada de f\u00f3rmulas y figuras geom\u00e9tricas. No obstante,\u00a0<em>\u00d3ptica<\/em> sigue el camino inverso: fue publicado primero en ingl\u00e9s en lugar de en lat\u00edn, la lengua culta de la \u00e9poca, y la mayor parte de las figuras que aparecen son descripciones de experiencias y observaciones.<\/p>\n<p>Newton aborda principalmente los fen\u00f3menos de la reflexi\u00f3n y la refracci\u00f3n de la luz, la descomposici\u00f3n de la luz blanca en el espectro al atravesar un prisma, los colores de los cuerpos naturales, el arco iris, el telescopio reflector, los colores producidos por los cuerpos transparentes y delgados y espesos y la difracci\u00f3n de la luz, entre otros estudios. La base de la teor\u00eda de Newton era la naturaleza corpuscular de la luz. &#8220;Siendo el fundador de la mec\u00e1nica moderna, era natural que Newton procurase entender los fen\u00f3menos luminosos a trav\u00e9s de las leyes de la mec\u00e1nica, que opera con corp\u00fasculos de masa&#8221;, dice Bagnato.<\/p>\n<p>Esta idea chocaba de lleno contra la teor\u00eda del tambi\u00e9n f\u00edsico y matem\u00e1tico holand\u00e9s Christiaan Huygens (1629-1695), para quien la luz se propagaba por ondas. Ninguna de las dos teor\u00edas prob\u00f3 estar totalmente en lo cierto, aunque Huygens parece haber llegado m\u00e1s cerca de la verdad. A Newton nunca le agradaron las pol\u00e9micas. Cuando public\u00f3 su primer art\u00edculo sobre la luz y los colores, en 1672, hubo una intensa controversia en el medio cient\u00edfico, de la cual participaron adem\u00e1s de Huygens, el astr\u00f3nomo John Flamsteed (1646-1719) y, principalmente, el f\u00edsico Robert Hooke (1635-1703).<\/p>\n<p>&#8220;Esta reacci\u00f3n hizo que Newton se cerrase, y en trabajos posteriores raramente volvi\u00f3 a exponerse de manera tan abierta y franca como en ese primer art\u00edculo&#8221;, comenta el f\u00edsico Andr\u00e9 Koch Torres Assis, de la Universidad Estadual de Campinas (Unicamp), traductor de\u00a0<em>\u00d3ptica<\/em> (Edusp, 294 p\u00e1ginas) al portugu\u00e9s. El libro fue publicado 32 a\u00f1os despu\u00e9s de la pol\u00e9mica, pasado un a\u00f1o de la muerte de Hooke, su principal cr\u00edtico.<\/p>\n<p>Newton ten\u00eda por ese entonces 62 a\u00f1os, aunque hab\u00eda creado las teor\u00edas a los 23. &#8220;Este libro contin\u00faa siendo tan importante hoy en d\u00eda como cuando se lo public\u00f3&#8221;, sostiene Assis. La cuesti\u00f3n central es el estudio da luz, pero hay all\u00ed tambi\u00e9n consideraciones sobre el metabolismo y la fisiolog\u00eda, sobre c\u00f3mo realizar experimentos, de filosof\u00eda, del vac\u00edo y del \u00e9ter, de las visi\u00f3n y de los sentidos, entre otros temas. &#8220;<em>\u00d3ptica<\/em> deber\u00eda incluso utilizarse como punto de partida para una an\u00e1lisis y una reflexi\u00f3n sobre la interdisciplinariedad en la ense\u00f1anza de la f\u00edsica&#8221;, sugiere Assis. &#8220;El libro llega a su 300\u00ba aniversario tan s\u00f3lido como cuando fue concebido&#8221;, coincide Bagnato.<\/p>\n","protected":false},"excerpt":{"rendered":"El libro de Newton cumple 300 a\u00f1os, y sigue siendo tan importante como cuando sali\u00f3","protected":false},"author":151,"featured_media":0,"comment_status":"closed","ping_status":"closed","sticky":false,"template":"","format":"standard","meta":{"_acf_changed":false,"_exactmetrics_skip_tracking":false,"_exactmetrics_sitenote_active":false,"_exactmetrics_sitenote_note":"","_exactmetrics_sitenote_category":0,"footnotes":""},"categories":[188],"tags":[],"coauthors":[465],"class_list":["post-78089","post","type-post","status-publish","format-standard","hentry","category-memoria-es"],"acf":[],"_links":{"self":[{"href":"https:\/\/revistapesquisa.fapesp.br\/es\/wp-json\/wp\/v2\/posts\/78089","targetHints":{"allow":["GET"]}}],"collection":[{"href":"https:\/\/revistapesquisa.fapesp.br\/es\/wp-json\/wp\/v2\/posts"}],"about":[{"href":"https:\/\/revistapesquisa.fapesp.br\/es\/wp-json\/wp\/v2\/types\/post"}],"author":[{"embeddable":true,"href":"https:\/\/revistapesquisa.fapesp.br\/es\/wp-json\/wp\/v2\/users\/151"}],"replies":[{"embeddable":true,"href":"https:\/\/revistapesquisa.fapesp.br\/es\/wp-json\/wp\/v2\/comments?post=78089"}],"version-history":[{"count":0,"href":"https:\/\/revistapesquisa.fapesp.br\/es\/wp-json\/wp\/v2\/posts\/78089\/revisions"}],"wp:attachment":[{"href":"https:\/\/revistapesquisa.fapesp.br\/es\/wp-json\/wp\/v2\/media?parent=78089"}],"wp:term":[{"taxonomy":"category","embeddable":true,"href":"https:\/\/revistapesquisa.fapesp.br\/es\/wp-json\/wp\/v2\/categories?post=78089"},{"taxonomy":"post_tag","embeddable":true,"href":"https:\/\/revistapesquisa.fapesp.br\/es\/wp-json\/wp\/v2\/tags?post=78089"},{"taxonomy":"author","embeddable":true,"href":"https:\/\/revistapesquisa.fapesp.br\/es\/wp-json\/wp\/v2\/coauthors?post=78089"}],"curies":[{"name":"wp","href":"https:\/\/api.w.org\/{rel}","templated":true}]}}