{"id":78605,"date":"2004-11-01T10:10:00","date_gmt":"2004-11-01T13:10:00","guid":{"rendered":"http:\/\/revistapesquisa.fapesp.br\/2004\/11\/01\/la-aventura-del-conocimiento\/"},"modified":"2015-07-17T17:15:31","modified_gmt":"2015-07-17T20:15:31","slug":"la-aventura-del-conocimiento","status":"publish","type":"post","link":"https:\/\/revistapesquisa.fapesp.br\/es\/la-aventura-del-conocimiento\/","title":{"rendered":"La aventura del conocimiento"},"content":{"rendered":"<p><a href=\"http:\/\/revistapesquisa.fapesp.br\/es\/2004\/11\/01\/la-aventura-del-conocimiento\/aventura-do-conhecimento-4\/\" rel=\"attachment wp-att-98208\"><img loading=\"lazy\" decoding=\"async\" class=\"alignright size-full wp-image-98208\" title=\"\" src=\"http:\/\/revistapesquisa.fapesp.br\/wp-content\/uploads\/2004\/11\/aventura-do-conhecimento2.jpg\" alt=\"\" width=\"160\" height=\"118\" srcset=\"https:\/\/revistapesquisa.fapesp.br\/wp-content\/uploads\/2004\/11\/aventura-do-conhecimento2.jpg 160w, https:\/\/revistapesquisa.fapesp.br\/wp-content\/uploads\/2004\/11\/aventura-do-conhecimento2-120x89.jpg 120w\" sizes=\"auto, (max-width: 160px) 100vw, 160px\" \/><span class=\"media-credits-inline\">miguel boyayan<\/span><\/a>La noche del d\u00eda 27 de octubre los brasile\u00f1os miraron hacia el cielo para ver un eclipse lunar. Ese experimento colectivo de observaci\u00f3n astron\u00f3mica correspondi\u00f3 al cierre de la primera Semana Nacional de Ciencia y Tecnolog\u00eda. En el Memorial Maria Arag\u00e3o, con sede en el estado de Maranh\u00e3o, m\u00e1s de dos mil personas pudieron ver la sombra de la Tierra proyectada en la Luna en ocho puntos de observaci\u00f3n habilitados por la Asociaci\u00f3n de Astr\u00f3nomos Amateurs de Maranh\u00e3o. En la Zona Cero, ubicada en Macap\u00e1, 4 mil personas presenciaron el fen\u00f3meno con la ayuda de telescopios, bin\u00f3culos y &#8211; con ayuda de un cielo claro &#8211; hasta a simple vista.<\/p>\n<p>El experimento, conocido como &#8220;Brasil mira hacia el cielo&#8221;, se repiti\u00f3 en el Planetario del Parque Ibirapuera de S\u00e3o Paulo, en el Museo de Astronom\u00eda y Ciencias Afines (Mast) de R\u00edo de Janeiro, en la Universidad Federal de Esp\u00edrito Santo y hasta en la aldea guaran\u00ed Piraquara de Curitiba. La semana fue un \u00e9xito, de acuerdo con la evaluaci\u00f3n del Ministerio de Ciencia y Tecnolog\u00eda (MCT), responsable de la organizaci\u00f3n. Fueron m\u00e1s de 1.800 eventos en 252 localidades brasile\u00f1as, realizados entre los d\u00edas 18 y 22 de octubre. Al menos 300 universidades, laboratorios, institutos de investigaci\u00f3n y museos abrieron sus puertas al p\u00fablico. Alrededor de 130 mil personas, seg\u00fan las cuentas del MCT, asistieron a las charlas y participaron en talleres y visitas monitoreadas, en las cuales se fusionaban ciencia, cultura y arte.<\/p>\n<p>El evento, creado por decreto presidencial en junio pasado, tuvo por objeto difundir y popularizar la ciencia, y se repetir\u00eda todos los a\u00f1os, siempre en el mes de octubre. &#8220;Analizaremos los errores cometidos, corregiremos las fallas y ampliaremos el tama\u00f1o del evento, como miras a que participen mil localidades brasile\u00f1as el a\u00f1o que viene&#8221;, dice Ildeu de Camargo Moreira, director del Departamento de Popularizaci\u00f3n y Divulgaci\u00f3n de la Ciencia, de la Secretar\u00eda de Ciencia y Tecnolog\u00eda para la Inclusi\u00f3n Social del MCT.<\/p>\n<p>Muchas de esas actividades se llevaron a cabo en escuelas y lugares p\u00fablicos. Cient\u00edficos del Centro Brasile\u00f1o de Investigaciones F\u00edsicas y de Ciencias del Estado de R\u00edo de Janeiro, de la Fundaci\u00f3n Oswaldo Cruz, del Instituto Vital Brasil y del Museo de Astronom\u00eda y Ciencias Afines, por ejemplo, literalmente acamparon en la Estaci\u00f3n Central de Brasil, en R\u00edo de Janeiro. Ni\u00f1os, j\u00f3venes y adultos hicieron cola para aprender a extraer mol\u00e9culas de ADN de una fresa, tuvieron clases de electricidad y aprendieron nociones de movimiento y velocidad. El d\u00eda 23, centenas de personas hicieron un viaje en tren entre la Central de Brasil y Nova Iguaz\u00fa, en la Bajada Fluminense, en compa\u00f1\u00eda del astronauta brasile\u00f1o Marcos C\u00e9sar Pontes.<\/p>\n<p>Mientras tanto, un grupo de estudiantes recorr\u00eda la Senda Hist\u00f3rica en el Instituto de Investigaci\u00f3n del Jard\u00edn Bot\u00e1nico, para conocer desde las edificaciones hist\u00f3ricas de la \u00e9poca del Imperio hasta las colecciones bot\u00e1nicas representativas de los ecosistemas brasile\u00f1os.<\/p>\n<p><strong>F\u00fatbol de robots<br \/>\n<\/strong>En Recife, capital de Pernambuco, centenares de personas se hicieron presentes en la Zona Cero para ver la r\u00e9plica del cohete Sonda II, construido en una proporci\u00f3n tres veces menor que el original, y conocer robots inteligentes hechos con base en esqueletos de artefactos electroeletr\u00f3nicos, entre otras novedades. La muestra cont\u00f3 con el apoyo de 41 instituciones, entre universidades y fundaciones. En el estado de Acre, un seminario mostr\u00f3 de qu\u00e9 manera la Ciencia y la Tecnolog\u00eda puede auxiliar al agronegocio, y en Tocantins la semana se dedic\u00f3 al estudio de las matem\u00e1ticas. En Amazonas, la Fundaci\u00f3n de Amparo a la Investigaci\u00f3n del Estado de Amazonas (Fapeam, sigla en portugu\u00e9s) moviliz\u00f3 a investigadores, docentes y estudiantes en actividades de educaci\u00f3n ind\u00edgena, por medio de seminarios itinerantes en varias localidades ribere\u00f1as.<\/p>\n<p>Baur\u00fa, localidad del interior en S\u00e3o Paulo, realiz\u00f3 la segunda competencia internacional de f\u00fatbol de robots, promovida por el Institute of Electrical and Electronics Engineers de Estados Unidos. Participaron en el evento 26 equipos de cuatro pa\u00edses. El equipo de la Universidad Federal de R\u00edo Grande do Sul (UFRGS) venci\u00f3 todos los cotejos que disput\u00f3, convirti\u00e9ndose as\u00ed campe\u00f3n invicto de la competencia.<\/p>\n<p><strong>FAPESP.Indica<br \/>\n<\/strong>La FAPESP particip\u00f3 en la coordinaci\u00f3n de la primera Semana de Ciencia y Tecnolog\u00eda en S\u00e3o Paulo. &#8220;Pudimos medir la importancia del evento en los diferentes n\u00facleos y centros de investigaci\u00f3n&#8221;, dijo Carlos Vogt, presidente de la Fundaci\u00f3n.Simult\u00e1neamente a las actividades organizadas por los Centros de Investigaci\u00f3n, Innovaci\u00f3n y Difusi\u00f3n (Cepid), la FAPESP lanz\u00f3 el d\u00eda 18 de octubre el sitio FAPESP. Indica, una p\u00e1gina sin paralelo en Brasil que ayudar\u00e1 a investigadores, gestores y otros interesados en la consulta de informaciones para la producci\u00f3n y an\u00e1lisis de indicadores de ciencia, tecnolog\u00eda e innovaci\u00f3n (CT&amp;I).<\/p>\n<p>Este sitio re\u00fane sistemas de informaci\u00f3n especializados, nacionales e internacionales. El nuevo servicio abarca decenas de pa\u00edses, divididos regionalmente o en bloques, como la Uni\u00f3n Europea (UE) o la Organizaci\u00f3n para la Cooperaci\u00f3n y el Desarrollo Econ\u00f3mico (OCDE). &#8220;Ese radio acci\u00f3n internacional representa un importante paso para la organizaci\u00f3n de un conjunto de informaciones relativas a otros pa\u00edses y escenarios que permitir\u00e1n una visi\u00f3n m\u00e1s cr\u00edtica para el desarrollo del sector en Brasil&#8221;, dice Vogt.<\/p>\n","protected":false},"excerpt":{"rendered":"M\u00e1s de 1.800 eventos le dan marco a la Semana Nacional de Ciencia y Tecnolog\u00eda\r\n","protected":false},"author":6,"featured_media":0,"comment_status":"closed","ping_status":"closed","sticky":false,"template":"","format":"standard","meta":{"_acf_changed":false,"_exactmetrics_skip_tracking":false,"_exactmetrics_sitenote_active":false,"_exactmetrics_sitenote_note":"","_exactmetrics_sitenote_category":0,"footnotes":""},"categories":[189],"tags":[],"coauthors":[93],"class_list":["post-78605","post","type-post","status-publish","format-standard","hentry","category-politica-ct"],"acf":[],"_links":{"self":[{"href":"https:\/\/revistapesquisa.fapesp.br\/es\/wp-json\/wp\/v2\/posts\/78605","targetHints":{"allow":["GET"]}}],"collection":[{"href":"https:\/\/revistapesquisa.fapesp.br\/es\/wp-json\/wp\/v2\/posts"}],"about":[{"href":"https:\/\/revistapesquisa.fapesp.br\/es\/wp-json\/wp\/v2\/types\/post"}],"author":[{"embeddable":true,"href":"https:\/\/revistapesquisa.fapesp.br\/es\/wp-json\/wp\/v2\/users\/6"}],"replies":[{"embeddable":true,"href":"https:\/\/revistapesquisa.fapesp.br\/es\/wp-json\/wp\/v2\/comments?post=78605"}],"version-history":[{"count":0,"href":"https:\/\/revistapesquisa.fapesp.br\/es\/wp-json\/wp\/v2\/posts\/78605\/revisions"}],"wp:attachment":[{"href":"https:\/\/revistapesquisa.fapesp.br\/es\/wp-json\/wp\/v2\/media?parent=78605"}],"wp:term":[{"taxonomy":"category","embeddable":true,"href":"https:\/\/revistapesquisa.fapesp.br\/es\/wp-json\/wp\/v2\/categories?post=78605"},{"taxonomy":"post_tag","embeddable":true,"href":"https:\/\/revistapesquisa.fapesp.br\/es\/wp-json\/wp\/v2\/tags?post=78605"},{"taxonomy":"author","embeddable":true,"href":"https:\/\/revistapesquisa.fapesp.br\/es\/wp-json\/wp\/v2\/coauthors?post=78605"}],"curies":[{"name":"wp","href":"https:\/\/api.w.org\/{rel}","templated":true}]}}