{"id":80566,"date":"2006-06-01T00:00:00","date_gmt":"2006-06-01T00:00:00","guid":{"rendered":"http:\/\/revistapesquisa.fapesp.br\/2006\/06\/01\/el-alienista\/"},"modified":"2015-05-04T17:05:35","modified_gmt":"2015-05-04T20:05:35","slug":"el-alienista","status":"publish","type":"post","link":"https:\/\/revistapesquisa.fapesp.br\/es\/el-alienista\/","title":{"rendered":"El alienista"},"content":{"rendered":"<p>Un joven m\u00e9dico de Salvador fue el primer divulgador, en Brasil, de los trabajos un tanto diferentes de otro m\u00e9dico, de Viena. Seg\u00fan los relatos disponibles hoy, Juliano Moreira expuso para alumnos de la Facultad de Medicina de Bahia las novedades a\u00fan controvertidas de Sigmund Freud en 1899. El amigo y tambi\u00e9n m\u00e9dico adem\u00e1s de pol\u00edtico y escritor \u00a0Afr\u00e2nio Peixoto hizo referencia al hecho en 1933, en el homenaje pos-mortem de Moreira: Freud, novedad de hoy, hace 30 a\u00f1os era estudiado por \u00e9l [Juliano Moreira] en Bahia. Ronaldo Jacobina, investigador de la Universidad Federal de Bahia y conocedor de la vida y obra de Moreira, dice: Los 30 a\u00f1os es una referencia aproximada, puede ser 1903, 1900 o hasta el 1899.\u00a0Quien habla de este \u00faltimo a\u00f1o, antes, por lo tanto, de la publicaci\u00f3n de la Interpretaci\u00f3n de los sue\u00f1os, es Mariazilda Perestrello, citando como fuente primaria al psicoanalista Danilo Perestrello. A\u00f1os despu\u00e9s, en 1914, Moreira hizo una comunicaci\u00f3n oficial sobre psicoan\u00e1lisis a la Sociedad Brasile\u00f1a de Neurolog\u00eda, Psiquiatr\u00eda y Medicina Legal. Fueron los 150 a\u00f1os del nacimiento de Freud, conmemorados en mayo, que trajeron a tono esa primera citaci\u00f3n relativa al psicoan\u00e1lisis en Brasil.<\/p>\n<p>Juliano Moreira (1873-1933) es un caso excepcional en la medicina brasile\u00f1a. Era mestizo, pobre, del nordeste del pa\u00eds, enfermo adquiri\u00f3 tuberculosis tempranamente e hijo de una empleada dom\u00e9stica y de un funcionario municipal, que lo reconoci\u00f3 tard\u00edamente, de acuerdo con F\u00e1tima Vasconcellos, psiquiatra carioca, ex-presidente de la Asociaci\u00f3n de Psiquiatr\u00eda de R\u00edo de Janeiro y autora de una disertaci\u00f3n sobre \u00e9l. Fue extremamente precoz, inteligente y determinado: entr\u00f3 en la Facultad de Medicina de Bahia a los 13 a\u00f1os, lo que era permitido a los alumnos excelentes de la \u00e9poca, y se\u00a0 gradu\u00f3 a los 18, en 1891, con la tesis Etiolog\u00eda de la s\u00edfilis maligna precoz.<\/p>\n<p>En 1900, la segunda vez que fue a Europa, conoci\u00f3 laboratorios e investigadores de varios pa\u00edses ligados a la psiquiatr\u00eda, la dermatolog\u00eda y a estudios sobre la s\u00edfilis, de acuerdo con Ana Maria Oda, de la Universidad Estadual de Campinas, tambi\u00e9n estudiosa del asunto. En 1903, se torn\u00f3 director del Hospicio Nacional de Alienados, en R\u00edo de Janeiro.<\/p>\n<p>En los 27 a\u00f1os en que estuvo al frente de la instituci\u00f3n, Moreira constituy\u00f3 la psiquiatr\u00eda como especialidad m\u00e9dica en Brasil con ideas y pr\u00e1cticas nuevas. Inspirado en la Cl\u00ednica de Munich, dirigida por Emil Kraepelin, aboli\u00f3 las camisas de fuerza y retir\u00f3 las rejas de hierro de las ventanas. Separ\u00f3 a los adultos y los ni\u00f1os internados, instal\u00f3 un laboratorio de anatom\u00eda patol\u00f3gica y de an\u00e1lisis bioqu\u00edmicas. Trajo para el cuerpo cl\u00ednico neuropsiquiatras, especialistas de cl\u00ednica m\u00e9dica, de pediatr\u00eda, de oftalmolog\u00eda, de ginecolog\u00eda y de odontolog\u00eda y coloc\u00f3 en pie a la escuela para la formaci\u00f3n de enfermeros psiqui\u00e1tricos. Public\u00f3 m\u00e1s de cien trabajos. Influy\u00f3 en la legislaci\u00f3n para mejorar la asistencia a los enfermos. Fue co-fundador de peri\u00f3dicos m\u00e9dicos e instituciones como la Sociedad Brasile\u00f1a de Psiquiatr\u00eda, Neurolog\u00eda y Ciencias Afines y presidi\u00f3 la Academia Brasile\u00f1a de Ciencias en donde recibi\u00f3 a Albert Einstein en 1925 \u00a0y fue vicepresidente de la Academia Nacional de Medicina.<\/p>\n<p>Pero, antes que todo, Juliano Moreira fue m\u00e9dico. \u00c9l dec\u00eda que el alienado deber\u00eda ser tratado como cualquier otro enfermo, lo que demostraba su falta de prejuicio en relaci\u00f3n a la enfermedad mental, concluye F\u00e1tima Vasconcellos.<\/p>\n","protected":false},"excerpt":{"rendered":"Juliano Moreira fue el primero en divulgar Freud en Brasil y en transformar la psiquiatr","protected":false},"author":151,"featured_media":0,"comment_status":"closed","ping_status":"closed","sticky":false,"template":"","format":"standard","meta":{"_acf_changed":false,"_exactmetrics_skip_tracking":false,"_exactmetrics_sitenote_active":false,"_exactmetrics_sitenote_note":"","_exactmetrics_sitenote_category":0,"footnotes":""},"categories":[188],"tags":[],"coauthors":[465],"class_list":["post-80566","post","type-post","status-publish","format-standard","hentry","category-memoria-es"],"acf":[],"_links":{"self":[{"href":"https:\/\/revistapesquisa.fapesp.br\/es\/wp-json\/wp\/v2\/posts\/80566","targetHints":{"allow":["GET"]}}],"collection":[{"href":"https:\/\/revistapesquisa.fapesp.br\/es\/wp-json\/wp\/v2\/posts"}],"about":[{"href":"https:\/\/revistapesquisa.fapesp.br\/es\/wp-json\/wp\/v2\/types\/post"}],"author":[{"embeddable":true,"href":"https:\/\/revistapesquisa.fapesp.br\/es\/wp-json\/wp\/v2\/users\/151"}],"replies":[{"embeddable":true,"href":"https:\/\/revistapesquisa.fapesp.br\/es\/wp-json\/wp\/v2\/comments?post=80566"}],"version-history":[{"count":0,"href":"https:\/\/revistapesquisa.fapesp.br\/es\/wp-json\/wp\/v2\/posts\/80566\/revisions"}],"wp:attachment":[{"href":"https:\/\/revistapesquisa.fapesp.br\/es\/wp-json\/wp\/v2\/media?parent=80566"}],"wp:term":[{"taxonomy":"category","embeddable":true,"href":"https:\/\/revistapesquisa.fapesp.br\/es\/wp-json\/wp\/v2\/categories?post=80566"},{"taxonomy":"post_tag","embeddable":true,"href":"https:\/\/revistapesquisa.fapesp.br\/es\/wp-json\/wp\/v2\/tags?post=80566"},{"taxonomy":"author","embeddable":true,"href":"https:\/\/revistapesquisa.fapesp.br\/es\/wp-json\/wp\/v2\/coauthors?post=80566"}],"curies":[{"name":"wp","href":"https:\/\/api.w.org\/{rel}","templated":true}]}}