{"id":80663,"date":"2006-10-01T00:00:00","date_gmt":"2006-10-01T00:00:00","guid":{"rendered":"http:\/\/revistapesquisa.fapesp.br\/2006\/10\/01\/recuerdos-fugaces\/"},"modified":"2013-01-11T16:12:47","modified_gmt":"2013-01-11T18:12:47","slug":"recuerdos-fugaces","status":"publish","type":"post","link":"https:\/\/revistapesquisa.fapesp.br\/es\/recuerdos-fugaces\/","title":{"rendered":"Recuerdos fugaces"},"content":{"rendered":"<p>El 14 de diciembre de 2004 sali\u00f3 del laboratorio de la bioqu\u00edmica V\u00e2nia Ferreira Prado, en la Universidad Federal de Minas Gerais (UFMG), el primer lote de un grupo especial de roedores: ratones dom\u00e9sticos gen\u00e9ticamente alterados para que no aprovecharan con eficiencia la acetilcolina, uno de los mensajeros qu\u00edmicos responsables por la transmisi\u00f3n del comando de una c\u00e9lula nerviosa a otra. Desarrollados por V\u00e2nia y su marido, el farmac\u00e9utico Marco Antonio Prado, los roedores fueron a parar al laboratorio del neurocient\u00edfico Iv\u00e1n Izquierdo, en la Pontificia Universidad Cat\u00f3lica de R\u00edo Grande do Sul (PUC-RS), donde pasaron por una serie de ex\u00e1menes de memoria.<\/p>\n<p>Incapaces de liberar r\u00e1pidamente la acetilcolina que fabrican, estos ratones dom\u00e9sticos presentan problemas de memoria y debilidad muscular. Ellos no reconocen objetos ni a otros roedores a los que fueron presentados minutos antes. Tambi\u00e9n resisten menos al esfuerzo f\u00edsico: caen exhaustos despu\u00e9s de\u00a0 cinco minutos de carrera, mientras que los ratones normales consiguen correr en una estera durante casi una hora, como mostraron experimentos hechos por los grupos de\u00a0 Izquierdo y de la pareja Prado, descriptos en un art\u00edculo de la edici\u00f3n de septiembre de la revista <em>Neuron<\/em>. &#8220;Logramos producir animales que pueden ayudar a entender de modo m\u00e1s preciso la importancia de la acetilcolina para el funcionamiento del organismo&#8221;, afirma Marco Antonio.<\/p>\n<p>Desde que el m\u00e9dico y farmac\u00f3logo alem\u00e1n Otto Loewi constat\u00f3 en 1921 que la acetilcolina -el primer neurotransmisor identificado, formado a partir del \u00e1cido ac\u00e9tico y de la colina- actuaba en la comunicaci\u00f3n entre las c\u00e9lulas nerviosas, se intenta descubrir c\u00f3mo y en cu\u00e1les procesos fisiol\u00f3gicos ella act\u00faa. Se sabe, por ejemplo, que la carencia de acetilcolina dificulta el aprendizaje y perjudica la formaci\u00f3n de la memoria, pero no se conocen los detalles. &#8220;Existen indicios de que ella ayude a mantener la concentraci\u00f3n, esencial para el registro de informaciones&#8221;, dice Marco Antonio.<\/p>\n<p><strong>Otros modelos<br \/>\n<\/strong>Fuera del sistema nervioso central, ese neurotransmisor act\u00faa en la comunicaci\u00f3n entre nervios y m\u00fasculos o entre nervios y gl\u00e1ndulas, como las suprarrenales, productoras de la hormona adrenalina. &#8220;Nuestros ratones dom\u00e9sticos&#8221;, dice el investigador de la UFMG, &#8220;podr\u00e1n ser \u00fatiles para\u00a0 probar medicamentos contra la p\u00e9rdida de la memoria vinculada a la reducci\u00f3n de los niveles de acetilcolina y a debilidad caracter\u00edstica de algunas enfermedades\u00a0 musculares (miastenias)&#8221;.<\/p>\n<p>No es la primera vez que se cr\u00edan roedores gen\u00e9ticamente alterados para simular los efectos de la carencia o de la dificultad de aprovechamiento de la acetilcolina -y se usan como modelo biol\u00f3gico del mal de Alzheimer. Hay animales que producen y liberan tasas normales de acetilcolina, pero no consiguen aprovecharla porque les faltan las mol\u00e9culas a las cuales el\u00a0 neurotransmisor se adhiere para accionar las c\u00e9lulas nerviosas. Los ratones criados por V\u00e2nia y Marco Antonio, en alianza con investigadores de la Universidad de Duke, Estados Unidos, son diferentes: producen acetilcolina normalmente, pero no la utilizan de manera adecuada pues su liberaci\u00f3n es menos eficiente que lo necesario.<\/p>\n<p>Marco Antonio apuesta que ese desfase en la liberaci\u00f3n de la acetilcolina est\u00e9 asociado a los efectos del mal de Alzheimer sobre la memoria. &#8220;Algunos investigadores que estudian el mal de Alzheimer se preocupan con la enzima que produce la acetilcolina&#8221;, dice el farmac\u00e9utico de la UFMG, &#8220;pero esa enzima puede existir en cantidad menor y a\u00fan as\u00ed el animal producir tasas normales del neurotransmisor&#8221;. Ya la liberaci\u00f3n reducida de la acetilcolina altera el comportamiento f\u00edsico y mental de los ratones dom\u00e9sticos. Adem\u00e1s de esos animales que liberan acetilcolina m\u00e1s lentamente en el sistema nervioso central y en los otros nervios del cuerpo, la pareja de Minas Gerais ha generado un otro linaje de ratones que manifiesta ese efecto s\u00f3lo en el cerebro.<\/p>\n","protected":false},"excerpt":{"rendered":"Ratones dom\u00e9sticos con alteraci\u00f3n gen\u00e9tica sufren p\u00e9rdida de memoria semejante a la del Alzheimer","protected":false},"author":16,"featured_media":0,"comment_status":"closed","ping_status":"closed","sticky":false,"template":"","format":"standard","meta":{"_acf_changed":false,"_exactmetrics_skip_tracking":false,"_exactmetrics_sitenote_active":false,"_exactmetrics_sitenote_note":"","_exactmetrics_sitenote_category":0,"footnotes":""},"categories":[181],"tags":[],"coauthors":[105],"class_list":["post-80663","post","type-post","status-publish","format-standard","hentry","category-ciencia-es"],"acf":[],"_links":{"self":[{"href":"https:\/\/revistapesquisa.fapesp.br\/es\/wp-json\/wp\/v2\/posts\/80663","targetHints":{"allow":["GET"]}}],"collection":[{"href":"https:\/\/revistapesquisa.fapesp.br\/es\/wp-json\/wp\/v2\/posts"}],"about":[{"href":"https:\/\/revistapesquisa.fapesp.br\/es\/wp-json\/wp\/v2\/types\/post"}],"author":[{"embeddable":true,"href":"https:\/\/revistapesquisa.fapesp.br\/es\/wp-json\/wp\/v2\/users\/16"}],"replies":[{"embeddable":true,"href":"https:\/\/revistapesquisa.fapesp.br\/es\/wp-json\/wp\/v2\/comments?post=80663"}],"version-history":[{"count":0,"href":"https:\/\/revistapesquisa.fapesp.br\/es\/wp-json\/wp\/v2\/posts\/80663\/revisions"}],"wp:attachment":[{"href":"https:\/\/revistapesquisa.fapesp.br\/es\/wp-json\/wp\/v2\/media?parent=80663"}],"wp:term":[{"taxonomy":"category","embeddable":true,"href":"https:\/\/revistapesquisa.fapesp.br\/es\/wp-json\/wp\/v2\/categories?post=80663"},{"taxonomy":"post_tag","embeddable":true,"href":"https:\/\/revistapesquisa.fapesp.br\/es\/wp-json\/wp\/v2\/tags?post=80663"},{"taxonomy":"author","embeddable":true,"href":"https:\/\/revistapesquisa.fapesp.br\/es\/wp-json\/wp\/v2\/coauthors?post=80663"}],"curies":[{"name":"wp","href":"https:\/\/api.w.org\/{rel}","templated":true}]}}