{"id":81318,"date":"2002-02-01T00:00:23","date_gmt":"2002-02-01T02:00:23","guid":{"rendered":"http:\/\/revistapesquisa.fapesp.br\/?p=81318"},"modified":"2013-01-09T20:54:02","modified_gmt":"2013-01-09T22:54:02","slug":"conferencia-de-periodistas-cient%c3%adficos","status":"publish","type":"post","link":"https:\/\/revistapesquisa.fapesp.br\/es\/conferencia-de-periodistas-cient%c3%adficos\/","title":{"rendered":"Conferencia de Periodistas Cient\u00edficos"},"content":{"rendered":"<p>El Comit\u00e9 Internacional de la 3\u00aa Conferencia Mundial de Periodistas Cient\u00edficos, que ser\u00e1 realizada en simult\u00e1neo con el 7\u00ba Congreso Brasile\u00f1o de Periodistas Cient\u00edficos, entre el 24 y el 27 de noviembre, est\u00e1 pr\u00e1cticamente completo. Dicho comit\u00e9 cuenta con representantes de todos los continentes y, seg\u00fan el presidente de la Asociaci\u00f3n Internacional de Escritores de Ciencia, Jim Cornell, los nombres fueron sugeridos por periodistas de los propios pa\u00edses o son periodistas con reconocida representatividad. El evento se realizar\u00e1 en la Universidad del Vale do Para\u00edba (Univap), en S\u00e3o Jos\u00e9 dos Campos, S\u00e3o Paulo.<\/p>\n","protected":false},"excerpt":{"rendered":"Conferencia de Periodistas Cient\u00edficos ","protected":false},"author":6,"featured_media":0,"comment_status":"closed","ping_status":"closed","sticky":false,"template":"","format":"standard","meta":{"_acf_changed":false,"_exactmetrics_skip_tracking":false,"_exactmetrics_sitenote_active":false,"_exactmetrics_sitenote_note":"","_exactmetrics_sitenote_category":0,"footnotes":""},"categories":[184],"tags":[],"coauthors":[93],"class_list":["post-81318","post","type-post","status-publish","format-standard","hentry","category-estrategias-es"],"acf":[],"_links":{"self":[{"href":"https:\/\/revistapesquisa.fapesp.br\/es\/wp-json\/wp\/v2\/posts\/81318","targetHints":{"allow":["GET"]}}],"collection":[{"href":"https:\/\/revistapesquisa.fapesp.br\/es\/wp-json\/wp\/v2\/posts"}],"about":[{"href":"https:\/\/revistapesquisa.fapesp.br\/es\/wp-json\/wp\/v2\/types\/post"}],"author":[{"embeddable":true,"href":"https:\/\/revistapesquisa.fapesp.br\/es\/wp-json\/wp\/v2\/users\/6"}],"replies":[{"embeddable":true,"href":"https:\/\/revistapesquisa.fapesp.br\/es\/wp-json\/wp\/v2\/comments?post=81318"}],"version-history":[{"count":0,"href":"https:\/\/revistapesquisa.fapesp.br\/es\/wp-json\/wp\/v2\/posts\/81318\/revisions"}],"wp:attachment":[{"href":"https:\/\/revistapesquisa.fapesp.br\/es\/wp-json\/wp\/v2\/media?parent=81318"}],"wp:term":[{"taxonomy":"category","embeddable":true,"href":"https:\/\/revistapesquisa.fapesp.br\/es\/wp-json\/wp\/v2\/categories?post=81318"},{"taxonomy":"post_tag","embeddable":true,"href":"https:\/\/revistapesquisa.fapesp.br\/es\/wp-json\/wp\/v2\/tags?post=81318"},{"taxonomy":"author","embeddable":true,"href":"https:\/\/revistapesquisa.fapesp.br\/es\/wp-json\/wp\/v2\/coauthors?post=81318"}],"curies":[{"name":"wp","href":"https:\/\/api.w.org\/{rel}","templated":true}]}}