{"id":82878,"date":"2000-12-01T00:00:54","date_gmt":"2000-12-01T02:00:54","guid":{"rendered":"http:\/\/revistapesquisa.fapesp.br\/?p=82878"},"modified":"2013-01-10T21:02:46","modified_gmt":"2013-01-10T23:02:46","slug":"revistas-3","status":"publish","type":"post","link":"https:\/\/revistapesquisa.fapesp.br\/es\/revistas-3\/","title":{"rendered":"Revistas"},"content":{"rendered":"<p><strong>Cr\u00edtica Marxista<br \/>\n<\/strong><em>2000 &#8211; n\u00famero 11<\/em><\/p>\n<p>La conocida revista resisti\u00f3\u00a0al fin del socialismo a causa de la excelente calidad de sus art\u00edculos, que se proponen entender, con el instrumental marxista, las grandes cuestiones de la historiograf\u00eda y de la teor\u00eda pol\u00edtica modernas. Ese el tema del ensayo de Muniz Ferreira, que diseca las grandes concepciones cl\u00e1sicas de Estado, naci\u00f3n y sociedad civil, formuladas a partir\u00a0de la Revoluci\u00f3n Francesa. Tambi\u00e9n en este n\u00famero: dossier Marxismo y Feminismo, un examen de los estudios\u00a0de g\u00e9nero bajo la \u00f3ptica marxista.<\/p>\n<p>&nbsp;<\/p>\n<p><strong>Investiga\u00e7\u00e3o<br \/>\n<\/strong><em>A\u00f1o 2 &#8211; n\u00famero 3<\/em><\/p>\n<p>En este volumen reciente\u00a0de la Revista Cient\u00edfica\u00a0de la Universidad de Franca, desarrollada por el Pesau (N\u00facleo de Investigaci\u00f3n en Salud, Desarrollo Humano y Calidad de Vida) y apoyada por la <em>Funda\u00e7\u00e3o de Amparo\u00a0<\/em><em>\u00e0 Pesquisa do Estado de S\u00e3o Paulo<\/em> (FAPESP), tenemos los siguientes art\u00edculos: Efectividad de las Placas Interoclusales en el Tratamiento de los Des\u00f3rdenes T\u00e9mporomandibulares, de Renato Uetanabara y Marcelo Oliveira Mazzetto; Gengivitis Ulcerosa Necrosante Aguda (Guna), de Adriana Helena Vinholis y Ana Paula Torres; Conducto Auditivo Estrecho y Sordera Progresiva Tard\u00eda: \u00bfEstenosis o Atresia?, de Joseane Santos.<\/p>\n<p>&nbsp;<\/p>\n<p><strong>A Revista no Brasil<br \/>\n<\/strong><em>Editora Abril 2000<\/em><\/p>\n<p>Una revista sobre revistas, deliciosamente ilustrada. Fruto de dos a\u00f1os de investigaci\u00f3n que movieron a especialistas de varias \u00e1reas, la Revista en Brasil surgi\u00f3 como una forma de festejar los 50 a\u00f1os de la <em>Editora Abril<\/em>, pero acab\u00f3 abarcando\u00a0la historia de los 200 a\u00f1os de historias de las publicaciones en el pa\u00eds. Una epopeya iniciada poco antes de la Independencia y que contin\u00faa, cada vez m\u00e1s fuerte hasta el presente. Seg\u00fan los organizadores,\u00a0la obra retrata, desde el punto de vista de la actuaci\u00f3n de las revistas, \u201cla defensa de nuestra independencia y la b\u00fasqueda de una\u00a0identidad nacional\u201d. Imperdible.<\/p>\n","protected":false},"excerpt":{"rendered":"Revistas publicadas en diciembre de 2000","protected":false},"author":6,"featured_media":0,"comment_status":"open","ping_status":"open","sticky":false,"template":"","format":"standard","meta":{"_acf_changed":false,"_exactmetrics_skip_tracking":false,"_exactmetrics_sitenote_active":false,"_exactmetrics_sitenote_note":"","_exactmetrics_sitenote_category":0,"footnotes":""},"categories":[190],"tags":[],"coauthors":[93],"class_list":["post-82878","post","type-post","status-publish","format-standard","hentry","category-resenas"],"acf":[],"_links":{"self":[{"href":"https:\/\/revistapesquisa.fapesp.br\/es\/wp-json\/wp\/v2\/posts\/82878","targetHints":{"allow":["GET"]}}],"collection":[{"href":"https:\/\/revistapesquisa.fapesp.br\/es\/wp-json\/wp\/v2\/posts"}],"about":[{"href":"https:\/\/revistapesquisa.fapesp.br\/es\/wp-json\/wp\/v2\/types\/post"}],"author":[{"embeddable":true,"href":"https:\/\/revistapesquisa.fapesp.br\/es\/wp-json\/wp\/v2\/users\/6"}],"replies":[{"embeddable":true,"href":"https:\/\/revistapesquisa.fapesp.br\/es\/wp-json\/wp\/v2\/comments?post=82878"}],"version-history":[{"count":0,"href":"https:\/\/revistapesquisa.fapesp.br\/es\/wp-json\/wp\/v2\/posts\/82878\/revisions"}],"wp:attachment":[{"href":"https:\/\/revistapesquisa.fapesp.br\/es\/wp-json\/wp\/v2\/media?parent=82878"}],"wp:term":[{"taxonomy":"category","embeddable":true,"href":"https:\/\/revistapesquisa.fapesp.br\/es\/wp-json\/wp\/v2\/categories?post=82878"},{"taxonomy":"post_tag","embeddable":true,"href":"https:\/\/revistapesquisa.fapesp.br\/es\/wp-json\/wp\/v2\/tags?post=82878"},{"taxonomy":"author","embeddable":true,"href":"https:\/\/revistapesquisa.fapesp.br\/es\/wp-json\/wp\/v2\/coauthors?post=82878"}],"curies":[{"name":"wp","href":"https:\/\/api.w.org\/{rel}","templated":true}]}}