{"id":83367,"date":"2007-05-01T00:00:00","date_gmt":"2007-05-01T00:00:00","guid":{"rendered":"http:\/\/revistapesquisa.fapesp.br\/2007\/05\/01\/presupuesto-consolidado\/"},"modified":"2016-03-01T18:04:10","modified_gmt":"2016-03-01T21:04:10","slug":"presupuesto-consolidado","status":"publish","type":"post","link":"https:\/\/revistapesquisa.fapesp.br\/es\/presupuesto-consolidado\/","title":{"rendered":"Presupuesto consolidado"},"content":{"rendered":"<p>El ministro de la Ciencia y Tecnolog\u00eda, S\u00e9rgio Rezende, elevar\u00e1 al Consejo Nacional de Ciencia y Tecnolog\u00eda en mayo, el plan de trabajo de su cartera para el per\u00edodo 2007-2010. Por primera vez en la historia del MCT hicimos un plan para cuatro a\u00f1os. Esto nunca hab\u00eda ocurrido antes, en funci\u00f3n de las incertidumbres de recursos y de la discontinuidad administrativa, explica el ministro. Ahora la planificaci\u00f3n de los recursos del Fondo Nacional de Desarrollo Cient\u00edfico y Tecnol\u00f3gico (FNDCT) est\u00e1 cumpli\u00e9ndose?. En 2007 el presupuesto del FNDCT corresponder\u00e1 al 70% de los ingresos de los fondos sectoriales, lo que suma 1,4\u00a0 mil millones de reales, ?sin ninguna disputa con el \u00e1rea econ\u00f3mica, subraya. El pr\u00f3ximo a\u00f1o ese porcentaje se elevar\u00e1 a un 80%. En 2010 tendremos un 100% de los recursos de los fondos. Proyectando un crecimiento de un 4% al a\u00f1o, es posible afirmar que entre 2007 y 2010 tendremos 7, 8 mil millones de reales en el FNDCT.<\/p>\n<p>El plan est\u00e1 en fase de finalizaci\u00f3n, pero ya se sabe que tendr\u00e1 cuatro unidades estrat\u00e9gicas: Expansi\u00f3n y Consolidaci\u00f3n del Sistema; Innovaci\u00f3n Tecnol\u00f3gica en Empresas; Investigaci\u00f3n y Desarrollo en las \u00c1reas Estrat\u00e9gicas y Popularizaci\u00f3n de Ciencia y Tecnolog\u00eda. Por cada una de esas unidades estrat\u00e9gicas tendremos grandes l\u00edneas de acci\u00f3n, explica.<\/p>\n<p>Para la expansi\u00f3n del Sistema Nacional de Ciencia y Tecnolog\u00eda el plano prev\u00e9 la reglamentaci\u00f3n del FNDCT por medio del un proyecto de ley enviado al Congreso el d\u00eda 24 de abril. Parte de los recursos de los fondos sectoriales ser\u00e1 desvinculada de la fuente de ingreso para ser utilizada de manera m\u00e1s abarcadora, adelanta el ministro.<\/p>\n<p>El n\u00famero de becas ofrecidas por las agencias de fomento tambi\u00e9n ser\u00e1 ampliado de los actuales 65 mil para 90 mil hasta el 2010. Queremos aumentar la participaci\u00f3n de las \u00e1reas tecnol\u00f3gicas y de los sectores estrat\u00e9gicos, priorizando \u00e1reas como microelectr\u00f3nica, energ\u00eda nuclear y agronegocios, entre otras.<\/p>\n<p>Las cuestiones relacionadas al clima y a los cambios clim\u00e1ticos encabezan la lista de prioridades del MCT. Ya lanzamos la red de investigaci\u00f3n en cambios clim\u00e1ticos. Queremos hacer eso conjuntamente con la FAPESP porque esa red va a estar anclada en el Instituto Nacional de Investigaciones Espaciales (INPE), que est\u00e1 en S\u00e3o Paulo. Estamos discutiendo la formaci\u00f3n de un Centro de investigaci\u00f3n en Cambios Clim\u00e1ticos en el Inpe, que tendr\u00eda la tarea de coordinar una red de universidades que forman recursos humanos para esa \u00e1rea. La expectativa es que esa red trabaje con estos temas: Ciencia del Sistema Terrestre, Energ\u00eda y Zonas Costeras, Agricultura, Biodiversidad, Salud, Pol\u00edticas P\u00fablicas, La Amazonas, Ciudades, Recursos H\u00eddricos, Negociaciones Internacionales y Mecanismo de Desarrollo Limpio, detalla el ministro. Cada uno de los temas ser\u00e1 coordinado por una instituci\u00f3n de investigaci\u00f3n.<\/p>\n<p>Los biocombustibles integran las acciones de P&amp;D en \u00e1reas estrat\u00e9gicas. Ya tenemos redes de investigaci\u00f3n en el \u00e1rea de biodiesel y, en breve, vamos a anunciar otra en el \u00e1rea de etanol. Estamos discutiendo con la FAPESP la creaci\u00f3n de un centro de referencia que ser\u00eda el n\u00facleo y el elemento de coordinaci\u00f3n de esa red. Ser\u00e1 un centro peque\u00f1o, con pocas personas y con alguna investigaci\u00f3n. Vamos a firmar algunos convenios con la FAPESP, de los cuales los m\u00e1s importantes ser\u00e1n los de biocombustible y etanol, y en el \u00e1rea de cambios clim\u00e1ticos.<\/p>\n<p>A\u00fan en las \u00e1reas estrat\u00e9gicas, las acciones de MCT prev\u00e9n la reanudaci\u00f3n del programa nuclear brasile\u00f1o. La intenci\u00f3n, afirma el ministro, es fortalecer institucionalmente la Comisi\u00f3n Nacional de Energ\u00eda Nuclear (CNEN), recomponiendo a sus cuadros; completar la primera fase de la Planta de Enriquecimiento de Uranio de la Industria Nuclear Brasile\u00f1a, en Resende; y reanudar la prospecci\u00f3n de uranio, entre otras medidas. Pretendemos tambi\u00e9n implantar una pol\u00edtica nacional de desechos radioactivos, por medio de la creaci\u00f3n de la Empresa Brasile\u00f1a de Administraci\u00f3n de Desechos, de la construcci\u00f3n de dep\u00f3sitos definitivos para desechos de media y baja actividad y de la construcci\u00f3n del prototipo de dep\u00f3sito final de combustibles usados en los reactores nucleares.<\/p>\n","protected":false},"excerpt":{"rendered":"El Ministerio de C&#038;T ampliar\u00e1 la oferta de becas en \u00e1reas estrat\u00e9gicas","protected":false},"author":127,"featured_media":0,"comment_status":"closed","ping_status":"closed","sticky":false,"template":"","format":"standard","meta":{"_acf_changed":false,"_exactmetrics_skip_tracking":false,"_exactmetrics_sitenote_active":false,"_exactmetrics_sitenote_note":"","_exactmetrics_sitenote_category":0,"footnotes":""},"categories":[189],"tags":[],"coauthors":[437],"class_list":["post-83367","post","type-post","status-publish","format-standard","hentry","category-politica-ct"],"acf":[],"_links":{"self":[{"href":"https:\/\/revistapesquisa.fapesp.br\/es\/wp-json\/wp\/v2\/posts\/83367","targetHints":{"allow":["GET"]}}],"collection":[{"href":"https:\/\/revistapesquisa.fapesp.br\/es\/wp-json\/wp\/v2\/posts"}],"about":[{"href":"https:\/\/revistapesquisa.fapesp.br\/es\/wp-json\/wp\/v2\/types\/post"}],"author":[{"embeddable":true,"href":"https:\/\/revistapesquisa.fapesp.br\/es\/wp-json\/wp\/v2\/users\/127"}],"replies":[{"embeddable":true,"href":"https:\/\/revistapesquisa.fapesp.br\/es\/wp-json\/wp\/v2\/comments?post=83367"}],"version-history":[{"count":0,"href":"https:\/\/revistapesquisa.fapesp.br\/es\/wp-json\/wp\/v2\/posts\/83367\/revisions"}],"wp:attachment":[{"href":"https:\/\/revistapesquisa.fapesp.br\/es\/wp-json\/wp\/v2\/media?parent=83367"}],"wp:term":[{"taxonomy":"category","embeddable":true,"href":"https:\/\/revistapesquisa.fapesp.br\/es\/wp-json\/wp\/v2\/categories?post=83367"},{"taxonomy":"post_tag","embeddable":true,"href":"https:\/\/revistapesquisa.fapesp.br\/es\/wp-json\/wp\/v2\/tags?post=83367"},{"taxonomy":"author","embeddable":true,"href":"https:\/\/revistapesquisa.fapesp.br\/es\/wp-json\/wp\/v2\/coauthors?post=83367"}],"curies":[{"name":"wp","href":"https:\/\/api.w.org\/{rel}","templated":true}]}}