{"id":83388,"date":"2007-06-01T00:00:00","date_gmt":"2007-06-01T00:00:00","guid":{"rendered":"http:\/\/revistapesquisa.fapesp.br\/2007\/06\/01\/paradigma-nacional-2\/"},"modified":"2016-03-01T17:38:55","modified_gmt":"2016-03-01T20:38:55","slug":"paradigma-nacional-2","status":"publish","type":"post","link":"https:\/\/revistapesquisa.fapesp.br\/es\/paradigma-nacional-2\/","title":{"rendered":"Paradigma nacional"},"content":{"rendered":"<p>Suite Vila Rica, de Camargo Guarnieri, y Estancia, de Alberto Ginastera, marcaron la conmemoraci\u00f3n de los 45 a\u00f1os de la FAPESP el d\u00eda 23 de mayo. Las piezas fueron ejecutadas por la Orquesta Sinf\u00f3nica del Estado de S\u00e3o Paulo (Osesp), dirigida por el chileno Victor Hugo Toro, director auxiliar. M\u00e1s de 900 invitados comparecieron al concierto y a la ceremonia en la Sala S\u00e3o Paulo, en el centro de la capital paulista.<\/p>\n<p>Luiz Gonzaga de Mello Belluzzo, profesor del Instituto de Econom\u00eda de la Universidad Estadual de Campinas (Unicamp), hizo el discurso inaugural del evento, representando a la comunidad acad\u00e9mica. Belluzzo destac\u00f3 un aspecto importante de la cultura cient\u00edfica paulista: la tradici\u00f3n de respeto a la ciencia por parte de los gobiernos estaduales.<\/p>\n<p>La cultura del conocimiento se traduce en la estabilidad y en la continuidad del apoyo a la investigaci\u00f3n cient\u00edfica garantizado por la FAPESP a lo largo de los a\u00f1os y que ha sido responsable de tantas conquistas de peso para la ciencia brasile\u00f1a, dijo Belluzzo. A \u00e9l le impresiona de qu\u00e9 manera el estado paulista, por sucesivos gobiernos, siempre respet\u00f3 la transferencia de los recursos y consigui\u00f3 mantener la continuidad de los giros para la investigaci\u00f3n. La FAPESP atestigua la posibilidad de que Brasil tenga una estabilidad duradera.<\/p>\n<p>Carlos Henrique de Brito Cruz, director cient\u00edfico de la Fundaci\u00f3n, afirm\u00f3 que la FAPESP tiene tres pilares: apoyo a la formaci\u00f3n de recursos humanos, financiamiento de la investigaci\u00f3n acad\u00e9mica y apoyo a la investigaci\u00f3n de naturaleza aplicada, de inter\u00e9s de la industria y del gobierno. La Fundaci\u00f3n supo realizar bien esas premisas en esos 45 a\u00f1os?, dijo Brito Cruz. Tanto es as\u00ed que sus estatutos nunca fueron alterados.<\/p>\n<p><strong>Cooperaci\u00f3n<br \/>\n<\/strong>Al ser creada, la FAPESP gener\u00f3 un principio de identidad que dise\u00f1\u00f3 las l\u00edneas de un proceso din\u00e1mico de identificaci\u00f3n entre la comunidad de investigadores y la instituci\u00f3n, afirm\u00f3 a su vez Carlos Vogt, presidente de la FAPESP. Ese proceso inmediatamente se tradujo en una cooperaci\u00f3n intensa de demandas, de ofertas, de colaboraci\u00f3n cr\u00edtica y evaluativa, de producci\u00f3n del conocimiento, de su difusi\u00f3n y divulgaci\u00f3n, dijo. Con eso, se cierra el c\u00edrculo de aberturas program\u00e1ticas de la Fundaci\u00f3n, que va desde las becas hasta la innovaci\u00f3n y desde esta al aumento de la capacidad de inversi\u00f3n en la formaci\u00f3n de competencias y en el desarrollo cient\u00edfico y tecnol\u00f3gico del estado como base de su desarrollo econ\u00f3mico y social.<\/p>\n<p>El secretario de la Cultura, Jo\u00e3o Sayad, representante del gobernador Jos\u00e9 Serra, consider\u00f3 que la creaci\u00f3n de la Fundaci\u00f3n, en 1962, fue una proeza de la sociedad brasile\u00f1a. A veces, dejamos de ver lo que es hecho de bueno en el pa\u00eds y, con eso, nos sorprendemos cuando vemos nuestras propias haza\u00f1as, como la creaci\u00f3n de la FAPESP?, dijo. ?Hoy en d\u00eda, donde quiera que se hable de ciencia y tecnolog\u00eda en S\u00e3o Paulo, se habla de la FAPESP. Para el secretario, la Fundaci\u00f3n se transform\u00f3 en paradigma para Brasil.<\/p>\n","protected":false},"excerpt":{"rendered":"La FAPESP llega a sus 45 a\u00f1os con estabilidad y apoyo a la investigaci\u00f3n","protected":false},"author":127,"featured_media":0,"comment_status":"closed","ping_status":"closed","sticky":false,"template":"","format":"standard","meta":{"_acf_changed":false,"_exactmetrics_skip_tracking":false,"_exactmetrics_sitenote_active":false,"_exactmetrics_sitenote_note":"","_exactmetrics_sitenote_category":0,"footnotes":""},"categories":[189],"tags":[],"coauthors":[437],"class_list":["post-83388","post","type-post","status-publish","format-standard","hentry","category-politica-ct"],"acf":[],"_links":{"self":[{"href":"https:\/\/revistapesquisa.fapesp.br\/es\/wp-json\/wp\/v2\/posts\/83388","targetHints":{"allow":["GET"]}}],"collection":[{"href":"https:\/\/revistapesquisa.fapesp.br\/es\/wp-json\/wp\/v2\/posts"}],"about":[{"href":"https:\/\/revistapesquisa.fapesp.br\/es\/wp-json\/wp\/v2\/types\/post"}],"author":[{"embeddable":true,"href":"https:\/\/revistapesquisa.fapesp.br\/es\/wp-json\/wp\/v2\/users\/127"}],"replies":[{"embeddable":true,"href":"https:\/\/revistapesquisa.fapesp.br\/es\/wp-json\/wp\/v2\/comments?post=83388"}],"version-history":[{"count":0,"href":"https:\/\/revistapesquisa.fapesp.br\/es\/wp-json\/wp\/v2\/posts\/83388\/revisions"}],"wp:attachment":[{"href":"https:\/\/revistapesquisa.fapesp.br\/es\/wp-json\/wp\/v2\/media?parent=83388"}],"wp:term":[{"taxonomy":"category","embeddable":true,"href":"https:\/\/revistapesquisa.fapesp.br\/es\/wp-json\/wp\/v2\/categories?post=83388"},{"taxonomy":"post_tag","embeddable":true,"href":"https:\/\/revistapesquisa.fapesp.br\/es\/wp-json\/wp\/v2\/tags?post=83388"},{"taxonomy":"author","embeddable":true,"href":"https:\/\/revistapesquisa.fapesp.br\/es\/wp-json\/wp\/v2\/coauthors?post=83388"}],"curies":[{"name":"wp","href":"https:\/\/api.w.org\/{rel}","templated":true}]}}